{"id":14373,"date":"2017-01-09T08:48:49","date_gmt":"2017-01-09T07:48:49","guid":{"rendered":"http:\/\/1001voyagesgourmands.com\/?p=14373\/"},"modified":"2020-12-02T12:40:25","modified_gmt":"2020-12-02T11:40:25","slug":"vanocni-brusel","status":"publish","type":"post","link":"https:\/\/1001voyagesgourmands.com\/cs\/vanocni-brusel\/","title":{"rendered":"V\u00e1no\u010dn\u00ed Brusel"},"content":{"rendered":"<p style=\"text-align: justify;\">Tak mi tak p\u0159ijde, \u017ee V\u00e1noce utekly, jen by \u0159ekl \u0161vec. Nev\u00edm jak vy, ale j\u00e1 se p\u0159ed V\u00e1noci skoro nezastavila. A tak zas p\u0159ich\u00e1z\u00edm s k\u0159\u00ed\u017ekem po funuse a cpu sem v lednu n\u011bco v\u00e1no\u010dn\u00edho. Jde sp\u00ed\u0161 o takov\u00e9 ohl\u00e9dnut\u00ed za t\u00edm, jak\u00e1 tu byla v prosinci atmosf\u00e9ra. Pokud v\u00e1s zaj\u00edm\u00e1, jak vypad\u00e1 v\u00e1no\u010dn\u00ed Brusel, \u010dt\u011bte d\u00e1le. A pokud se v\u00e1m to bude l\u00edbit a budete cht\u00edt vyrazit n\u011bkam jinam ne\u017e do V\u00eddn\u011b \u010di do Dr\u00e1\u017e\u010fan, tak si \u010dl\u00e1nek schovejte na p\u0159\u00ed\u0161t\u00ed rok. I kdy\u017e jsme teprve v lednu, ono to zase rychle ute\u010de a za 10 m\u011bs\u00edc\u016f a p\u00e1r dn\u00ed tu m\u00e1me op\u011bt Advent, tak\u017ee vlastn\u011b s t\u00edmhle p\u0159ich\u00e1z\u00edm dost v\u010das, z\u00e1le\u017e\u00ed na \u00fahlu pohledu. \ud83d\ude09&nbsp;<\/p>\n<p style=\"text-align: justify;\">&nbsp;<\/p>\n<h2 style=\"text-align: justify;\">Jak vypad\u00e1 (p\u0159ed)v\u00e1no\u010dn\u00ed Brusel?<\/h2>\n<p><img loading=\"lazy\" decoding=\"async\" class=\"aligncenter size-full wp-image-14424\" src=\"http:\/\/1001voyagesgourmands.com\/wp-content\/uploads\/2017\/01\/Vanocni_brusel-26.jpg\" alt=\"Pokud se v\u00e1m bude cht\u00edt vyrazit na v\u00e1no\u010dn\u00ed trhy jinam ne\u017e do Dr\u00e1\u017e\u010fan \u010di do V\u00eddn\u011b, zkuste t\u0159eba v\u00e1no\u010dn\u00ed Brusel. M\u00edstn\u00ed trhy pat\u0159\u00ed k t\u011bm nejhez\u010d\u00edm v Evrop\u011b.\" width=\"798\" height=\"533\" srcset=\"https:\/\/1001voyagesgourmands.com\/wp-content\/uploads\/2017\/01\/Vanocni_brusel-26.jpg 798w, https:\/\/1001voyagesgourmands.com\/wp-content\/uploads\/2017\/01\/Vanocni_brusel-26-263x175.jpg 263w, https:\/\/1001voyagesgourmands.com\/wp-content\/uploads\/2017\/01\/Vanocni_brusel-26-300x200.jpg 300w, https:\/\/1001voyagesgourmands.com\/wp-content\/uploads\/2017\/01\/Vanocni_brusel-26-768x513.jpg 768w, https:\/\/1001voyagesgourmands.com\/wp-content\/uploads\/2017\/01\/Vanocni_brusel-26-585x391.jpg 585w\" sizes=\"auto, (max-width: 798px) 100vw, 798px\" \/><\/p>\n<p style=\"text-align: justify;\">Je t\u0159eba vz\u00edt na v\u011bdom\u00ed, \u017ee v\u00e1no\u010dn\u00ed zvyky Belgie trochu p\u0159evzala z okoln\u00edch zem\u00ed, ne-li a\u017e za oce\u00e1nem. Cel\u00fd Brusel je kr\u00e1sn\u011b vyzdoben\u00fd sv\u011bt\u00e9lky a \u010dasto se tu objevuje t\u0159eba takov\u00fd Santa a sob na milion zp\u016fsob\u016f. Sn\u00edh tu v\u011bt\u0161inou nen\u00ed a teploty sice na teplom\u011bru vypadaj\u00ed h\u0159ejiv\u011bji ne\u017e v \u010desk\u00fdch kon\u010din\u00e1ch, za to v\u00edtr a vlhkost to tu zava\u0159\u00ed a\u017e a\u017e a ve studen\u00fdch dnech to tu p\u011bkn\u011b zebe. P\u0159esto v\u0161echno tu m\u00e1me v\u00e1no\u010dn\u00ed trhy, kter\u00e9 pat\u0159\u00ed k t\u011bm nejkr\u00e1sn\u011bj\u0161\u00edm v Evrop\u011b.&nbsp;<\/p>\n<p style=\"text-align: justify;\"><img loading=\"lazy\" decoding=\"async\" class=\"aligncenter wp-image-14414\" src=\"http:\/\/1001voyagesgourmands.com\/wp-content\/uploads\/2017\/01\/Vanocni_brusel-21-678x1024.jpg\" alt=\"Pokud se v\u00e1m bude cht\u00edt vyrazit na v\u00e1no\u010dn\u00ed trhy jinam ne\u017e do Dr\u00e1\u017e\u010fan \u010di do V\u00eddn\u011b, zkuste t\u0159eba v\u00e1no\u010dn\u00ed Brusel. M\u00edstn\u00ed trhy pat\u0159\u00ed k t\u011bm nejhez\u010d\u00edm v Evrop\u011b.\" width=\"501\" height=\"757\" srcset=\"https:\/\/1001voyagesgourmands.com\/wp-content\/uploads\/2017\/01\/Vanocni_brusel-21-678x1024.jpg 678w, https:\/\/1001voyagesgourmands.com\/wp-content\/uploads\/2017\/01\/Vanocni_brusel-21-199x300.jpg 199w, https:\/\/1001voyagesgourmands.com\/wp-content\/uploads\/2017\/01\/Vanocni_brusel-21-768x1159.jpg 768w, https:\/\/1001voyagesgourmands.com\/wp-content\/uploads\/2017\/01\/Vanocni_brusel-21-585x883.jpg 585w, https:\/\/1001voyagesgourmands.com\/wp-content\/uploads\/2017\/01\/Vanocni_brusel-21.jpg 795w\" sizes=\"auto, (max-width: 501px) 100vw, 501px\" \/><\/p>\n<p style=\"text-align: justify;\">&nbsp;<\/p>\n<h3 style=\"text-align: justify;\">V\u00e1no\u010dn\u00ed trhy v Bruselu<\/h3>\n<p style=\"text-align: justify;\">Pokud byste v\u00e1no\u010dn\u00ed trhy hledali na slavn\u00e9m bruselsk\u00e9m n\u00e1m\u011bst\u00ed <strong>Grand Place<\/strong>, tak budete trochu zklaman\u00ed. Najdete tu pouze bohat\u011b zdoben\u00fd v\u00e1no\u010dn\u00ed strom a jesle. Leto\u0161n\u00ed 22 metr\u016f vysok\u00fd stromek p\u0159ijel speci\u00e1ln\u00edm konvojem a\u017e ze Slovenska jako takov\u00e1 te\u010dka za slovensk\u00fdm p\u0159edsednictv\u00edm v Rad\u011b EU.<\/p>\n<p style=\"text-align: justify;\"><img loading=\"lazy\" decoding=\"async\" class=\"aligncenter size-full wp-image-14422\" src=\"http:\/\/1001voyagesgourmands.com\/wp-content\/uploads\/2017\/01\/Vanocni_brusel-25.jpg\" alt=\"Pokud se v\u00e1m bude cht\u00edt vyrazit na v\u00e1no\u010dn\u00ed trhy jinam ne\u017e do Dr\u00e1\u017e\u010fan \u010di do V\u00eddn\u011b, zkuste t\u0159eba v\u00e1no\u010dn\u00ed Brusel. M\u00edstn\u00ed trhy pat\u0159\u00ed k t\u011bm nejhez\u010d\u00edm v Evrop\u011b.\" width=\"799\" height=\"533\" srcset=\"https:\/\/1001voyagesgourmands.com\/wp-content\/uploads\/2017\/01\/Vanocni_brusel-25.jpg 799w, https:\/\/1001voyagesgourmands.com\/wp-content\/uploads\/2017\/01\/Vanocni_brusel-25-263x175.jpg 263w, https:\/\/1001voyagesgourmands.com\/wp-content\/uploads\/2017\/01\/Vanocni_brusel-25-300x200.jpg 300w, https:\/\/1001voyagesgourmands.com\/wp-content\/uploads\/2017\/01\/Vanocni_brusel-25-768x512.jpg 768w, https:\/\/1001voyagesgourmands.com\/wp-content\/uploads\/2017\/01\/Vanocni_brusel-25-585x390.jpg 585w\" sizes=\"auto, (max-width: 799px) 100vw, 799px\" \/><\/p>\n<p style=\"text-align: justify;\">Ka\u017ed\u00fd ve\u010der od konce listopadu a\u017e do prvn\u00edho lednov\u00e9ho t\u00fddne tu m\u016f\u017eete shl\u00e9dnout <strong>sound &amp; light show<\/strong>. V minul\u00fdch letech se na akci pod\u00edlel Electrabel &#8211; hr\u00e1ly tu koledy a po radnici jezdil Santa Claus se sobama, jindy zase klasick\u00e1 hudba a radnice jakoby tan\u010dila v barevn\u00fdch sv\u011btlech. Letos se o hudbu postaral belgick\u00fd DJ Felix de Laet, alias Lost Frequencies, kter\u00fd tak Bruselu dal najevo svou sp\u0159\u00edzn\u011bnost.&nbsp;<\/p>\n<p><iframe loading=\"lazy\" title=\"V\u00e1no\u010dn\u00ed Brusel\" width=\"1170\" height=\"658\" src=\"https:\/\/www.youtube.com\/embed\/aKXCg_klbeo?start=18&#038;feature=oembed\" frameborder=\"0\" allow=\"accelerometer; autoplay; clipboard-write; encrypted-media; gyroscope; picture-in-picture\" allowfullscreen><\/iframe><\/p>\n<p style=\"text-align: justify;\">&nbsp;<\/p>\n<p style=\"text-align: justify;\">V\u00e1no\u010dn\u00ed trhy se v Bruselu konaj\u00ed od konce listopadu do 1. ledna a naz\u00fdvaj\u00ed se ofici\u00e1ln\u011b <strong>Plaisirs d\u00b4hiver<\/strong>, \u010dili <em>Zimn\u00ed radov\u00e1nky<\/em>. Ano, \u017eijeme tu v multikulturn\u00ed spole\u010dnosti, tak\u017ee tady ofici\u00e1ln\u011b v<em>\u00e1no\u010dn\u00ed trhy<\/em> a ani <em>v\u00e1no\u010dn\u00ed pr\u00e1zdniny<\/em> neexistuj\u00ed (my ale s kamar\u00e1dy st\u00e1le chod\u00edme na <em>v\u00e1no\u010dn\u00ed trhy<\/em>, to n\u00e1m nikdo nevezme). V roce 2012 to dokonce do\u0161lo tak daleko, \u017ee jsme tu m\u00edsto v\u00e1no\u010dn\u00edho stromu m\u011bli tuhle modern\u00ed hr\u016fzu, kter\u00e1 m\u00e1 dost daleko k jak\u00e9koliv n\u00e1bo\u017eensk\u00e9 symbolice:<\/p>\n<p><img loading=\"lazy\" decoding=\"async\" class=\"aligncenter wp-image-14376\" src=\"http:\/\/1001voyagesgourmands.com\/wp-content\/uploads\/2017\/01\/Vanocni_brusel-1.jpg\" alt=\"Pokud se v\u00e1m bude cht\u00edt vyrazit na v\u00e1no\u010dn\u00ed trhy jinam ne\u017e do Dr\u00e1\u017e\u010fan \u010di do V\u00eddn\u011b, zkuste t\u0159eba v\u00e1no\u010dn\u00ed Brusel. M\u00edstn\u00ed trhy pat\u0159\u00ed k t\u011bm nejhez\u010d\u00edm v Evrop\u011b.\" width=\"822\" height=\"587\" srcset=\"https:\/\/1001voyagesgourmands.com\/wp-content\/uploads\/2017\/01\/Vanocni_brusel-1.jpg 746w, https:\/\/1001voyagesgourmands.com\/wp-content\/uploads\/2017\/01\/Vanocni_brusel-1-300x214.jpg 300w, https:\/\/1001voyagesgourmands.com\/wp-content\/uploads\/2017\/01\/Vanocni_brusel-1-585x418.jpg 585w\" sizes=\"auto, (max-width: 822px) 100vw, 822px\" \/><\/p>\n<p><img loading=\"lazy\" decoding=\"async\" class=\"aligncenter wp-image-14378\" src=\"http:\/\/1001voyagesgourmands.com\/wp-content\/uploads\/2017\/01\/Vanocni_brusel-2.jpg\" alt=\"Pokud se v\u00e1m bude cht\u00edt vyrazit na v\u00e1no\u010dn\u00ed trhy jinam ne\u017e do Dr\u00e1\u017e\u010fan \u010di do V\u00eddn\u011b, zkuste t\u0159eba v\u00e1no\u010dn\u00ed Brusel. M\u00edstn\u00ed trhy pat\u0159\u00ed k t\u011bm nejhez\u010d\u00edm v Evrop\u011b.\" width=\"795\" height=\"568\" srcset=\"https:\/\/1001voyagesgourmands.com\/wp-content\/uploads\/2017\/01\/Vanocni_brusel-2.jpg 746w, https:\/\/1001voyagesgourmands.com\/wp-content\/uploads\/2017\/01\/Vanocni_brusel-2-300x214.jpg 300w, https:\/\/1001voyagesgourmands.com\/wp-content\/uploads\/2017\/01\/Vanocni_brusel-2-585x418.jpg 585w\" sizes=\"auto, (max-width: 795px) 100vw, 795px\" \/><\/p>\n<p>&nbsp;<\/p>\n<p style=\"text-align: justify;\">No a te\u010f u\u017e tedy &nbsp;opravdu k t\u011bm trh\u016fm. \ud83d\ude42 Najdete je p\u0159ibli\u017en\u011b 5-10 minut p\u011b\u0161ky od Grand Place &#8211; jeden men\u0161\u00ed se rozprost\u00edr\u00e1 kolem <strong>Bourse<\/strong>&nbsp;&#8211; maj\u00ed tu jak n\u011bco k sn\u011bdku, tak i n\u011bjak\u00e9 ty \u0159emesln\u00e9 v\u00fdrobky. Nov\u00e1 kontroverzn\u00ed p\u011b\u0161\u00ed z\u00f3na na De Brouckere je tak\u00e9 barevn\u011b vyzdoben\u00e1 a je mo\u017en\u00e9, \u017ee pokud vydr\u017e\u00ed, trhy se v budoucnu p\u0159esunou \u010d\u00e1ste\u010dn\u011b i sem.<\/p>\n<p style=\"text-align: justify;\"><img loading=\"lazy\" decoding=\"async\" class=\"aligncenter size-full wp-image-14384\" src=\"http:\/\/1001voyagesgourmands.com\/wp-content\/uploads\/2017\/01\/Vanocni_brusel-5.jpg\" alt=\"Pokud se v\u00e1m bude cht\u00edt vyrazit na v\u00e1no\u010dn\u00ed trhy jinam ne\u017e do Dr\u00e1\u017e\u010fan \u010di do V\u00eddn\u011b, zkuste t\u0159eba v\u00e1no\u010dn\u00ed Brusel. M\u00edstn\u00ed trhy pat\u0159\u00ed k t\u011bm nejhez\u010d\u00edm v Evrop\u011b.\" width=\"800\" height=\"530\" srcset=\"https:\/\/1001voyagesgourmands.com\/wp-content\/uploads\/2017\/01\/Vanocni_brusel-5.jpg 800w, https:\/\/1001voyagesgourmands.com\/wp-content\/uploads\/2017\/01\/Vanocni_brusel-5-263x175.jpg 263w, https:\/\/1001voyagesgourmands.com\/wp-content\/uploads\/2017\/01\/Vanocni_brusel-5-300x199.jpg 300w, https:\/\/1001voyagesgourmands.com\/wp-content\/uploads\/2017\/01\/Vanocni_brusel-5-768x509.jpg 768w, https:\/\/1001voyagesgourmands.com\/wp-content\/uploads\/2017\/01\/Vanocni_brusel-5-780x516.jpg 780w, https:\/\/1001voyagesgourmands.com\/wp-content\/uploads\/2017\/01\/Vanocni_brusel-5-585x388.jpg 585w\" sizes=\"auto, (max-width: 800px) 100vw, 800px\" \/><\/p>\n<p style=\"text-align: justify;\"><img loading=\"lazy\" decoding=\"async\" class=\"aligncenter size-full wp-image-14386\" src=\"http:\/\/1001voyagesgourmands.com\/wp-content\/uploads\/2017\/01\/Vanocni_brusel-6.jpg\" alt=\"Pokud se v\u00e1m bude cht\u00edt vyrazit na v\u00e1no\u010dn\u00ed trhy jinam ne\u017e do Dr\u00e1\u017e\u010fan \u010di do V\u00eddn\u011b, zkuste t\u0159eba v\u00e1no\u010dn\u00ed Brusel. M\u00edstn\u00ed trhy pat\u0159\u00ed k t\u011bm nejhez\u010d\u00edm v Evrop\u011b.\" width=\"800\" height=\"530\" srcset=\"https:\/\/1001voyagesgourmands.com\/wp-content\/uploads\/2017\/01\/Vanocni_brusel-6.jpg 800w, https:\/\/1001voyagesgourmands.com\/wp-content\/uploads\/2017\/01\/Vanocni_brusel-6-263x175.jpg 263w, https:\/\/1001voyagesgourmands.com\/wp-content\/uploads\/2017\/01\/Vanocni_brusel-6-300x199.jpg 300w, https:\/\/1001voyagesgourmands.com\/wp-content\/uploads\/2017\/01\/Vanocni_brusel-6-768x509.jpg 768w, https:\/\/1001voyagesgourmands.com\/wp-content\/uploads\/2017\/01\/Vanocni_brusel-6-780x516.jpg 780w, https:\/\/1001voyagesgourmands.com\/wp-content\/uploads\/2017\/01\/Vanocni_brusel-6-585x388.jpg 585w\" sizes=\"auto, (max-width: 800px) 100vw, 800px\" \/><\/p>\n<p style=\"text-align: justify;\"><img loading=\"lazy\" decoding=\"async\" class=\"aligncenter size-full wp-image-14382\" src=\"http:\/\/1001voyagesgourmands.com\/wp-content\/uploads\/2017\/01\/Vanocni_brusel-4.jpg\" alt=\"Pokud se v\u00e1m bude cht\u00edt vyrazit na v\u00e1no\u010dn\u00ed trhy jinam ne\u017e do Dr\u00e1\u017e\u010fan \u010di do V\u00eddn\u011b, zkuste t\u0159eba v\u00e1no\u010dn\u00ed Brusel. M\u00edstn\u00ed trhy pat\u0159\u00ed k t\u011bm nejhez\u010d\u00edm v Evrop\u011b.\" width=\"800\" height=\"530\" srcset=\"https:\/\/1001voyagesgourmands.com\/wp-content\/uploads\/2017\/01\/Vanocni_brusel-4.jpg 800w, https:\/\/1001voyagesgourmands.com\/wp-content\/uploads\/2017\/01\/Vanocni_brusel-4-263x175.jpg 263w, https:\/\/1001voyagesgourmands.com\/wp-content\/uploads\/2017\/01\/Vanocni_brusel-4-300x199.jpg 300w, https:\/\/1001voyagesgourmands.com\/wp-content\/uploads\/2017\/01\/Vanocni_brusel-4-768x509.jpg 768w, https:\/\/1001voyagesgourmands.com\/wp-content\/uploads\/2017\/01\/Vanocni_brusel-4-780x516.jpg 780w, https:\/\/1001voyagesgourmands.com\/wp-content\/uploads\/2017\/01\/Vanocni_brusel-4-585x388.jpg 585w\" sizes=\"auto, (max-width: 800px) 100vw, 800px\" \/><\/p>\n<p style=\"text-align: justify;\">&nbsp;<\/p>\n<p style=\"text-align: justify;\">Hlavn\u00ed bruselsk\u00fd v\u00e1no\u010dn\u00ed trh pak najdete na <strong>Place St. Catherine<\/strong>. Dv\u011b uli\u010dky pota\u017een\u00e9 \u010derven\u00fdm kobercem jsou na st\u0159\u00edda\u010dku lemov\u00e1ny st\u00e1nky s j\u00eddlem a d\u00e1rkov\u00fdmi p\u0159edm\u011bty. Zavedou v\u00e1s rovnou k rusk\u00e9mu kolu, odkud se v\u00e1m naskytne panoramatick\u00fd pohled na m\u011bsto. Pokud m\u00e1te r\u00e1di tyhle vyhl\u00eddky, doporu\u010duju pr\u00e1v\u011b o V\u00e1noc\u00edch, to je toti\u017e Brusel nejhez\u010d\u00ed, ono jinak to bruselsk\u00e9 panorama m\u016f\u017ee trochu zklamat. \ud83d\ude09<\/p>\n<p style=\"text-align: justify;\"><img loading=\"lazy\" decoding=\"async\" class=\"aligncenter size-full wp-image-14400\" src=\"http:\/\/1001voyagesgourmands.com\/wp-content\/uploads\/2017\/01\/Vanocni_brusel-14.jpg\" alt=\"Pokud se v\u00e1m bude cht\u00edt vyrazit na v\u00e1no\u010dn\u00ed trhy jinam ne\u017e do Dr\u00e1\u017e\u010fan \u010di do V\u00eddn\u011b, zkuste t\u0159eba v\u00e1no\u010dn\u00ed Brusel. M\u00edstn\u00ed trhy pat\u0159\u00ed k t\u011bm nejhez\u010d\u00edm v Evrop\u011b.\" width=\"800\" height=\"530\" srcset=\"https:\/\/1001voyagesgourmands.com\/wp-content\/uploads\/2017\/01\/Vanocni_brusel-14.jpg 800w, https:\/\/1001voyagesgourmands.com\/wp-content\/uploads\/2017\/01\/Vanocni_brusel-14-263x175.jpg 263w, https:\/\/1001voyagesgourmands.com\/wp-content\/uploads\/2017\/01\/Vanocni_brusel-14-300x199.jpg 300w, https:\/\/1001voyagesgourmands.com\/wp-content\/uploads\/2017\/01\/Vanocni_brusel-14-768x509.jpg 768w, https:\/\/1001voyagesgourmands.com\/wp-content\/uploads\/2017\/01\/Vanocni_brusel-14-780x516.jpg 780w, https:\/\/1001voyagesgourmands.com\/wp-content\/uploads\/2017\/01\/Vanocni_brusel-14-585x388.jpg 585w\" sizes=\"auto, (max-width: 800px) 100vw, 800px\" \/><\/p>\n<p style=\"text-align: justify;\"><img loading=\"lazy\" decoding=\"async\" class=\"aligncenter size-full wp-image-14402\" src=\"http:\/\/1001voyagesgourmands.com\/wp-content\/uploads\/2017\/01\/Vanocni_brusel-15.jpg\" alt=\"Pokud se v\u00e1m bude cht\u00edt vyrazit na v\u00e1no\u010dn\u00ed trhy jinam ne\u017e do Dr\u00e1\u017e\u010fan \u010di do V\u00eddn\u011b, zkuste t\u0159eba v\u00e1no\u010dn\u00ed Brusel. M\u00edstn\u00ed trhy pat\u0159\u00ed k t\u011bm nejhez\u010d\u00edm v Evrop\u011b.\" width=\"800\" height=\"530\" srcset=\"https:\/\/1001voyagesgourmands.com\/wp-content\/uploads\/2017\/01\/Vanocni_brusel-15.jpg 800w, https:\/\/1001voyagesgourmands.com\/wp-content\/uploads\/2017\/01\/Vanocni_brusel-15-263x175.jpg 263w, https:\/\/1001voyagesgourmands.com\/wp-content\/uploads\/2017\/01\/Vanocni_brusel-15-300x199.jpg 300w, https:\/\/1001voyagesgourmands.com\/wp-content\/uploads\/2017\/01\/Vanocni_brusel-15-768x509.jpg 768w, https:\/\/1001voyagesgourmands.com\/wp-content\/uploads\/2017\/01\/Vanocni_brusel-15-780x516.jpg 780w, https:\/\/1001voyagesgourmands.com\/wp-content\/uploads\/2017\/01\/Vanocni_brusel-15-585x388.jpg 585w\" sizes=\"auto, (max-width: 800px) 100vw, 800px\" \/><\/p>\n<p style=\"text-align: justify;\"><img loading=\"lazy\" decoding=\"async\" class=\"aligncenter size-full wp-image-14408\" src=\"http:\/\/1001voyagesgourmands.com\/wp-content\/uploads\/2017\/01\/Vanocni_brusel-18.jpg\" alt=\"Pokud se v\u00e1m bude cht\u00edt vyrazit na v\u00e1no\u010dn\u00ed trhy jinam ne\u017e do Dr\u00e1\u017e\u010fan \u010di do V\u00eddn\u011b, zkuste t\u0159eba v\u00e1no\u010dn\u00ed Brusel. M\u00edstn\u00ed trhy pat\u0159\u00ed k t\u011bm nejhez\u010d\u00edm v Evrop\u011b.\" width=\"800\" height=\"530\" srcset=\"https:\/\/1001voyagesgourmands.com\/wp-content\/uploads\/2017\/01\/Vanocni_brusel-18.jpg 800w, https:\/\/1001voyagesgourmands.com\/wp-content\/uploads\/2017\/01\/Vanocni_brusel-18-263x175.jpg 263w, https:\/\/1001voyagesgourmands.com\/wp-content\/uploads\/2017\/01\/Vanocni_brusel-18-300x199.jpg 300w, https:\/\/1001voyagesgourmands.com\/wp-content\/uploads\/2017\/01\/Vanocni_brusel-18-768x509.jpg 768w, https:\/\/1001voyagesgourmands.com\/wp-content\/uploads\/2017\/01\/Vanocni_brusel-18-780x516.jpg 780w, https:\/\/1001voyagesgourmands.com\/wp-content\/uploads\/2017\/01\/Vanocni_brusel-18-585x388.jpg 585w\" sizes=\"auto, (max-width: 800px) 100vw, 800px\" \/><\/p>\n<p style=\"text-align: justify;\"><img loading=\"lazy\" decoding=\"async\" class=\"aligncenter size-full wp-image-14432\" src=\"http:\/\/1001voyagesgourmands.com\/wp-content\/uploads\/2017\/01\/Vanocni_brusel-29.jpg\" alt=\"Pokud se v\u00e1m bude cht\u00edt vyrazit na v\u00e1no\u010dn\u00ed trhy jinam ne\u017e do Dr\u00e1\u017e\u010fan \u010di do V\u00eddn\u011b, zkuste t\u0159eba v\u00e1no\u010dn\u00ed Brusel. M\u00edstn\u00ed trhy pat\u0159\u00ed k t\u011bm nejhez\u010d\u00edm v Evrop\u011b.\" width=\"800\" height=\"530\" srcset=\"https:\/\/1001voyagesgourmands.com\/wp-content\/uploads\/2017\/01\/Vanocni_brusel-29.jpg 800w, https:\/\/1001voyagesgourmands.com\/wp-content\/uploads\/2017\/01\/Vanocni_brusel-29-263x175.jpg 263w, https:\/\/1001voyagesgourmands.com\/wp-content\/uploads\/2017\/01\/Vanocni_brusel-29-300x199.jpg 300w, https:\/\/1001voyagesgourmands.com\/wp-content\/uploads\/2017\/01\/Vanocni_brusel-29-768x509.jpg 768w, https:\/\/1001voyagesgourmands.com\/wp-content\/uploads\/2017\/01\/Vanocni_brusel-29-780x516.jpg 780w, https:\/\/1001voyagesgourmands.com\/wp-content\/uploads\/2017\/01\/Vanocni_brusel-29-585x388.jpg 585w\" sizes=\"auto, (max-width: 800px) 100vw, 800px\" \/><\/p>\n<p style=\"text-align: justify;\">&nbsp;<\/p>\n<h3 style=\"text-align: justify;\">Z\u00e1bava<\/h3>\n<p style=\"text-align: justify;\">Pokud jdete na Place St. Catherine s p\u0159\u00e1teli \u010di kolegy, jist\u011b v\u00e1m neunikne <strong>pivn\u00ed chr\u00e1m<\/strong> od Leffe \u010di <strong>bar se \u0161ampa\u0148sk\u00fdm<\/strong>. Pokud sem m\u00ed\u0159\u00edte s d\u011btmi, posa\u010fte je na <strong>houpa\u010dky<\/strong> \u010di na <strong>poh\u00e1dkov\u00fd koloto\u010d<\/strong>, nebo je po\u0161lete na 15-minutovou stra\u0161idelnou, le\u010d vzd\u011bl\u00e1vac\u00ed n\u00e1v\u0161t\u011bvu do <strong>45-metrov\u00e9ho dinosaura (Ice Monster)<\/strong> a dejte si zat\u00edm drink. Na horn\u00ed fotce vid\u00edte ten v\u00fdhled z rusk\u00e9ho kola, a m\u016f\u017eete si tak\u00e9 v\u0161imnout&nbsp;<strong>kluzi\u0161t\u011b<\/strong>, kter\u00e9 tu v minulosti st\u00e1valo (tahle fotka je z roku 2014), to ov\u0161em posledn\u00edch p\u00e1r let stoj\u00ed na nedalek\u00e9m n\u00e1m\u011bst\u00ed&nbsp;<strong>Place de la Monnaie<\/strong>.&nbsp;Za mal\u00fd poplatek si tu m\u016f\u017eete zabruslit a p\u016fj\u010d\u00ed v\u00e1m tu i brusle.&nbsp;<\/p>\n<p style=\"text-align: justify;\"><img loading=\"lazy\" decoding=\"async\" class=\"aligncenter size-full wp-image-14404\" src=\"http:\/\/1001voyagesgourmands.com\/wp-content\/uploads\/2017\/01\/Vanocni_brusel-16.jpg\" alt=\"Pokud se v\u00e1m bude cht\u00edt vyrazit na v\u00e1no\u010dn\u00ed trhy jinam ne\u017e do Dr\u00e1\u017e\u010fan \u010di do V\u00eddn\u011b, zkuste t\u0159eba v\u00e1no\u010dn\u00ed Brusel. M\u00edstn\u00ed trhy pat\u0159\u00ed k t\u011bm nejhez\u010d\u00edm v Evrop\u011b.\" width=\"800\" height=\"530\" srcset=\"https:\/\/1001voyagesgourmands.com\/wp-content\/uploads\/2017\/01\/Vanocni_brusel-16.jpg 800w, https:\/\/1001voyagesgourmands.com\/wp-content\/uploads\/2017\/01\/Vanocni_brusel-16-263x175.jpg 263w, https:\/\/1001voyagesgourmands.com\/wp-content\/uploads\/2017\/01\/Vanocni_brusel-16-300x199.jpg 300w, https:\/\/1001voyagesgourmands.com\/wp-content\/uploads\/2017\/01\/Vanocni_brusel-16-768x509.jpg 768w, https:\/\/1001voyagesgourmands.com\/wp-content\/uploads\/2017\/01\/Vanocni_brusel-16-780x516.jpg 780w, https:\/\/1001voyagesgourmands.com\/wp-content\/uploads\/2017\/01\/Vanocni_brusel-16-585x388.jpg 585w\" sizes=\"auto, (max-width: 800px) 100vw, 800px\" \/><\/p>\n<p style=\"text-align: justify;\"><img loading=\"lazy\" decoding=\"async\" class=\"aligncenter size-full wp-image-14410\" src=\"http:\/\/1001voyagesgourmands.com\/wp-content\/uploads\/2017\/01\/Vanocni_brusel-19.jpg\" alt=\"Pokud se v\u00e1m bude cht\u00edt vyrazit na v\u00e1no\u010dn\u00ed trhy jinam ne\u017e do Dr\u00e1\u017e\u010fan \u010di do V\u00eddn\u011b, zkuste t\u0159eba v\u00e1no\u010dn\u00ed Brusel. M\u00edstn\u00ed trhy pat\u0159\u00ed k t\u011bm nejhez\u010d\u00edm v Evrop\u011b.\" width=\"800\" height=\"530\" srcset=\"https:\/\/1001voyagesgourmands.com\/wp-content\/uploads\/2017\/01\/Vanocni_brusel-19.jpg 800w, https:\/\/1001voyagesgourmands.com\/wp-content\/uploads\/2017\/01\/Vanocni_brusel-19-263x175.jpg 263w, https:\/\/1001voyagesgourmands.com\/wp-content\/uploads\/2017\/01\/Vanocni_brusel-19-300x199.jpg 300w, https:\/\/1001voyagesgourmands.com\/wp-content\/uploads\/2017\/01\/Vanocni_brusel-19-768x509.jpg 768w, https:\/\/1001voyagesgourmands.com\/wp-content\/uploads\/2017\/01\/Vanocni_brusel-19-780x516.jpg 780w, https:\/\/1001voyagesgourmands.com\/wp-content\/uploads\/2017\/01\/Vanocni_brusel-19-585x388.jpg 585w\" sizes=\"auto, (max-width: 800px) 100vw, 800px\" \/><\/p>\n<p style=\"text-align: justify;\">&nbsp;<\/p>\n<h3 style=\"text-align: justify;\">J\u00eddlo<\/h3>\n<p style=\"text-align: justify;\">Hlavn\u00ed d\u016fvod, pro\u010d Brusel\u010dan\u00e9 chod\u00ed na zdej\u0161\u00ed trhy nejsou \u0159emelsn\u00e9 v\u00fdrobky ani v\u00e1no\u010dn\u00ed \u0161arm. Je to<strong> j\u00eddlo<\/strong>! V\u017edycky se sem jdeme jen naj\u00edst. \ud83d\ude42 Najdete tu toti\u017e mix tradi\u010dn\u00edch st\u00e1nkov\u00fdch j\u00eddel, kter\u00e1 jsou v Belgii popul\u00e1rn\u00ed, le\u010d \u010dasto p\u0159evzat\u00e1 z okoln\u00edch zem\u00ed jako Francie, N\u011bmecko, \u0160v\u00fdcarsko, ale i vzd\u00e1len\u011bj\u0161\u00ed \u0160pan\u011blsko. Typick\u00e9 pochoutky ve v\u00e1no\u010dn\u00edm Bruselu jsou krom\u011b hranolk\u016f p\u0159edev\u0161\u00edm <strong>tartiflette<\/strong>, <strong>klob\u00e1sy<\/strong> a <strong>raclette<\/strong>, ze sladk\u00e9ho pak<strong> pala\u010dinky<\/strong> a <strong>vafle<\/strong>. Jsou tu ale i st\u00e1nky zastupuj\u00edc\u00ed Ji\u017en\u00ed Ameriku &#8211; jako nap\u0159\u00edklad moji obl\u00edben\u00ed Argentinci, kte\u0159\u00ed tu prod\u00e1vaj\u00ed Yerba Mat\u00e9 a dulce de leche, dom\u00e1c\u00ed empanadas a alfajores, nebo Brazilci, kte\u0159\u00ed tu v barevn\u00e9m hippie minibusu m\u00edchaj\u00ed koktejly. Hodn\u011b se tu pije nejen sva\u0159en\u00e9 v\u00edno (vin chaud), ale tak\u00e9 hork\u00e1 \u010dokol\u00e1da (to by nebyla Belgie), \u0161ampa\u0148sk\u00e9 a cava, pivo a belgick\u00e9 lik\u00e9ry. Sant\u00e9! \ud83d\ude42<\/p>\n<p style=\"text-align: justify;\"><img loading=\"lazy\" decoding=\"async\" class=\"aligncenter size-full wp-image-14416\" src=\"http:\/\/1001voyagesgourmands.com\/wp-content\/uploads\/2017\/01\/Vanocni_brusel-22.jpg\" alt=\"Pokud se v\u00e1m bude cht\u00edt vyrazit na v\u00e1no\u010dn\u00ed trhy jinam ne\u017e do Dr\u00e1\u017e\u010fan \u010di do V\u00eddn\u011b, zkuste t\u0159eba v\u00e1no\u010dn\u00ed Brusel. M\u00edstn\u00ed trhy pat\u0159\u00ed k t\u011bm nejhez\u010d\u00edm v Evrop\u011b.\" width=\"800\" height=\"530\" srcset=\"https:\/\/1001voyagesgourmands.com\/wp-content\/uploads\/2017\/01\/Vanocni_brusel-22.jpg 800w, https:\/\/1001voyagesgourmands.com\/wp-content\/uploads\/2017\/01\/Vanocni_brusel-22-263x175.jpg 263w, https:\/\/1001voyagesgourmands.com\/wp-content\/uploads\/2017\/01\/Vanocni_brusel-22-300x199.jpg 300w, https:\/\/1001voyagesgourmands.com\/wp-content\/uploads\/2017\/01\/Vanocni_brusel-22-768x509.jpg 768w, https:\/\/1001voyagesgourmands.com\/wp-content\/uploads\/2017\/01\/Vanocni_brusel-22-780x516.jpg 780w, https:\/\/1001voyagesgourmands.com\/wp-content\/uploads\/2017\/01\/Vanocni_brusel-22-585x388.jpg 585w\" sizes=\"auto, (max-width: 800px) 100vw, 800px\" \/><\/p>\n<p style=\"text-align: justify;\"><img loading=\"lazy\" decoding=\"async\" class=\"aligncenter size-full wp-image-14418\" src=\"http:\/\/1001voyagesgourmands.com\/wp-content\/uploads\/2017\/01\/Vanocni_brusel-23.jpg\" alt=\"Pokud se v\u00e1m bude cht\u00edt vyrazit na v\u00e1no\u010dn\u00ed trhy jinam ne\u017e do Dr\u00e1\u017e\u010fan \u010di do V\u00eddn\u011b, zkuste t\u0159eba v\u00e1no\u010dn\u00ed Brusel. M\u00edstn\u00ed trhy pat\u0159\u00ed k t\u011bm nejhez\u010d\u00edm v Evrop\u011b.\" width=\"800\" height=\"530\" srcset=\"https:\/\/1001voyagesgourmands.com\/wp-content\/uploads\/2017\/01\/Vanocni_brusel-23.jpg 800w, https:\/\/1001voyagesgourmands.com\/wp-content\/uploads\/2017\/01\/Vanocni_brusel-23-263x175.jpg 263w, https:\/\/1001voyagesgourmands.com\/wp-content\/uploads\/2017\/01\/Vanocni_brusel-23-300x199.jpg 300w, https:\/\/1001voyagesgourmands.com\/wp-content\/uploads\/2017\/01\/Vanocni_brusel-23-768x509.jpg 768w, https:\/\/1001voyagesgourmands.com\/wp-content\/uploads\/2017\/01\/Vanocni_brusel-23-780x516.jpg 780w, https:\/\/1001voyagesgourmands.com\/wp-content\/uploads\/2017\/01\/Vanocni_brusel-23-585x388.jpg 585w\" sizes=\"auto, (max-width: 800px) 100vw, 800px\" \/><\/p>\n<p style=\"text-align: justify;\"><img loading=\"lazy\" decoding=\"async\" class=\"aligncenter size-full wp-image-14412\" src=\"http:\/\/1001voyagesgourmands.com\/wp-content\/uploads\/2017\/01\/Vanocni_brusel-20.jpg\" alt=\"Pokud se v\u00e1m bude cht\u00edt vyrazit na v\u00e1no\u010dn\u00ed trhy jinam ne\u017e do Dr\u00e1\u017e\u010fan \u010di do V\u00eddn\u011b, zkuste t\u0159eba v\u00e1no\u010dn\u00ed Brusel. M\u00edstn\u00ed trhy pat\u0159\u00ed k t\u011bm nejhez\u010d\u00edm v Evrop\u011b.\" width=\"800\" height=\"530\" srcset=\"https:\/\/1001voyagesgourmands.com\/wp-content\/uploads\/2017\/01\/Vanocni_brusel-20.jpg 800w, https:\/\/1001voyagesgourmands.com\/wp-content\/uploads\/2017\/01\/Vanocni_brusel-20-263x175.jpg 263w, https:\/\/1001voyagesgourmands.com\/wp-content\/uploads\/2017\/01\/Vanocni_brusel-20-300x199.jpg 300w, https:\/\/1001voyagesgourmands.com\/wp-content\/uploads\/2017\/01\/Vanocni_brusel-20-768x509.jpg 768w, https:\/\/1001voyagesgourmands.com\/wp-content\/uploads\/2017\/01\/Vanocni_brusel-20-780x516.jpg 780w, https:\/\/1001voyagesgourmands.com\/wp-content\/uploads\/2017\/01\/Vanocni_brusel-20-585x388.jpg 585w\" sizes=\"auto, (max-width: 800px) 100vw, 800px\" \/><\/p>\n<p style=\"text-align: justify;\">&nbsp;<\/p>\n<h3 style=\"text-align: justify;\">V\u00edce informac\u00ed<\/h3>\n<p style=\"text-align: justify;\">Pokud jsem v\u00e1s navnadila a cht\u011bli byste se sem n\u011bkdy pod\u00edvat na V\u00e1noce, <strong><a href=\"https:\/\/visit.brussels\/en\/sites\/winterwonders\" target=\"_blank\" rel=\"noopener noreferrer\">tady m\u00e1te link<\/a><\/strong> na aktu\u00e1ln\u00ed informace o v\u00e1no\u010dn\u00edch trz\u00edch v Bruselu (p\u0159esn\u00e9 datum kon\u00e1n\u00ed, pl\u00e1nek atd.). A jestli m\u00e1te n\u011bjakou ot\u00e1zku nebo pot\u0159ebujete poradit, klidn\u011b napi\u0161te. Pokud se v\u00e1m \u010dl\u00e1nek l\u00edbil, nezapome\u0148te ho sd\u00edlet na soci\u00e1ln\u00edch s\u00edt\u00edch, nebo si ho p\u0159ipn\u011bte na Pinterest pro pozd\u011bj\u0161\u00ed vyu\u017eit\u00ed. \ud83d\ude09<\/p>\n<p style=\"text-align: justify;\"><img loading=\"lazy\" decoding=\"async\" class=\"aligncenter wp-image-14493\" src=\"http:\/\/1001voyagesgourmands.com\/wp-content\/uploads\/2017\/01\/Vanocni_brusel-PIN-683x1024.jpg\" alt=\"Pokud se v\u00e1m bude cht\u00edt vyrazit na v\u00e1no\u010dn\u00ed trhy jinam ne\u017e do Dr\u00e1\u017e\u010fan \u010di do V\u00eddn\u011b, zkuste t\u0159eba v\u00e1no\u010dn\u00ed Brusel. M\u00edstn\u00ed trhy pat\u0159\u00ed k t\u011bm nejhez\u010d\u00edm v Evrop\u011b.\" width=\"500\" height=\"750\" srcset=\"https:\/\/1001voyagesgourmands.com\/wp-content\/uploads\/2017\/01\/Vanocni_brusel-PIN-683x1024.jpg 683w, https:\/\/1001voyagesgourmands.com\/wp-content\/uploads\/2017\/01\/Vanocni_brusel-PIN-200x300.jpg 200w, https:\/\/1001voyagesgourmands.com\/wp-content\/uploads\/2017\/01\/Vanocni_brusel-PIN-585x877.jpg 585w, https:\/\/1001voyagesgourmands.com\/wp-content\/uploads\/2017\/01\/Vanocni_brusel-PIN.jpg 735w\" sizes=\"auto, (max-width: 500px) 100vw, 500px\" \/><\/p>\n<p style=\"text-align: justify;\">Byli jste na V\u00e1noce i jinde v Belgii? Jak\u00e9 m\u011bsto se v\u00e1m l\u00edbilo?<\/p>\n","protected":false},"excerpt":{"rendered":"<p>Tak mi tak p\u0159ijde, \u017ee V\u00e1noce utekly, jen by \u0159ekl \u0161vec. Nev\u00edm jak vy, ale j\u00e1 se p\u0159ed V\u00e1noci skoro nezastavila. A tak zas p\u0159ich\u00e1z\u00edm s k\u0159\u00ed\u017ekem po funuse a cpu sem v lednu n\u011bco v\u00e1no\u010dn\u00edho. Jde sp\u00ed\u0161 o takov\u00e9 ohl\u00e9dnut\u00ed za t\u00edm, jak\u00e1 tu byla v prosinci atmosf\u00e9ra. Pokud&hellip;<\/p>\n","protected":false},"author":1,"featured_media":14424,"comment_status":"open","ping_status":"open","sticky":false,"template":"","format":"standard","meta":{"_exactmetrics_skip_tracking":false,"_exactmetrics_sitenote_active":false,"_exactmetrics_sitenote_note":"","_exactmetrics_sitenote_category":0,"_lmt_disableupdate":"","_lmt_disable":"","footnotes":""},"categories":[362,527,4],"tags":[30,493,257,328,396],"class_list":["post-14373","post","type-post","status-publish","format-standard","has-post-thumbnail","hentry","category-belgie","category-brusel","category-cestovani","tag-brusel","tag-vanoce","tag-vikendove-vylety","tag-vylety-do-mesta","tag-zivot-v-belgii"],"yoast_head":"<!-- This site is optimized with the Yoast SEO plugin v26.1.1 - https:\/\/yoast.com\/wordpress\/plugins\/seo\/ -->\n<title>V\u00e1no\u010dn\u00ed Brusel - 1001 Voyages Gourmands<\/title>\n<meta name=\"description\" content=\"Pokud se v\u00e1m bude cht\u00edt vyrazit na v\u00e1no\u010dn\u00ed trhy jinam ne\u017e do Dr\u00e1\u017e\u010fan \u010di do V\u00eddn\u011b, zkuste t\u0159eba v\u00e1no\u010dn\u00ed Brusel. M\u00edstn\u00ed trhy pat\u0159\u00ed k t\u011bm nejhez\u010d\u00edm v Evrop\u011b.\" \/>\n<meta name=\"robots\" content=\"index, follow, max-snippet:-1, max-image-preview:large, max-video-preview:-1\" \/>\n<link rel=\"canonical\" href=\"https:\/\/1001voyagesgourmands.com\/cs\/vanocni-brusel\/\" \/>\n<meta property=\"og:locale\" content=\"cs_CZ\" \/>\n<meta property=\"og:type\" content=\"article\" \/>\n<meta property=\"og:title\" content=\"V\u00e1no\u010dn\u00ed Brusel - 1001 Voyages Gourmands\" \/>\n<meta property=\"og:description\" content=\"Pokud se v\u00e1m bude cht\u00edt vyrazit na v\u00e1no\u010dn\u00ed trhy jinam ne\u017e do Dr\u00e1\u017e\u010fan \u010di do V\u00eddn\u011b, zkuste t\u0159eba v\u00e1no\u010dn\u00ed Brusel. M\u00edstn\u00ed trhy pat\u0159\u00ed k t\u011bm nejhez\u010d\u00edm v Evrop\u011b.\" \/>\n<meta property=\"og:url\" content=\"https:\/\/1001voyagesgourmands.com\/cs\/vanocni-brusel\/\" \/>\n<meta property=\"og:site_name\" content=\"1001 Voyages Gourmands\" \/>\n<meta property=\"article:publisher\" content=\"https:\/\/www.facebook.com\/1001voyagesgourmands\" \/>\n<meta property=\"article:published_time\" content=\"2017-01-09T07:48:49+00:00\" \/>\n<meta property=\"article:modified_time\" content=\"2020-12-02T11:40:25+00:00\" \/>\n<meta property=\"og:image\" content=\"https:\/\/1001voyagesgourmands.com\/wp-content\/uploads\/2017\/01\/Vanocni_brusel-26.jpg\" \/>\n\t<meta property=\"og:image:width\" content=\"798\" \/>\n\t<meta property=\"og:image:height\" content=\"533\" \/>\n\t<meta property=\"og:image:type\" content=\"image\/jpeg\" \/>\n<meta name=\"author\" content=\"Michaela\" \/>\n<meta name=\"twitter:card\" content=\"summary_large_image\" \/>\n<meta name=\"twitter:creator\" content=\"@michaela_1001vg\" \/>\n<meta name=\"twitter:site\" content=\"@michaela_1001vg\" \/>\n<meta name=\"twitter:label1\" content=\"Napsal(a)\" \/>\n\t<meta name=\"twitter:data1\" content=\"Michaela\" \/>\n\t<meta name=\"twitter:label2\" content=\"Odhadovan\u00e1 doba \u010dten\u00ed\" \/>\n\t<meta name=\"twitter:data2\" content=\"6 minut\" \/>\n<script type=\"application\/ld+json\" class=\"yoast-schema-graph\">{\"@context\":\"https:\/\/schema.org\",\"@graph\":[{\"@type\":\"WebPage\",\"@id\":\"https:\/\/1001voyagesgourmands.com\/cs\/vanocni-brusel\/\",\"url\":\"https:\/\/1001voyagesgourmands.com\/cs\/vanocni-brusel\/\",\"name\":\"V\u00e1no\u010dn\u00ed Brusel - 1001 Voyages Gourmands\",\"isPartOf\":{\"@id\":\"https:\/\/1001voyagesgourmands.com\/cs\/#website\"},\"primaryImageOfPage\":{\"@id\":\"https:\/\/1001voyagesgourmands.com\/cs\/vanocni-brusel\/#primaryimage\"},\"image\":{\"@id\":\"https:\/\/1001voyagesgourmands.com\/cs\/vanocni-brusel\/#primaryimage\"},\"thumbnailUrl\":\"https:\/\/1001voyagesgourmands.com\/wp-content\/uploads\/2017\/01\/Vanocni_brusel-26.jpg\",\"datePublished\":\"2017-01-09T07:48:49+00:00\",\"dateModified\":\"2020-12-02T11:40:25+00:00\",\"author\":{\"@id\":\"https:\/\/1001voyagesgourmands.com\/cs\/#\/schema\/person\/62e0e7238fcf7482b23bf83e1b72ff1b\"},\"description\":\"Pokud se v\u00e1m bude cht\u00edt vyrazit na v\u00e1no\u010dn\u00ed trhy jinam ne\u017e do Dr\u00e1\u017e\u010fan \u010di do V\u00eddn\u011b, zkuste t\u0159eba v\u00e1no\u010dn\u00ed Brusel. M\u00edstn\u00ed trhy pat\u0159\u00ed k t\u011bm nejhez\u010d\u00edm v Evrop\u011b.\",\"breadcrumb\":{\"@id\":\"https:\/\/1001voyagesgourmands.com\/cs\/vanocni-brusel\/#breadcrumb\"},\"inLanguage\":\"cs\",\"potentialAction\":[{\"@type\":\"ReadAction\",\"target\":[\"https:\/\/1001voyagesgourmands.com\/cs\/vanocni-brusel\/\"]}]},{\"@type\":\"ImageObject\",\"inLanguage\":\"cs\",\"@id\":\"https:\/\/1001voyagesgourmands.com\/cs\/vanocni-brusel\/#primaryimage\",\"url\":\"https:\/\/1001voyagesgourmands.com\/wp-content\/uploads\/2017\/01\/Vanocni_brusel-26.jpg\",\"contentUrl\":\"https:\/\/1001voyagesgourmands.com\/wp-content\/uploads\/2017\/01\/Vanocni_brusel-26.jpg\",\"width\":798,\"height\":533,\"caption\":\"Pokud se v\u00e1m bude cht\u00edt vyrazit na v\u00e1no\u010dn\u00ed trhy jinam ne\u017e do Dr\u00e1\u017e\u010fan \u010di do V\u00eddn\u011b, zkuste t\u0159eba v\u00e1no\u010dn\u00ed Brusel. M\u00edstn\u00ed trhy pat\u0159\u00ed k t\u011bm nejhez\u010d\u00edm v Evrop\u011b.\"},{\"@type\":\"BreadcrumbList\",\"@id\":\"https:\/\/1001voyagesgourmands.com\/cs\/vanocni-brusel\/#breadcrumb\",\"itemListElement\":[{\"@type\":\"ListItem\",\"position\":1,\"name\":\"Dom\u016f\",\"item\":\"https:\/\/1001voyagesgourmands.com\/cs\/\"},{\"@type\":\"ListItem\",\"position\":2,\"name\":\"V\u00e1no\u010dn\u00ed Brusel\"}]},{\"@type\":\"WebSite\",\"@id\":\"https:\/\/1001voyagesgourmands.com\/cs\/#website\",\"url\":\"https:\/\/1001voyagesgourmands.com\/cs\/\",\"name\":\"1001 Voyages Gourmands\",\"description\":\"Food | Travel | Photography\",\"potentialAction\":[{\"@type\":\"SearchAction\",\"target\":{\"@type\":\"EntryPoint\",\"urlTemplate\":\"https:\/\/1001voyagesgourmands.com\/cs\/?s={search_term_string}\"},\"query-input\":{\"@type\":\"PropertyValueSpecification\",\"valueRequired\":true,\"valueName\":\"search_term_string\"}}],\"inLanguage\":\"cs\"},{\"@type\":\"Person\",\"@id\":\"https:\/\/1001voyagesgourmands.com\/cs\/#\/schema\/person\/62e0e7238fcf7482b23bf83e1b72ff1b\",\"name\":\"Michaela\",\"image\":{\"@type\":\"ImageObject\",\"inLanguage\":\"cs\",\"@id\":\"https:\/\/1001voyagesgourmands.com\/cs\/#\/schema\/person\/image\/\",\"url\":\"https:\/\/secure.gravatar.com\/avatar\/73fa562a5b0ce269ca480f67de504b8ecac054a121d170e226f1b79e02024cb8?s=96&d=mm&r=g\",\"contentUrl\":\"https:\/\/secure.gravatar.com\/avatar\/73fa562a5b0ce269ca480f67de504b8ecac054a121d170e226f1b79e02024cb8?s=96&d=mm&r=g\",\"caption\":\"Michaela\"},\"sameAs\":[\"http:\/\/1001voyagesgourmands.com\"]}]}<\/script>\n<!-- \/ Yoast SEO plugin. -->","yoast_head_json":{"title":"V\u00e1no\u010dn\u00ed Brusel - 1001 Voyages Gourmands","description":"Pokud se v\u00e1m bude cht\u00edt vyrazit na v\u00e1no\u010dn\u00ed trhy jinam ne\u017e do Dr\u00e1\u017e\u010fan \u010di do V\u00eddn\u011b, zkuste t\u0159eba v\u00e1no\u010dn\u00ed Brusel. M\u00edstn\u00ed trhy pat\u0159\u00ed k t\u011bm nejhez\u010d\u00edm v Evrop\u011b.","robots":{"index":"index","follow":"follow","max-snippet":"max-snippet:-1","max-image-preview":"max-image-preview:large","max-video-preview":"max-video-preview:-1"},"canonical":"https:\/\/1001voyagesgourmands.com\/cs\/vanocni-brusel\/","og_locale":"cs_CZ","og_type":"article","og_title":"V\u00e1no\u010dn\u00ed Brusel - 1001 Voyages Gourmands","og_description":"Pokud se v\u00e1m bude cht\u00edt vyrazit na v\u00e1no\u010dn\u00ed trhy jinam ne\u017e do Dr\u00e1\u017e\u010fan \u010di do V\u00eddn\u011b, zkuste t\u0159eba v\u00e1no\u010dn\u00ed Brusel. M\u00edstn\u00ed trhy pat\u0159\u00ed k t\u011bm nejhez\u010d\u00edm v Evrop\u011b.","og_url":"https:\/\/1001voyagesgourmands.com\/cs\/vanocni-brusel\/","og_site_name":"1001 Voyages Gourmands","article_publisher":"https:\/\/www.facebook.com\/1001voyagesgourmands","article_published_time":"2017-01-09T07:48:49+00:00","article_modified_time":"2020-12-02T11:40:25+00:00","og_image":[{"width":798,"height":533,"url":"https:\/\/1001voyagesgourmands.com\/wp-content\/uploads\/2017\/01\/Vanocni_brusel-26.jpg","type":"image\/jpeg"}],"author":"Michaela","twitter_card":"summary_large_image","twitter_creator":"@michaela_1001vg","twitter_site":"@michaela_1001vg","twitter_misc":{"Napsal(a)":"Michaela","Odhadovan\u00e1 doba \u010dten\u00ed":"6 minut"},"schema":{"@context":"https:\/\/schema.org","@graph":[{"@type":"WebPage","@id":"https:\/\/1001voyagesgourmands.com\/cs\/vanocni-brusel\/","url":"https:\/\/1001voyagesgourmands.com\/cs\/vanocni-brusel\/","name":"V\u00e1no\u010dn\u00ed Brusel - 1001 Voyages Gourmands","isPartOf":{"@id":"https:\/\/1001voyagesgourmands.com\/cs\/#website"},"primaryImageOfPage":{"@id":"https:\/\/1001voyagesgourmands.com\/cs\/vanocni-brusel\/#primaryimage"},"image":{"@id":"https:\/\/1001voyagesgourmands.com\/cs\/vanocni-brusel\/#primaryimage"},"thumbnailUrl":"https:\/\/1001voyagesgourmands.com\/wp-content\/uploads\/2017\/01\/Vanocni_brusel-26.jpg","datePublished":"2017-01-09T07:48:49+00:00","dateModified":"2020-12-02T11:40:25+00:00","author":{"@id":"https:\/\/1001voyagesgourmands.com\/cs\/#\/schema\/person\/62e0e7238fcf7482b23bf83e1b72ff1b"},"description":"Pokud se v\u00e1m bude cht\u00edt vyrazit na v\u00e1no\u010dn\u00ed trhy jinam ne\u017e do Dr\u00e1\u017e\u010fan \u010di do V\u00eddn\u011b, zkuste t\u0159eba v\u00e1no\u010dn\u00ed Brusel. M\u00edstn\u00ed trhy pat\u0159\u00ed k t\u011bm nejhez\u010d\u00edm v Evrop\u011b.","breadcrumb":{"@id":"https:\/\/1001voyagesgourmands.com\/cs\/vanocni-brusel\/#breadcrumb"},"inLanguage":"cs","potentialAction":[{"@type":"ReadAction","target":["https:\/\/1001voyagesgourmands.com\/cs\/vanocni-brusel\/"]}]},{"@type":"ImageObject","inLanguage":"cs","@id":"https:\/\/1001voyagesgourmands.com\/cs\/vanocni-brusel\/#primaryimage","url":"https:\/\/1001voyagesgourmands.com\/wp-content\/uploads\/2017\/01\/Vanocni_brusel-26.jpg","contentUrl":"https:\/\/1001voyagesgourmands.com\/wp-content\/uploads\/2017\/01\/Vanocni_brusel-26.jpg","width":798,"height":533,"caption":"Pokud se v\u00e1m bude cht\u00edt vyrazit na v\u00e1no\u010dn\u00ed trhy jinam ne\u017e do Dr\u00e1\u017e\u010fan \u010di do V\u00eddn\u011b, zkuste t\u0159eba v\u00e1no\u010dn\u00ed Brusel. M\u00edstn\u00ed trhy pat\u0159\u00ed k t\u011bm nejhez\u010d\u00edm v Evrop\u011b."},{"@type":"BreadcrumbList","@id":"https:\/\/1001voyagesgourmands.com\/cs\/vanocni-brusel\/#breadcrumb","itemListElement":[{"@type":"ListItem","position":1,"name":"Dom\u016f","item":"https:\/\/1001voyagesgourmands.com\/cs\/"},{"@type":"ListItem","position":2,"name":"V\u00e1no\u010dn\u00ed Brusel"}]},{"@type":"WebSite","@id":"https:\/\/1001voyagesgourmands.com\/cs\/#website","url":"https:\/\/1001voyagesgourmands.com\/cs\/","name":"1001 Voyages Gourmands","description":"Food | Travel | Photography","potentialAction":[{"@type":"SearchAction","target":{"@type":"EntryPoint","urlTemplate":"https:\/\/1001voyagesgourmands.com\/cs\/?s={search_term_string}"},"query-input":{"@type":"PropertyValueSpecification","valueRequired":true,"valueName":"search_term_string"}}],"inLanguage":"cs"},{"@type":"Person","@id":"https:\/\/1001voyagesgourmands.com\/cs\/#\/schema\/person\/62e0e7238fcf7482b23bf83e1b72ff1b","name":"Michaela","image":{"@type":"ImageObject","inLanguage":"cs","@id":"https:\/\/1001voyagesgourmands.com\/cs\/#\/schema\/person\/image\/","url":"https:\/\/secure.gravatar.com\/avatar\/73fa562a5b0ce269ca480f67de504b8ecac054a121d170e226f1b79e02024cb8?s=96&d=mm&r=g","contentUrl":"https:\/\/secure.gravatar.com\/avatar\/73fa562a5b0ce269ca480f67de504b8ecac054a121d170e226f1b79e02024cb8?s=96&d=mm&r=g","caption":"Michaela"},"sameAs":["http:\/\/1001voyagesgourmands.com"]}]}},"_links":{"self":[{"href":"https:\/\/1001voyagesgourmands.com\/cs\/wp-json\/wp\/v2\/posts\/14373","targetHints":{"allow":["GET"]}}],"collection":[{"href":"https:\/\/1001voyagesgourmands.com\/cs\/wp-json\/wp\/v2\/posts"}],"about":[{"href":"https:\/\/1001voyagesgourmands.com\/cs\/wp-json\/wp\/v2\/types\/post"}],"author":[{"embeddable":true,"href":"https:\/\/1001voyagesgourmands.com\/cs\/wp-json\/wp\/v2\/users\/1"}],"replies":[{"embeddable":true,"href":"https:\/\/1001voyagesgourmands.com\/cs\/wp-json\/wp\/v2\/comments?post=14373"}],"version-history":[{"count":2,"href":"https:\/\/1001voyagesgourmands.com\/cs\/wp-json\/wp\/v2\/posts\/14373\/revisions"}],"predecessor-version":[{"id":28175,"href":"https:\/\/1001voyagesgourmands.com\/cs\/wp-json\/wp\/v2\/posts\/14373\/revisions\/28175"}],"wp:featuredmedia":[{"embeddable":true,"href":"https:\/\/1001voyagesgourmands.com\/cs\/wp-json\/wp\/v2\/media\/14424"}],"wp:attachment":[{"href":"https:\/\/1001voyagesgourmands.com\/cs\/wp-json\/wp\/v2\/media?parent=14373"}],"wp:term":[{"taxonomy":"category","embeddable":true,"href":"https:\/\/1001voyagesgourmands.com\/cs\/wp-json\/wp\/v2\/categories?post=14373"},{"taxonomy":"post_tag","embeddable":true,"href":"https:\/\/1001voyagesgourmands.com\/cs\/wp-json\/wp\/v2\/tags?post=14373"}],"curies":[{"name":"wp","href":"https:\/\/api.w.org\/{rel}","templated":true}]}}