{"id":14283,"date":"2017-12-12T22:02:04","date_gmt":"2017-12-12T21:02:04","guid":{"rendered":"http:\/\/1001voyagesgourmands.com\/?p=14283\/"},"modified":"2017-12-12T22:02:04","modified_gmt":"2017-12-12T21:02:04","slug":"vanocni-monschau","status":"publish","type":"post","link":"https:\/\/1001voyagesgourmands.com\/cs\/vanocni-monschau\/","title":{"rendered":"V\u00e1no\u010dn\u00ed Monschau"},"content":{"rendered":"<p style=\"text-align: justify;\">Dnes m\u00e1m pro v\u00e1s dal\u0161\u00ed tip na v\u00fdlet z Bruselu, a sice \u010dl\u00e1nek, kter\u00fd mi v konceptech le\u017e\u00ed u\u017e skoro rok! Monschau je jedno z nejkr\u00e1sn\u011bj\u0161\u00edch m\u011bst v N\u011bmecku, kter\u00e9 najdete nedaleko C\u00e1ch v Severn\u00edm Por\u00fdn\u00ed-Vesftf\u00e1lsku, hned za hranic\u00ed s Belgi\u00ed. M\u016f\u017eete se tu jen tak proch\u00e1zet dl\u00e1\u017ed\u011bn\u00fdmi uli\u010dkami a kochat se hr\u00e1zd\u011bn\u00fdmi domy, vydat se na hrad ty\u010d\u00edc\u00ed se nad m\u011bstem \u010di do okoln\u00edch les\u016f, nakupovat v mal\u00fdch obch\u016fdk\u00e1ch s \u0159emesln\u00fdmi v\u00fdrobky, a pak si t\u0159eba d\u00e1t kafe a n\u011bco na zub ve m\u011bst\u011b. Pokud mo\u017eno si v\u00fdlet napl\u00e1nujte p\u0159ed V\u00e1noci, proto\u017ee b\u011bhem Adventu se toti\u017e ji\u017e tak pitoreskn\u00ed Monschau m\u011bn\u00ed na poh\u00e1dkov\u00e9 m\u00edsto.&nbsp;V\u00e1no\u010dn\u00ed Monschau pat\u0159\u00ed k tomu nejhez\u010d\u00edmu, co jsem kdy v N\u011bmecku vid\u011bla!&nbsp;<\/p>\n<p><img loading=\"lazy\" decoding=\"async\" class=\"aligncenter size-full wp-image-18971\" src=\"http:\/\/1001voyagesgourmands.com\/wp-content\/uploads\/2017\/12\/Monschau-1.jpg\" alt=\"Jedno z nejkr\u00e1sn\u011bj\u0161\u00edch m\u011bst N\u011bmecka najdete hned u hranic s Belgi\u00ed, kter\u00e9 se b\u011bhem Adventu m\u011bn\u00ed na poh\u00e1dkov\u00e9 m\u00edsto. Jak vypad\u00e1 v\u00e1no\u010dn\u00ed Monschau?\" width=\"1000\" height=\"707\" srcset=\"https:\/\/1001voyagesgourmands.com\/wp-content\/uploads\/2017\/12\/Monschau-1.jpg 1000w, https:\/\/1001voyagesgourmands.com\/wp-content\/uploads\/2017\/12\/Monschau-1-300x212.jpg 300w, https:\/\/1001voyagesgourmands.com\/wp-content\/uploads\/2017\/12\/Monschau-1-768x543.jpg 768w, https:\/\/1001voyagesgourmands.com\/wp-content\/uploads\/2017\/12\/Monschau-1-585x414.jpg 585w\" sizes=\"auto, (max-width: 1000px) 100vw, 1000px\" \/><\/p>\n<p>&nbsp;<\/p>\n<h2>V\u00e1no\u010dn\u00ed Monschau<\/h2>\n<p style=\"text-align: justify;\">T\u00e9m\u011b\u0159 v\u017edy jsme byly s holkama v Monschau na podzim \u010di brzy na ja\u0159e, ale loni jsme se sem s m\u00fdm drah\u00fdm vydali b\u011bhem t\u0159et\u00edho adventn\u00edho v\u00edkendu, kdy se tu ka\u017ed\u00fd v\u00edkend konaj\u00ed v\u00e1no\u010dn\u00ed trhy. V\u00e1no\u010dn\u00ed Monschau je rozhodn\u011b jedno z nejromanti\u010dt\u011bj\u0161\u00edch m\u00edst v cel\u00e9m N\u011bmecku \u2013 v\u0161e je tu n\u00e1dhern\u011b vyzdoben\u00e9 a zdej\u0161\u00ed v\u00e1no\u010dn\u00ed atmosf\u00e9ra v\u00e1s zaru\u010den\u011b nalad\u00ed na tu v\u00e1no\u010dn\u00ed notu. A i p\u0159esto, \u017ee sem ka\u017ed\u00fd adventn\u00ed v\u00edkend m\u00ed\u0159\u00ed davy lid\u00ed ze sousedn\u00edch m\u011bst a zem\u00ed, nen\u00ed tu zde zdaleka tak zalidn\u011bno jako na trz\u00edch ve v\u011bt\u0161\u00edch n\u011bmeck\u00fdch m\u011bstech.&nbsp;<\/p>\n<p style=\"text-align: justify;\">Trhy jsou tu dva, jeden na hlavn\u00edm n\u00e1m\u011bst\u00ed Markt \u2013 tam najdete strom a p\u00e1r st\u00e1nk\u016f s d\u00e1rkov\u00fdmi p\u0159edm\u011bty, ale i n\u011bco m\u00e1lo k sn\u011bdku a pit\u00ed \u2013 a druh\u00fd pak na Holzmarktu \u2013 ten je sp\u00ed\u0161e v\u011bnovan\u00fd j\u00eddlu a pit\u00ed. Najdete tu takov\u00e9 to typick\u00e9 n\u011bmeck\u00e9 j\u00eddlo na trz\u00edch jako klob\u00e1sy, brambor\u00e1\u010dky s jable\u010dnou p\u011bnou, m\u011bkounk\u00e9 precl\u00edky a gluhwein. Na ty brambor\u00e1\u010dky se v\u017edy t\u011bst\u00edm cel\u00fd rok, pak si je d\u00e1m a sotva je doj\u00edm &#8211; jsou toti\u017e stra\u0161n\u011b mastn\u00fd!&nbsp;<\/p>\n<p style=\"text-align: justify;\">Krom\u011b trh\u016f tu najdete na hlavn\u00edm n\u00e1m\u011bst\u00ed tak\u00e9 <a href=\"http:\/\/www.weihnachtshaus-monschau.de\/\" target=\"_blank\" rel=\"noopener\">Weihnachtshaus<\/a>, kde v\u00e1s \u010dekaj\u00ed 3 patra s kr\u00e1sn\u00fdmi v\u00e1no\u010dn\u00edmi ozdobami a dekoracemi!&nbsp;K tomu v\u0161emu jsou ulice Monschau pln\u00e9 mal\u00fdch obch\u016fdk\u016f s dekora\u010dn\u00edmi p\u0159edm\u011bty, kav\u00e1ren a restaurac\u00ed. Najdete tu i nem\u00e1lo pek\u00e1ren, kter\u00e9 v\u00e1b\u00ed z\u00e1kazn\u00edky v\u016fn\u00ed pern\u00ed\u010dk\u016f, v\u00e1no\u010dn\u00edch \u0161tol a dal\u0161\u00edch dobrot. Nev\u00edm jak vy, ale j\u00e1 odsud nikdy nep\u0159ijela dom\u016f s pr\u00e1zdnou, jednou n\u011bjak\u00e9 dekora\u010dn\u00ed tal\u00ed\u0159e na sv\u00ed\u010dky, pak v\u00e1no\u010dn\u00ed ozdobi\u010dky na strome\u010dek, lik\u00e9r, a samoz\u0159ejm\u011b n\u011bjak\u00e9 ty pern\u00ed\u010dky k \u010daji nebo s\u00fdrov\u00e9 pe\u010divo. \ud83d\ude09<\/p>\n<p><img loading=\"lazy\" decoding=\"async\" class=\"aligncenter size-full wp-image-18979\" src=\"http:\/\/1001voyagesgourmands.com\/wp-content\/uploads\/2017\/12\/Monschau-5.jpg\" alt=\"Jedno z nejkr\u00e1sn\u011bj\u0161\u00edch m\u011bst N\u011bmecka najdete hned u hranic s Belgi\u00ed, kter\u00e9 se b\u011bhem Adventu m\u011bn\u00ed na poh\u00e1dkov\u00e9 m\u00edsto. Jak vypad\u00e1 v\u00e1no\u010dn\u00ed Monschau?\" width=\"1000\" height=\"667\" srcset=\"https:\/\/1001voyagesgourmands.com\/wp-content\/uploads\/2017\/12\/Monschau-5.jpg 1000w, https:\/\/1001voyagesgourmands.com\/wp-content\/uploads\/2017\/12\/Monschau-5-263x175.jpg 263w, https:\/\/1001voyagesgourmands.com\/wp-content\/uploads\/2017\/12\/Monschau-5-300x200.jpg 300w, https:\/\/1001voyagesgourmands.com\/wp-content\/uploads\/2017\/12\/Monschau-5-768x512.jpg 768w, https:\/\/1001voyagesgourmands.com\/wp-content\/uploads\/2017\/12\/Monschau-5-585x390.jpg 585w\" sizes=\"auto, (max-width: 1000px) 100vw, 1000px\" \/><\/p>\n<p><img loading=\"lazy\" decoding=\"async\" class=\"aligncenter wp-image-18983\" src=\"http:\/\/1001voyagesgourmands.com\/wp-content\/uploads\/2017\/12\/Monschau-7-683x1024.jpg\" alt=\"Jedno z nejkr\u00e1sn\u011bj\u0161\u00edch m\u011bst N\u011bmecka najdete hned u hranic s Belgi\u00ed, kter\u00e9 se b\u011bhem Adventu m\u011bn\u00ed na poh\u00e1dkov\u00e9 m\u00edsto. Jak vypad\u00e1 v\u00e1no\u010dn\u00ed Monschau?\" width=\"861\" height=\"1291\" srcset=\"https:\/\/1001voyagesgourmands.com\/wp-content\/uploads\/2017\/12\/Monschau-7-683x1024.jpg 683w, https:\/\/1001voyagesgourmands.com\/wp-content\/uploads\/2017\/12\/Monschau-7-200x300.jpg 200w, https:\/\/1001voyagesgourmands.com\/wp-content\/uploads\/2017\/12\/Monschau-7-768x1152.jpg 768w, https:\/\/1001voyagesgourmands.com\/wp-content\/uploads\/2017\/12\/Monschau-7-585x878.jpg 585w, https:\/\/1001voyagesgourmands.com\/wp-content\/uploads\/2017\/12\/Monschau-7.jpg 1000w\" sizes=\"auto, (max-width: 861px) 100vw, 861px\" \/><\/p>\n<p><img loading=\"lazy\" decoding=\"async\" class=\"aligncenter size-full wp-image-18985\" src=\"http:\/\/1001voyagesgourmands.com\/wp-content\/uploads\/2017\/12\/Monschau-8.jpg\" alt=\"Jedno z nejkr\u00e1sn\u011bj\u0161\u00edch m\u011bst N\u011bmecka najdete hned u hranic s Belgi\u00ed, kter\u00e9 se b\u011bhem Adventu m\u011bn\u00ed na poh\u00e1dkov\u00e9 m\u00edsto. Jak vypad\u00e1 v\u00e1no\u010dn\u00ed Monschau?\" width=\"1000\" height=\"667\" srcset=\"https:\/\/1001voyagesgourmands.com\/wp-content\/uploads\/2017\/12\/Monschau-8.jpg 1000w, https:\/\/1001voyagesgourmands.com\/wp-content\/uploads\/2017\/12\/Monschau-8-263x175.jpg 263w, https:\/\/1001voyagesgourmands.com\/wp-content\/uploads\/2017\/12\/Monschau-8-300x200.jpg 300w, https:\/\/1001voyagesgourmands.com\/wp-content\/uploads\/2017\/12\/Monschau-8-768x512.jpg 768w, https:\/\/1001voyagesgourmands.com\/wp-content\/uploads\/2017\/12\/Monschau-8-585x390.jpg 585w\" sizes=\"auto, (max-width: 1000px) 100vw, 1000px\" \/><\/p>\n<p><img loading=\"lazy\" decoding=\"async\" class=\"aligncenter size-full wp-image-18973\" src=\"http:\/\/1001voyagesgourmands.com\/wp-content\/uploads\/2017\/12\/Monschau-2.jpg\" alt=\"Jedno z nejkr\u00e1sn\u011bj\u0161\u00edch m\u011bst N\u011bmecka najdete hned u hranic s Belgi\u00ed, kter\u00e9 se b\u011bhem Adventu m\u011bn\u00ed na poh\u00e1dkov\u00e9 m\u00edsto. Jak vypad\u00e1 v\u00e1no\u010dn\u00ed Monschau?\" width=\"1000\" height=\"707\" srcset=\"https:\/\/1001voyagesgourmands.com\/wp-content\/uploads\/2017\/12\/Monschau-2.jpg 1000w, https:\/\/1001voyagesgourmands.com\/wp-content\/uploads\/2017\/12\/Monschau-2-300x212.jpg 300w, https:\/\/1001voyagesgourmands.com\/wp-content\/uploads\/2017\/12\/Monschau-2-768x543.jpg 768w, https:\/\/1001voyagesgourmands.com\/wp-content\/uploads\/2017\/12\/Monschau-2-585x414.jpg 585w\" sizes=\"auto, (max-width: 1000px) 100vw, 1000px\" \/><\/p>\n<p><img loading=\"lazy\" decoding=\"async\" class=\"aligncenter wp-image-18987\" src=\"http:\/\/1001voyagesgourmands.com\/wp-content\/uploads\/2017\/12\/Monschau-9-683x1024.jpg\" alt=\"Jedno z nejkr\u00e1sn\u011bj\u0161\u00edch m\u011bst N\u011bmecka najdete hned u hranic s Belgi\u00ed, kter\u00e9 se b\u011bhem Adventu m\u011bn\u00ed na poh\u00e1dkov\u00e9 m\u00edsto. Jak vypad\u00e1 v\u00e1no\u010dn\u00ed Monschau?\" width=\"846\" height=\"1268\" srcset=\"https:\/\/1001voyagesgourmands.com\/wp-content\/uploads\/2017\/12\/Monschau-9-683x1024.jpg 683w, https:\/\/1001voyagesgourmands.com\/wp-content\/uploads\/2017\/12\/Monschau-9-200x300.jpg 200w, https:\/\/1001voyagesgourmands.com\/wp-content\/uploads\/2017\/12\/Monschau-9-768x1152.jpg 768w, https:\/\/1001voyagesgourmands.com\/wp-content\/uploads\/2017\/12\/Monschau-9-585x878.jpg 585w, https:\/\/1001voyagesgourmands.com\/wp-content\/uploads\/2017\/12\/Monschau-9.jpg 1000w\" sizes=\"auto, (max-width: 846px) 100vw, 846px\" \/><\/p>\n<p><img loading=\"lazy\" decoding=\"async\" class=\"aligncenter size-full wp-image-18993\" src=\"http:\/\/1001voyagesgourmands.com\/wp-content\/uploads\/2017\/12\/Monschau-12.jpg\" alt=\"Jedno z nejkr\u00e1sn\u011bj\u0161\u00edch m\u011bst N\u011bmecka najdete hned u hranic s Belgi\u00ed, kter\u00e9 se b\u011bhem Adventu m\u011bn\u00ed na poh\u00e1dkov\u00e9 m\u00edsto. Jak vypad\u00e1 v\u00e1no\u010dn\u00ed Monschau?\" width=\"1000\" height=\"667\" srcset=\"https:\/\/1001voyagesgourmands.com\/wp-content\/uploads\/2017\/12\/Monschau-12.jpg 1000w, https:\/\/1001voyagesgourmands.com\/wp-content\/uploads\/2017\/12\/Monschau-12-263x175.jpg 263w, https:\/\/1001voyagesgourmands.com\/wp-content\/uploads\/2017\/12\/Monschau-12-300x200.jpg 300w, https:\/\/1001voyagesgourmands.com\/wp-content\/uploads\/2017\/12\/Monschau-12-768x512.jpg 768w, https:\/\/1001voyagesgourmands.com\/wp-content\/uploads\/2017\/12\/Monschau-12-585x390.jpg 585w\" sizes=\"auto, (max-width: 1000px) 100vw, 1000px\" \/><\/p>\n<p><img loading=\"lazy\" decoding=\"async\" class=\"aligncenter size-full wp-image-18991\" src=\"http:\/\/1001voyagesgourmands.com\/wp-content\/uploads\/2017\/12\/Monschau-11.jpg\" alt=\"Jedno z nejkr\u00e1sn\u011bj\u0161\u00edch m\u011bst N\u011bmecka najdete hned u hranic s Belgi\u00ed, kter\u00e9 se b\u011bhem Adventu m\u011bn\u00ed na poh\u00e1dkov\u00e9 m\u00edsto. Jak vypad\u00e1 v\u00e1no\u010dn\u00ed Monschau?\" width=\"1000\" height=\"667\" srcset=\"https:\/\/1001voyagesgourmands.com\/wp-content\/uploads\/2017\/12\/Monschau-11.jpg 1000w, https:\/\/1001voyagesgourmands.com\/wp-content\/uploads\/2017\/12\/Monschau-11-263x175.jpg 263w, https:\/\/1001voyagesgourmands.com\/wp-content\/uploads\/2017\/12\/Monschau-11-300x200.jpg 300w, https:\/\/1001voyagesgourmands.com\/wp-content\/uploads\/2017\/12\/Monschau-11-768x512.jpg 768w, https:\/\/1001voyagesgourmands.com\/wp-content\/uploads\/2017\/12\/Monschau-11-585x390.jpg 585w\" sizes=\"auto, (max-width: 1000px) 100vw, 1000px\" \/><\/p>\n<p><img loading=\"lazy\" decoding=\"async\" class=\"aligncenter size-full wp-image-19051\" src=\"http:\/\/1001voyagesgourmands.com\/wp-content\/uploads\/2017\/12\/Monschau-43.jpg\" alt=\"Jedno z nejkr\u00e1sn\u011bj\u0161\u00edch m\u011bst N\u011bmecka najdete hned u hranic s Belgi\u00ed, kter\u00e9 se b\u011bhem Adventu m\u011bn\u00ed na poh\u00e1dkov\u00e9 m\u00edsto. Jak vypad\u00e1 v\u00e1no\u010dn\u00ed Monschau?\" width=\"1000\" height=\"667\" srcset=\"https:\/\/1001voyagesgourmands.com\/wp-content\/uploads\/2017\/12\/Monschau-43.jpg 1000w, https:\/\/1001voyagesgourmands.com\/wp-content\/uploads\/2017\/12\/Monschau-43-263x175.jpg 263w, https:\/\/1001voyagesgourmands.com\/wp-content\/uploads\/2017\/12\/Monschau-43-300x200.jpg 300w, https:\/\/1001voyagesgourmands.com\/wp-content\/uploads\/2017\/12\/Monschau-43-768x512.jpg 768w, https:\/\/1001voyagesgourmands.com\/wp-content\/uploads\/2017\/12\/Monschau-43-585x390.jpg 585w\" sizes=\"auto, (max-width: 1000px) 100vw, 1000px\" \/><\/p>\n<p><img loading=\"lazy\" decoding=\"async\" class=\"aligncenter size-full wp-image-18995\" src=\"http:\/\/1001voyagesgourmands.com\/wp-content\/uploads\/2017\/12\/Monschau-13.jpg\" alt=\"Jedno z nejkr\u00e1sn\u011bj\u0161\u00edch m\u011bst N\u011bmecka najdete hned u hranic s Belgi\u00ed, kter\u00e9 se b\u011bhem Adventu m\u011bn\u00ed na poh\u00e1dkov\u00e9 m\u00edsto. Jak vypad\u00e1 v\u00e1no\u010dn\u00ed Monschau?\" width=\"1000\" height=\"667\" srcset=\"https:\/\/1001voyagesgourmands.com\/wp-content\/uploads\/2017\/12\/Monschau-13.jpg 1000w, https:\/\/1001voyagesgourmands.com\/wp-content\/uploads\/2017\/12\/Monschau-13-263x175.jpg 263w, https:\/\/1001voyagesgourmands.com\/wp-content\/uploads\/2017\/12\/Monschau-13-300x200.jpg 300w, https:\/\/1001voyagesgourmands.com\/wp-content\/uploads\/2017\/12\/Monschau-13-768x512.jpg 768w, https:\/\/1001voyagesgourmands.com\/wp-content\/uploads\/2017\/12\/Monschau-13-585x390.jpg 585w\" sizes=\"auto, (max-width: 1000px) 100vw, 1000px\" \/><\/p>\n<p><img loading=\"lazy\" decoding=\"async\" class=\"aligncenter size-full wp-image-18997\" src=\"http:\/\/1001voyagesgourmands.com\/wp-content\/uploads\/2017\/12\/Monschau-14.jpg\" alt=\"Jedno z nejkr\u00e1sn\u011bj\u0161\u00edch m\u011bst N\u011bmecka najdete hned u hranic s Belgi\u00ed, kter\u00e9 se b\u011bhem Adventu m\u011bn\u00ed na poh\u00e1dkov\u00e9 m\u00edsto. Jak vypad\u00e1 v\u00e1no\u010dn\u00ed Monschau?\" width=\"1000\" height=\"667\" srcset=\"https:\/\/1001voyagesgourmands.com\/wp-content\/uploads\/2017\/12\/Monschau-14.jpg 1000w, https:\/\/1001voyagesgourmands.com\/wp-content\/uploads\/2017\/12\/Monschau-14-263x175.jpg 263w, https:\/\/1001voyagesgourmands.com\/wp-content\/uploads\/2017\/12\/Monschau-14-300x200.jpg 300w, https:\/\/1001voyagesgourmands.com\/wp-content\/uploads\/2017\/12\/Monschau-14-768x512.jpg 768w, https:\/\/1001voyagesgourmands.com\/wp-content\/uploads\/2017\/12\/Monschau-14-585x390.jpg 585w\" sizes=\"auto, (max-width: 1000px) 100vw, 1000px\" \/><\/p>\n<p><img loading=\"lazy\" decoding=\"async\" class=\"aligncenter size-full wp-image-18999\" src=\"http:\/\/1001voyagesgourmands.com\/wp-content\/uploads\/2017\/12\/Monschau-15.jpg\" alt=\"Jedno z nejkr\u00e1sn\u011bj\u0161\u00edch m\u011bst N\u011bmecka najdete hned u hranic s Belgi\u00ed, kter\u00e9 se b\u011bhem Adventu m\u011bn\u00ed na poh\u00e1dkov\u00e9 m\u00edsto. Jak vypad\u00e1 v\u00e1no\u010dn\u00ed Monschau?\" width=\"1000\" height=\"667\" srcset=\"https:\/\/1001voyagesgourmands.com\/wp-content\/uploads\/2017\/12\/Monschau-15.jpg 1000w, https:\/\/1001voyagesgourmands.com\/wp-content\/uploads\/2017\/12\/Monschau-15-263x175.jpg 263w, https:\/\/1001voyagesgourmands.com\/wp-content\/uploads\/2017\/12\/Monschau-15-300x200.jpg 300w, https:\/\/1001voyagesgourmands.com\/wp-content\/uploads\/2017\/12\/Monschau-15-768x512.jpg 768w, https:\/\/1001voyagesgourmands.com\/wp-content\/uploads\/2017\/12\/Monschau-15-585x390.jpg 585w\" sizes=\"auto, (max-width: 1000px) 100vw, 1000px\" \/><\/p>\n<p><img loading=\"lazy\" decoding=\"async\" class=\"aligncenter size-full wp-image-19001\" src=\"http:\/\/1001voyagesgourmands.com\/wp-content\/uploads\/2017\/12\/Monschau-16.jpg\" alt=\"Jedno z nejkr\u00e1sn\u011bj\u0161\u00edch m\u011bst N\u011bmecka najdete hned u hranic s Belgi\u00ed, kter\u00e9 se b\u011bhem Adventu m\u011bn\u00ed na poh\u00e1dkov\u00e9 m\u00edsto. Jak vypad\u00e1 v\u00e1no\u010dn\u00ed Monschau?\" width=\"1000\" height=\"667\" srcset=\"https:\/\/1001voyagesgourmands.com\/wp-content\/uploads\/2017\/12\/Monschau-16.jpg 1000w, https:\/\/1001voyagesgourmands.com\/wp-content\/uploads\/2017\/12\/Monschau-16-263x175.jpg 263w, https:\/\/1001voyagesgourmands.com\/wp-content\/uploads\/2017\/12\/Monschau-16-300x200.jpg 300w, https:\/\/1001voyagesgourmands.com\/wp-content\/uploads\/2017\/12\/Monschau-16-768x512.jpg 768w, https:\/\/1001voyagesgourmands.com\/wp-content\/uploads\/2017\/12\/Monschau-16-585x390.jpg 585w\" sizes=\"auto, (max-width: 1000px) 100vw, 1000px\" \/><\/p>\n<p><img loading=\"lazy\" decoding=\"async\" class=\"aligncenter wp-image-19003\" src=\"http:\/\/1001voyagesgourmands.com\/wp-content\/uploads\/2017\/12\/Monschau-17-683x1024.jpg\" alt=\"Jedno z nejkr\u00e1sn\u011bj\u0161\u00edch m\u011bst N\u011bmecka najdete hned u hranic s Belgi\u00ed, kter\u00e9 se b\u011bhem Adventu m\u011bn\u00ed na poh\u00e1dkov\u00e9 m\u00edsto. Jak vypad\u00e1 v\u00e1no\u010dn\u00ed Monschau?\" width=\"792\" height=\"1187\" srcset=\"https:\/\/1001voyagesgourmands.com\/wp-content\/uploads\/2017\/12\/Monschau-17-683x1024.jpg 683w, https:\/\/1001voyagesgourmands.com\/wp-content\/uploads\/2017\/12\/Monschau-17-200x300.jpg 200w, https:\/\/1001voyagesgourmands.com\/wp-content\/uploads\/2017\/12\/Monschau-17-768x1152.jpg 768w, https:\/\/1001voyagesgourmands.com\/wp-content\/uploads\/2017\/12\/Monschau-17-585x878.jpg 585w, https:\/\/1001voyagesgourmands.com\/wp-content\/uploads\/2017\/12\/Monschau-17.jpg 1000w\" sizes=\"auto, (max-width: 792px) 100vw, 792px\" \/><\/p>\n<p><img loading=\"lazy\" decoding=\"async\" class=\"aligncenter size-full wp-image-19005\" src=\"http:\/\/1001voyagesgourmands.com\/wp-content\/uploads\/2017\/12\/Monschau-18.jpg\" alt=\"Jedno z nejkr\u00e1sn\u011bj\u0161\u00edch m\u011bst N\u011bmecka najdete hned u hranic s Belgi\u00ed, kter\u00e9 se b\u011bhem Adventu m\u011bn\u00ed na poh\u00e1dkov\u00e9 m\u00edsto. Jak vypad\u00e1 v\u00e1no\u010dn\u00ed Monschau?\" width=\"1000\" height=\"667\" srcset=\"https:\/\/1001voyagesgourmands.com\/wp-content\/uploads\/2017\/12\/Monschau-18.jpg 1000w, https:\/\/1001voyagesgourmands.com\/wp-content\/uploads\/2017\/12\/Monschau-18-263x175.jpg 263w, https:\/\/1001voyagesgourmands.com\/wp-content\/uploads\/2017\/12\/Monschau-18-300x200.jpg 300w, https:\/\/1001voyagesgourmands.com\/wp-content\/uploads\/2017\/12\/Monschau-18-768x512.jpg 768w, https:\/\/1001voyagesgourmands.com\/wp-content\/uploads\/2017\/12\/Monschau-18-585x390.jpg 585w\" sizes=\"auto, (max-width: 1000px) 100vw, 1000px\" \/><\/p>\n<p><img loading=\"lazy\" decoding=\"async\" class=\"aligncenter size-full wp-image-18977\" src=\"http:\/\/1001voyagesgourmands.com\/wp-content\/uploads\/2017\/12\/Monschau-4.jpg\" alt=\"Jedno z nejkr\u00e1sn\u011bj\u0161\u00edch m\u011bst N\u011bmecka najdete hned u hranic s Belgi\u00ed, kter\u00e9 se b\u011bhem Adventu m\u011bn\u00ed na poh\u00e1dkov\u00e9 m\u00edsto. Jak vypad\u00e1 v\u00e1no\u010dn\u00ed Monschau?\" width=\"1000\" height=\"707\" srcset=\"https:\/\/1001voyagesgourmands.com\/wp-content\/uploads\/2017\/12\/Monschau-4.jpg 1000w, https:\/\/1001voyagesgourmands.com\/wp-content\/uploads\/2017\/12\/Monschau-4-300x212.jpg 300w, https:\/\/1001voyagesgourmands.com\/wp-content\/uploads\/2017\/12\/Monschau-4-768x543.jpg 768w, https:\/\/1001voyagesgourmands.com\/wp-content\/uploads\/2017\/12\/Monschau-4-585x414.jpg 585w\" sizes=\"auto, (max-width: 1000px) 100vw, 1000px\" \/><\/p>\n<p><img loading=\"lazy\" decoding=\"async\" class=\"aligncenter size-full wp-image-19007\" src=\"http:\/\/1001voyagesgourmands.com\/wp-content\/uploads\/2017\/12\/Monschau-19.jpg\" alt=\"Jedno z nejkr\u00e1sn\u011bj\u0161\u00edch m\u011bst N\u011bmecka najdete hned u hranic s Belgi\u00ed, kter\u00e9 se b\u011bhem Adventu m\u011bn\u00ed na poh\u00e1dkov\u00e9 m\u00edsto. Jak vypad\u00e1 v\u00e1no\u010dn\u00ed Monschau?\" width=\"1000\" height=\"667\" srcset=\"https:\/\/1001voyagesgourmands.com\/wp-content\/uploads\/2017\/12\/Monschau-19.jpg 1000w, https:\/\/1001voyagesgourmands.com\/wp-content\/uploads\/2017\/12\/Monschau-19-263x175.jpg 263w, https:\/\/1001voyagesgourmands.com\/wp-content\/uploads\/2017\/12\/Monschau-19-300x200.jpg 300w, https:\/\/1001voyagesgourmands.com\/wp-content\/uploads\/2017\/12\/Monschau-19-768x512.jpg 768w, https:\/\/1001voyagesgourmands.com\/wp-content\/uploads\/2017\/12\/Monschau-19-585x390.jpg 585w\" sizes=\"auto, (max-width: 1000px) 100vw, 1000px\" \/><\/p>\n<p><img loading=\"lazy\" decoding=\"async\" class=\"aligncenter size-full wp-image-19009\" src=\"http:\/\/1001voyagesgourmands.com\/wp-content\/uploads\/2017\/12\/Monschau-20.jpg\" alt=\"Jedno z nejkr\u00e1sn\u011bj\u0161\u00edch m\u011bst N\u011bmecka najdete hned u hranic s Belgi\u00ed, kter\u00e9 se b\u011bhem Adventu m\u011bn\u00ed na poh\u00e1dkov\u00e9 m\u00edsto. Jak vypad\u00e1 v\u00e1no\u010dn\u00ed Monschau?\" width=\"1000\" height=\"667\" srcset=\"https:\/\/1001voyagesgourmands.com\/wp-content\/uploads\/2017\/12\/Monschau-20.jpg 1000w, https:\/\/1001voyagesgourmands.com\/wp-content\/uploads\/2017\/12\/Monschau-20-263x175.jpg 263w, https:\/\/1001voyagesgourmands.com\/wp-content\/uploads\/2017\/12\/Monschau-20-300x200.jpg 300w, https:\/\/1001voyagesgourmands.com\/wp-content\/uploads\/2017\/12\/Monschau-20-768x512.jpg 768w, https:\/\/1001voyagesgourmands.com\/wp-content\/uploads\/2017\/12\/Monschau-20-585x390.jpg 585w\" sizes=\"auto, (max-width: 1000px) 100vw, 1000px\" \/><\/p>\n<p><img loading=\"lazy\" decoding=\"async\" class=\"aligncenter size-full wp-image-19013\" src=\"http:\/\/1001voyagesgourmands.com\/wp-content\/uploads\/2017\/12\/Monschau-22.jpg\" alt=\"Jedno z nejkr\u00e1sn\u011bj\u0161\u00edch m\u011bst N\u011bmecka najdete hned u hranic s Belgi\u00ed, kter\u00e9 se b\u011bhem Adventu m\u011bn\u00ed na poh\u00e1dkov\u00e9 m\u00edsto. Jak vypad\u00e1 v\u00e1no\u010dn\u00ed Monschau?\" width=\"1000\" height=\"667\" srcset=\"https:\/\/1001voyagesgourmands.com\/wp-content\/uploads\/2017\/12\/Monschau-22.jpg 1000w, https:\/\/1001voyagesgourmands.com\/wp-content\/uploads\/2017\/12\/Monschau-22-300x200.jpg 300w, https:\/\/1001voyagesgourmands.com\/wp-content\/uploads\/2017\/12\/Monschau-22-768x512.jpg 768w, https:\/\/1001voyagesgourmands.com\/wp-content\/uploads\/2017\/12\/Monschau-22-585x390.jpg 585w, https:\/\/1001voyagesgourmands.com\/wp-content\/uploads\/2017\/12\/Monschau-22-263x175.jpg 263w\" sizes=\"auto, (max-width: 1000px) 100vw, 1000px\" \/><\/p>\n<p><img loading=\"lazy\" decoding=\"async\" class=\"aligncenter wp-image-19011\" src=\"http:\/\/1001voyagesgourmands.com\/wp-content\/uploads\/2017\/12\/Monschau-21-683x1024.jpg\" alt=\"Jedno z nejkr\u00e1sn\u011bj\u0161\u00edch m\u011bst N\u011bmecka najdete hned u hranic s Belgi\u00ed, kter\u00e9 se b\u011bhem Adventu m\u011bn\u00ed na poh\u00e1dkov\u00e9 m\u00edsto. Jak vypad\u00e1 v\u00e1no\u010dn\u00ed Monschau?\" width=\"862\" height=\"1292\" srcset=\"https:\/\/1001voyagesgourmands.com\/wp-content\/uploads\/2017\/12\/Monschau-21-683x1024.jpg 683w, https:\/\/1001voyagesgourmands.com\/wp-content\/uploads\/2017\/12\/Monschau-21-200x300.jpg 200w, https:\/\/1001voyagesgourmands.com\/wp-content\/uploads\/2017\/12\/Monschau-21-768x1152.jpg 768w, https:\/\/1001voyagesgourmands.com\/wp-content\/uploads\/2017\/12\/Monschau-21-585x878.jpg 585w, https:\/\/1001voyagesgourmands.com\/wp-content\/uploads\/2017\/12\/Monschau-21.jpg 1000w\" sizes=\"auto, (max-width: 862px) 100vw, 862px\" \/><\/p>\n<p><img loading=\"lazy\" decoding=\"async\" class=\"aligncenter size-full wp-image-19015\" src=\"http:\/\/1001voyagesgourmands.com\/wp-content\/uploads\/2017\/12\/Monschau-23.jpg\" alt=\"Jedno z nejkr\u00e1sn\u011bj\u0161\u00edch m\u011bst N\u011bmecka najdete hned u hranic s Belgi\u00ed, kter\u00e9 se b\u011bhem Adventu m\u011bn\u00ed na poh\u00e1dkov\u00e9 m\u00edsto. Jak vypad\u00e1 v\u00e1no\u010dn\u00ed Monschau?\" width=\"1000\" height=\"667\" srcset=\"https:\/\/1001voyagesgourmands.com\/wp-content\/uploads\/2017\/12\/Monschau-23.jpg 1000w, https:\/\/1001voyagesgourmands.com\/wp-content\/uploads\/2017\/12\/Monschau-23-263x175.jpg 263w, https:\/\/1001voyagesgourmands.com\/wp-content\/uploads\/2017\/12\/Monschau-23-300x200.jpg 300w, https:\/\/1001voyagesgourmands.com\/wp-content\/uploads\/2017\/12\/Monschau-23-768x512.jpg 768w, https:\/\/1001voyagesgourmands.com\/wp-content\/uploads\/2017\/12\/Monschau-23-585x390.jpg 585w\" sizes=\"auto, (max-width: 1000px) 100vw, 1000px\" \/><\/p>\n<p><img loading=\"lazy\" decoding=\"async\" class=\"aligncenter wp-image-19019\" src=\"http:\/\/1001voyagesgourmands.com\/wp-content\/uploads\/2017\/12\/Monschau-25-683x1024.jpg\" alt=\"Jedno z nejkr\u00e1sn\u011bj\u0161\u00edch m\u011bst N\u011bmecka najdete hned u hranic s Belgi\u00ed, kter\u00e9 se b\u011bhem Adventu m\u011bn\u00ed na poh\u00e1dkov\u00e9 m\u00edsto. Jak vypad\u00e1 v\u00e1no\u010dn\u00ed Monschau?\" width=\"867\" height=\"1300\" srcset=\"https:\/\/1001voyagesgourmands.com\/wp-content\/uploads\/2017\/12\/Monschau-25-683x1024.jpg 683w, https:\/\/1001voyagesgourmands.com\/wp-content\/uploads\/2017\/12\/Monschau-25-200x300.jpg 200w, https:\/\/1001voyagesgourmands.com\/wp-content\/uploads\/2017\/12\/Monschau-25-768x1152.jpg 768w, https:\/\/1001voyagesgourmands.com\/wp-content\/uploads\/2017\/12\/Monschau-25-585x878.jpg 585w, https:\/\/1001voyagesgourmands.com\/wp-content\/uploads\/2017\/12\/Monschau-25.jpg 1000w\" sizes=\"auto, (max-width: 867px) 100vw, 867px\" \/><\/p>\n<p><img loading=\"lazy\" decoding=\"async\" class=\"aligncenter size-full wp-image-19021\" src=\"http:\/\/1001voyagesgourmands.com\/wp-content\/uploads\/2017\/12\/Monschau-26.jpg\" alt=\"Jedno z nejkr\u00e1sn\u011bj\u0161\u00edch m\u011bst N\u011bmecka najdete hned u hranic s Belgi\u00ed, kter\u00e9 se b\u011bhem Adventu m\u011bn\u00ed na poh\u00e1dkov\u00e9 m\u00edsto. Jak vypad\u00e1 v\u00e1no\u010dn\u00ed Monschau?\" width=\"1000\" height=\"667\" srcset=\"https:\/\/1001voyagesgourmands.com\/wp-content\/uploads\/2017\/12\/Monschau-26.jpg 1000w, https:\/\/1001voyagesgourmands.com\/wp-content\/uploads\/2017\/12\/Monschau-26-263x175.jpg 263w, https:\/\/1001voyagesgourmands.com\/wp-content\/uploads\/2017\/12\/Monschau-26-300x200.jpg 300w, https:\/\/1001voyagesgourmands.com\/wp-content\/uploads\/2017\/12\/Monschau-26-768x512.jpg 768w, https:\/\/1001voyagesgourmands.com\/wp-content\/uploads\/2017\/12\/Monschau-26-585x390.jpg 585w\" sizes=\"auto, (max-width: 1000px) 100vw, 1000px\" \/><\/p>\n<p><img loading=\"lazy\" decoding=\"async\" class=\"aligncenter wp-image-19023\" src=\"http:\/\/1001voyagesgourmands.com\/wp-content\/uploads\/2017\/12\/Monschau-27-683x1024.jpg\" alt=\"Jedno z nejkr\u00e1sn\u011bj\u0161\u00edch m\u011bst N\u011bmecka najdete hned u hranic s Belgi\u00ed, kter\u00e9 se b\u011bhem Adventu m\u011bn\u00ed na poh\u00e1dkov\u00e9 m\u00edsto. Jak vypad\u00e1 v\u00e1no\u010dn\u00ed Monschau?\" width=\"826\" height=\"1238\" srcset=\"https:\/\/1001voyagesgourmands.com\/wp-content\/uploads\/2017\/12\/Monschau-27-683x1024.jpg 683w, https:\/\/1001voyagesgourmands.com\/wp-content\/uploads\/2017\/12\/Monschau-27-200x300.jpg 200w, https:\/\/1001voyagesgourmands.com\/wp-content\/uploads\/2017\/12\/Monschau-27-768x1152.jpg 768w, https:\/\/1001voyagesgourmands.com\/wp-content\/uploads\/2017\/12\/Monschau-27-585x878.jpg 585w, https:\/\/1001voyagesgourmands.com\/wp-content\/uploads\/2017\/12\/Monschau-27.jpg 1000w\" sizes=\"auto, (max-width: 826px) 100vw, 826px\" \/><\/p>\n<p><img loading=\"lazy\" decoding=\"async\" class=\"aligncenter size-full wp-image-19025\" src=\"http:\/\/1001voyagesgourmands.com\/wp-content\/uploads\/2017\/12\/Monschau-28.jpg\" alt=\"Jedno z nejkr\u00e1sn\u011bj\u0161\u00edch m\u011bst N\u011bmecka najdete hned u hranic s Belgi\u00ed, kter\u00e9 se b\u011bhem Adventu m\u011bn\u00ed na poh\u00e1dkov\u00e9 m\u00edsto. Jak vypad\u00e1 v\u00e1no\u010dn\u00ed Monschau?\" width=\"1000\" height=\"667\" srcset=\"https:\/\/1001voyagesgourmands.com\/wp-content\/uploads\/2017\/12\/Monschau-28.jpg 1000w, https:\/\/1001voyagesgourmands.com\/wp-content\/uploads\/2017\/12\/Monschau-28-263x175.jpg 263w, https:\/\/1001voyagesgourmands.com\/wp-content\/uploads\/2017\/12\/Monschau-28-300x200.jpg 300w, https:\/\/1001voyagesgourmands.com\/wp-content\/uploads\/2017\/12\/Monschau-28-768x512.jpg 768w, https:\/\/1001voyagesgourmands.com\/wp-content\/uploads\/2017\/12\/Monschau-28-585x390.jpg 585w\" sizes=\"auto, (max-width: 1000px) 100vw, 1000px\" \/><\/p>\n<p><img loading=\"lazy\" decoding=\"async\" class=\"aligncenter wp-image-19027\" src=\"http:\/\/1001voyagesgourmands.com\/wp-content\/uploads\/2017\/12\/Monschau-29-683x1024.jpg\" alt=\"Jedno z nejkr\u00e1sn\u011bj\u0161\u00edch m\u011bst N\u011bmecka najdete hned u hranic s Belgi\u00ed, kter\u00e9 se b\u011bhem Adventu m\u011bn\u00ed na poh\u00e1dkov\u00e9 m\u00edsto. Jak vypad\u00e1 v\u00e1no\u010dn\u00ed Monschau?\" width=\"894\" height=\"1340\" srcset=\"https:\/\/1001voyagesgourmands.com\/wp-content\/uploads\/2017\/12\/Monschau-29-683x1024.jpg 683w, https:\/\/1001voyagesgourmands.com\/wp-content\/uploads\/2017\/12\/Monschau-29-200x300.jpg 200w, https:\/\/1001voyagesgourmands.com\/wp-content\/uploads\/2017\/12\/Monschau-29-768x1152.jpg 768w, https:\/\/1001voyagesgourmands.com\/wp-content\/uploads\/2017\/12\/Monschau-29-585x878.jpg 585w, https:\/\/1001voyagesgourmands.com\/wp-content\/uploads\/2017\/12\/Monschau-29.jpg 1000w\" sizes=\"auto, (max-width: 894px) 100vw, 894px\" \/><\/p>\n<p><img loading=\"lazy\" decoding=\"async\" class=\"aligncenter size-full wp-image-19031\" src=\"http:\/\/1001voyagesgourmands.com\/wp-content\/uploads\/2017\/12\/Monschau-31.jpg\" alt=\"Jedno z nejkr\u00e1sn\u011bj\u0161\u00edch m\u011bst N\u011bmecka najdete hned u hranic s Belgi\u00ed, kter\u00e9 se b\u011bhem Adventu m\u011bn\u00ed na poh\u00e1dkov\u00e9 m\u00edsto. Jak vypad\u00e1 v\u00e1no\u010dn\u00ed Monschau?\" width=\"1000\" height=\"667\" srcset=\"https:\/\/1001voyagesgourmands.com\/wp-content\/uploads\/2017\/12\/Monschau-31.jpg 1000w, https:\/\/1001voyagesgourmands.com\/wp-content\/uploads\/2017\/12\/Monschau-31-263x175.jpg 263w, https:\/\/1001voyagesgourmands.com\/wp-content\/uploads\/2017\/12\/Monschau-31-300x200.jpg 300w, https:\/\/1001voyagesgourmands.com\/wp-content\/uploads\/2017\/12\/Monschau-31-768x512.jpg 768w, https:\/\/1001voyagesgourmands.com\/wp-content\/uploads\/2017\/12\/Monschau-31-585x390.jpg 585w\" sizes=\"auto, (max-width: 1000px) 100vw, 1000px\" \/><\/p>\n<p><img loading=\"lazy\" decoding=\"async\" class=\"aligncenter size-full wp-image-19033\" src=\"http:\/\/1001voyagesgourmands.com\/wp-content\/uploads\/2017\/12\/Monschau-32.jpg\" alt=\"Jedno z nejkr\u00e1sn\u011bj\u0161\u00edch m\u011bst N\u011bmecka najdete hned u hranic s Belgi\u00ed, kter\u00e9 se b\u011bhem Adventu m\u011bn\u00ed na poh\u00e1dkov\u00e9 m\u00edsto. Jak vypad\u00e1 v\u00e1no\u010dn\u00ed Monschau?\" width=\"1000\" height=\"667\" srcset=\"https:\/\/1001voyagesgourmands.com\/wp-content\/uploads\/2017\/12\/Monschau-32.jpg 1000w, https:\/\/1001voyagesgourmands.com\/wp-content\/uploads\/2017\/12\/Monschau-32-263x175.jpg 263w, https:\/\/1001voyagesgourmands.com\/wp-content\/uploads\/2017\/12\/Monschau-32-300x200.jpg 300w, https:\/\/1001voyagesgourmands.com\/wp-content\/uploads\/2017\/12\/Monschau-32-768x512.jpg 768w, https:\/\/1001voyagesgourmands.com\/wp-content\/uploads\/2017\/12\/Monschau-32-585x390.jpg 585w\" sizes=\"auto, (max-width: 1000px) 100vw, 1000px\" \/><\/p>\n<p><img loading=\"lazy\" decoding=\"async\" class=\"aligncenter size-full wp-image-19035\" src=\"http:\/\/1001voyagesgourmands.com\/wp-content\/uploads\/2017\/12\/Monschau-33.jpg\" alt=\"Jedno z nejkr\u00e1sn\u011bj\u0161\u00edch m\u011bst N\u011bmecka najdete hned u hranic s Belgi\u00ed, kter\u00e9 se b\u011bhem Adventu m\u011bn\u00ed na poh\u00e1dkov\u00e9 m\u00edsto. Jak vypad\u00e1 v\u00e1no\u010dn\u00ed Monschau?\" width=\"1000\" height=\"667\" srcset=\"https:\/\/1001voyagesgourmands.com\/wp-content\/uploads\/2017\/12\/Monschau-33.jpg 1000w, https:\/\/1001voyagesgourmands.com\/wp-content\/uploads\/2017\/12\/Monschau-33-263x175.jpg 263w, https:\/\/1001voyagesgourmands.com\/wp-content\/uploads\/2017\/12\/Monschau-33-300x200.jpg 300w, https:\/\/1001voyagesgourmands.com\/wp-content\/uploads\/2017\/12\/Monschau-33-768x512.jpg 768w, https:\/\/1001voyagesgourmands.com\/wp-content\/uploads\/2017\/12\/Monschau-33-585x390.jpg 585w\" sizes=\"auto, (max-width: 1000px) 100vw, 1000px\" \/><\/p>\n<p><img loading=\"lazy\" decoding=\"async\" class=\"aligncenter size-full wp-image-18975\" src=\"http:\/\/1001voyagesgourmands.com\/wp-content\/uploads\/2017\/12\/Monschau-3.jpg\" alt=\"Jedno z nejkr\u00e1sn\u011bj\u0161\u00edch m\u011bst N\u011bmecka najdete hned u hranic s Belgi\u00ed, kter\u00e9 se b\u011bhem Adventu m\u011bn\u00ed na poh\u00e1dkov\u00e9 m\u00edsto. Jak vypad\u00e1 v\u00e1no\u010dn\u00ed Monschau?\" width=\"1000\" height=\"707\" srcset=\"https:\/\/1001voyagesgourmands.com\/wp-content\/uploads\/2017\/12\/Monschau-3.jpg 1000w, https:\/\/1001voyagesgourmands.com\/wp-content\/uploads\/2017\/12\/Monschau-3-300x212.jpg 300w, https:\/\/1001voyagesgourmands.com\/wp-content\/uploads\/2017\/12\/Monschau-3-768x543.jpg 768w, https:\/\/1001voyagesgourmands.com\/wp-content\/uploads\/2017\/12\/Monschau-3-585x414.jpg 585w\" sizes=\"auto, (max-width: 1000px) 100vw, 1000px\" \/><\/p>\n<p><img loading=\"lazy\" decoding=\"async\" class=\"aligncenter size-full wp-image-19039\" src=\"http:\/\/1001voyagesgourmands.com\/wp-content\/uploads\/2017\/12\/Monschau-35.jpg\" alt=\"Jedno z nejkr\u00e1sn\u011bj\u0161\u00edch m\u011bst N\u011bmecka najdete hned u hranic s Belgi\u00ed, kter\u00e9 se b\u011bhem Adventu m\u011bn\u00ed na poh\u00e1dkov\u00e9 m\u00edsto. Jak vypad\u00e1 v\u00e1no\u010dn\u00ed Monschau?\" width=\"1000\" height=\"667\" srcset=\"https:\/\/1001voyagesgourmands.com\/wp-content\/uploads\/2017\/12\/Monschau-35.jpg 1000w, https:\/\/1001voyagesgourmands.com\/wp-content\/uploads\/2017\/12\/Monschau-35-263x175.jpg 263w, https:\/\/1001voyagesgourmands.com\/wp-content\/uploads\/2017\/12\/Monschau-35-300x200.jpg 300w, https:\/\/1001voyagesgourmands.com\/wp-content\/uploads\/2017\/12\/Monschau-35-768x512.jpg 768w, https:\/\/1001voyagesgourmands.com\/wp-content\/uploads\/2017\/12\/Monschau-35-585x390.jpg 585w\" sizes=\"auto, (max-width: 1000px) 100vw, 1000px\" \/><\/p>\n<p><img loading=\"lazy\" decoding=\"async\" class=\"aligncenter size-full wp-image-19041\" src=\"http:\/\/1001voyagesgourmands.com\/wp-content\/uploads\/2017\/12\/Monschau-36.jpg\" alt=\"Jedno z nejkr\u00e1sn\u011bj\u0161\u00edch m\u011bst N\u011bmecka najdete hned u hranic s Belgi\u00ed, kter\u00e9 se b\u011bhem Adventu m\u011bn\u00ed na poh\u00e1dkov\u00e9 m\u00edsto. Jak vypad\u00e1 v\u00e1no\u010dn\u00ed Monschau?\" width=\"1000\" height=\"667\" srcset=\"https:\/\/1001voyagesgourmands.com\/wp-content\/uploads\/2017\/12\/Monschau-36.jpg 1000w, https:\/\/1001voyagesgourmands.com\/wp-content\/uploads\/2017\/12\/Monschau-36-263x175.jpg 263w, https:\/\/1001voyagesgourmands.com\/wp-content\/uploads\/2017\/12\/Monschau-36-300x200.jpg 300w, https:\/\/1001voyagesgourmands.com\/wp-content\/uploads\/2017\/12\/Monschau-36-768x512.jpg 768w, https:\/\/1001voyagesgourmands.com\/wp-content\/uploads\/2017\/12\/Monschau-36-585x390.jpg 585w\" sizes=\"auto, (max-width: 1000px) 100vw, 1000px\" \/><\/p>\n<p><img loading=\"lazy\" decoding=\"async\" class=\"aligncenter size-full wp-image-19043\" src=\"http:\/\/1001voyagesgourmands.com\/wp-content\/uploads\/2017\/12\/Monschau-37.jpg\" alt=\"Jedno z nejkr\u00e1sn\u011bj\u0161\u00edch m\u011bst N\u011bmecka najdete hned u hranic s Belgi\u00ed, kter\u00e9 se b\u011bhem Adventu m\u011bn\u00ed na poh\u00e1dkov\u00e9 m\u00edsto. Jak vypad\u00e1 v\u00e1no\u010dn\u00ed Monschau?\" width=\"1000\" height=\"667\" srcset=\"https:\/\/1001voyagesgourmands.com\/wp-content\/uploads\/2017\/12\/Monschau-37.jpg 1000w, https:\/\/1001voyagesgourmands.com\/wp-content\/uploads\/2017\/12\/Monschau-37-263x175.jpg 263w, https:\/\/1001voyagesgourmands.com\/wp-content\/uploads\/2017\/12\/Monschau-37-300x200.jpg 300w, https:\/\/1001voyagesgourmands.com\/wp-content\/uploads\/2017\/12\/Monschau-37-768x512.jpg 768w, https:\/\/1001voyagesgourmands.com\/wp-content\/uploads\/2017\/12\/Monschau-37-585x390.jpg 585w\" sizes=\"auto, (max-width: 1000px) 100vw, 1000px\" \/><\/p>\n<p><img loading=\"lazy\" decoding=\"async\" class=\"aligncenter size-full wp-image-19045\" src=\"http:\/\/1001voyagesgourmands.com\/wp-content\/uploads\/2017\/12\/Monschau-38.jpg\" alt=\"Jedno z nejkr\u00e1sn\u011bj\u0161\u00edch m\u011bst N\u011bmecka najdete hned u hranic s Belgi\u00ed, kter\u00e9 se b\u011bhem Adventu m\u011bn\u00ed na poh\u00e1dkov\u00e9 m\u00edsto. Jak vypad\u00e1 v\u00e1no\u010dn\u00ed Monschau?\" width=\"1000\" height=\"667\" srcset=\"https:\/\/1001voyagesgourmands.com\/wp-content\/uploads\/2017\/12\/Monschau-38.jpg 1000w, https:\/\/1001voyagesgourmands.com\/wp-content\/uploads\/2017\/12\/Monschau-38-263x175.jpg 263w, https:\/\/1001voyagesgourmands.com\/wp-content\/uploads\/2017\/12\/Monschau-38-300x200.jpg 300w, https:\/\/1001voyagesgourmands.com\/wp-content\/uploads\/2017\/12\/Monschau-38-768x512.jpg 768w, https:\/\/1001voyagesgourmands.com\/wp-content\/uploads\/2017\/12\/Monschau-38-585x390.jpg 585w\" sizes=\"auto, (max-width: 1000px) 100vw, 1000px\" \/><\/p>\n<p><img loading=\"lazy\" decoding=\"async\" class=\"aligncenter size-full wp-image-19047\" src=\"http:\/\/1001voyagesgourmands.com\/wp-content\/uploads\/2017\/12\/Monschau-39.jpg\" alt=\"Jedno z nejkr\u00e1sn\u011bj\u0161\u00edch m\u011bst N\u011bmecka najdete hned u hranic s Belgi\u00ed, kter\u00e9 se b\u011bhem Adventu m\u011bn\u00ed na poh\u00e1dkov\u00e9 m\u00edsto. Jak vypad\u00e1 v\u00e1no\u010dn\u00ed Monschau?\" width=\"1000\" height=\"667\" srcset=\"https:\/\/1001voyagesgourmands.com\/wp-content\/uploads\/2017\/12\/Monschau-39.jpg 1000w, https:\/\/1001voyagesgourmands.com\/wp-content\/uploads\/2017\/12\/Monschau-39-263x175.jpg 263w, https:\/\/1001voyagesgourmands.com\/wp-content\/uploads\/2017\/12\/Monschau-39-300x200.jpg 300w, https:\/\/1001voyagesgourmands.com\/wp-content\/uploads\/2017\/12\/Monschau-39-768x512.jpg 768w, https:\/\/1001voyagesgourmands.com\/wp-content\/uploads\/2017\/12\/Monschau-39-585x390.jpg 585w\" sizes=\"auto, (max-width: 1000px) 100vw, 1000px\" \/><\/p>\n<p>&nbsp;<\/p>\n<p style=\"text-align: justify;\">V\u00e1no\u010dn\u00ed trhy se v Monschau konaj\u00ed ka\u017ed\u00fd Adventn\u00ed v\u00edkend od p\u00e1tku do ned\u011ble. Otev\u00edrac\u00ed hodiny jsou od 9 do 20 hodin, v ned\u011bli pouze do 19ti hodin. V\u00edce informac\u00ed najdete na <a href=\"http:\/\/www.monschau-weihnachtsmarkt.de\/\" target=\"_blank\" rel=\"noopener\">ofici\u00e1ln\u00edch str\u00e1nk\u00e1ch<\/a>.<\/p>\n<p>&nbsp;<\/p>\n<p style=\"text-align: justify;\">P.S. Pokud v\u00e1m to sem nevyjde p\u0159ed V\u00e1noci, nezoufejte &#8211; obchody jsou toti\u017e otev\u0159en\u00e9 po cel\u00fd rok, a to v\u010detn\u011b v\u00e1no\u010dn\u00edho domu Weihnachtshaus! \ud83d\ude09 A pokud v\u00e1m to po\u010das\u00ed dovol\u00e1, nezapome\u0148te si ud\u011blat v\u00fd\u0161lap ke hradu nebo na vyhl\u00eddku, odkud se nask\u00fdt\u00e1 kr\u00e1sn\u00fd pohled na cel\u00e9 m\u011bste\u010dko! Hradu si jist\u011b v\u0161imnete, nelze ho p\u0159ehl\u00e9dnout, a na vyhl\u00eddku se dostanete po schodech z ulice Stehlings.<\/p>\n<p>V\u00edce informac\u00ed pro n\u00e1v\u0161t\u011bvu Monschau najdete zde: <a href=\"http:\/\/www.monschau.de\/en\/\" target=\"_blank\" rel=\"noopener\">www.monschau.de<\/a><\/p>\n<p>&nbsp;<\/p>\n<hr>\n<p>&nbsp;<\/p>\n<p>Pokud se v\u00e1m \u010dl\u00e1nek l\u00edbil, sd\u00edlejte ho d\u00e1le nebo si ho t\u0159eba ulo\u017ete na Pinterest pro pozd\u011bj\u0161\u00ed vyu\u017eit\u00ed! \ud83d\ude09<\/p>\n<p>&nbsp;<\/p>\n<p style=\"text-align: center;\"><strong>PIN IT!<\/strong><\/p>\n<p><img loading=\"lazy\" decoding=\"async\" class=\"aligncenter wp-image-19058\" src=\"http:\/\/1001voyagesgourmands.com\/wp-content\/uploads\/2017\/12\/Monschau-PIN-CZ-1-683x1024.jpg\" alt=\"Jedno z nejkr\u00e1sn\u011bj\u0161\u00edch m\u011bst N\u011bmecka najdete hned u hranic s Belgi\u00ed, kter\u00e9 se b\u011bhem Adventu m\u011bn\u00ed na poh\u00e1dkov\u00e9 m\u00edsto. Jak vypad\u00e1 v\u00e1no\u010dn\u00ed Monschau?\" width=\"550\" height=\"825\" srcset=\"https:\/\/1001voyagesgourmands.com\/wp-content\/uploads\/2017\/12\/Monschau-PIN-CZ-1-683x1024.jpg 683w, https:\/\/1001voyagesgourmands.com\/wp-content\/uploads\/2017\/12\/Monschau-PIN-CZ-1-200x300.jpg 200w, https:\/\/1001voyagesgourmands.com\/wp-content\/uploads\/2017\/12\/Monschau-PIN-CZ-1-585x877.jpg 585w, https:\/\/1001voyagesgourmands.com\/wp-content\/uploads\/2017\/12\/Monschau-PIN-CZ-1.jpg 735w\" sizes=\"auto, (max-width: 550px) 100vw, 550px\" \/><\/p>\n","protected":false},"excerpt":{"rendered":"<p>Dnes m\u00e1m pro v\u00e1s dal\u0161\u00ed tip na v\u00fdlet z Bruselu, a sice \u010dl\u00e1nek, kter\u00fd mi v konceptech le\u017e\u00ed u\u017e skoro rok! Monschau je jedno z nejkr\u00e1sn\u011bj\u0161\u00edch m\u011bst v N\u011bmecku, kter\u00e9 najdete nedaleko C\u00e1ch v Severn\u00edm Por\u00fdn\u00ed-Vesftf\u00e1lsku, hned za hranic\u00ed s Belgi\u00ed. M\u016f\u017eete se tu jen tak proch\u00e1zet dl\u00e1\u017ed\u011bn\u00fdmi uli\u010dkami a&hellip;<\/p>\n","protected":false},"author":1,"featured_media":19013,"comment_status":"open","ping_status":"open","sticky":false,"template":"","format":"standard","meta":{"_exactmetrics_skip_tracking":false,"_exactmetrics_sitenote_active":false,"_exactmetrics_sitenote_note":"","_exactmetrics_sitenote_category":0,"_lmt_disableupdate":"","_lmt_disable":"","footnotes":""},"categories":[4,366],"tags":[367,493,257,368],"class_list":["post-14283","post","type-post","status-publish","format-standard","has-post-thumbnail","hentry","category-cestovani","category-nemecko","tag-nemecko","tag-vanoce","tag-vikendove-vylety","tag-vylety-z-bruselu"],"yoast_head":"<!-- This site is optimized with the Yoast SEO plugin v26.1.1 - https:\/\/yoast.com\/wordpress\/plugins\/seo\/ -->\n<title>V\u00e1no\u010dn\u00ed Monschau - 1001 Voyages Gourmands<\/title>\n<meta name=\"description\" content=\"Jedno z nejkr\u00e1sn\u011bj\u0161\u00edch m\u011bst N\u011bmecka najdete hned u hranic s Belgi\u00ed, kter\u00e9 se b\u011bhem Adventu m\u011bn\u00ed na poh\u00e1dkov\u00e9 m\u00edsto. Jak vypad\u00e1 v\u00e1no\u010dn\u00ed Monschau?\" \/>\n<meta name=\"robots\" content=\"index, follow, max-snippet:-1, max-image-preview:large, max-video-preview:-1\" \/>\n<link rel=\"canonical\" href=\"https:\/\/1001voyagesgourmands.com\/cs\/vanocni-monschau\/\" \/>\n<meta property=\"og:locale\" content=\"cs_CZ\" \/>\n<meta property=\"og:type\" content=\"article\" \/>\n<meta property=\"og:title\" content=\"V\u00e1no\u010dn\u00ed Monschau - 1001 Voyages Gourmands\" \/>\n<meta property=\"og:description\" content=\"Jedno z nejkr\u00e1sn\u011bj\u0161\u00edch m\u011bst N\u011bmecka najdete hned u hranic s Belgi\u00ed, kter\u00e9 se b\u011bhem Adventu m\u011bn\u00ed na poh\u00e1dkov\u00e9 m\u00edsto. Jak vypad\u00e1 v\u00e1no\u010dn\u00ed Monschau?\" \/>\n<meta property=\"og:url\" content=\"https:\/\/1001voyagesgourmands.com\/cs\/vanocni-monschau\/\" \/>\n<meta property=\"og:site_name\" content=\"1001 Voyages Gourmands\" \/>\n<meta property=\"article:publisher\" content=\"https:\/\/www.facebook.com\/1001voyagesgourmands\" \/>\n<meta property=\"article:published_time\" content=\"2017-12-12T21:02:04+00:00\" \/>\n<meta property=\"og:image\" content=\"https:\/\/1001voyagesgourmands.com\/wp-content\/uploads\/2017\/12\/Monschau-22.jpg\" \/>\n\t<meta property=\"og:image:width\" content=\"1000\" \/>\n\t<meta property=\"og:image:height\" content=\"667\" \/>\n\t<meta property=\"og:image:type\" content=\"image\/jpeg\" \/>\n<meta name=\"author\" content=\"Michaela\" \/>\n<meta name=\"twitter:card\" content=\"summary_large_image\" \/>\n<meta name=\"twitter:creator\" content=\"@michaela_1001vg\" \/>\n<meta name=\"twitter:site\" content=\"@michaela_1001vg\" \/>\n<meta name=\"twitter:label1\" content=\"Napsal(a)\" \/>\n\t<meta name=\"twitter:data1\" content=\"Michaela\" \/>\n\t<meta name=\"twitter:label2\" content=\"Odhadovan\u00e1 doba \u010dten\u00ed\" \/>\n\t<meta name=\"twitter:data2\" content=\"4 minuty\" \/>\n<script type=\"application\/ld+json\" class=\"yoast-schema-graph\">{\"@context\":\"https:\/\/schema.org\",\"@graph\":[{\"@type\":\"WebPage\",\"@id\":\"https:\/\/1001voyagesgourmands.com\/cs\/vanocni-monschau\/\",\"url\":\"https:\/\/1001voyagesgourmands.com\/cs\/vanocni-monschau\/\",\"name\":\"V\u00e1no\u010dn\u00ed Monschau - 1001 Voyages Gourmands\",\"isPartOf\":{\"@id\":\"https:\/\/1001voyagesgourmands.com\/cs\/#website\"},\"primaryImageOfPage\":{\"@id\":\"https:\/\/1001voyagesgourmands.com\/cs\/vanocni-monschau\/#primaryimage\"},\"image\":{\"@id\":\"https:\/\/1001voyagesgourmands.com\/cs\/vanocni-monschau\/#primaryimage\"},\"thumbnailUrl\":\"https:\/\/1001voyagesgourmands.com\/wp-content\/uploads\/2017\/12\/Monschau-22.jpg\",\"datePublished\":\"2017-12-12T21:02:04+00:00\",\"author\":{\"@id\":\"https:\/\/1001voyagesgourmands.com\/cs\/#\/schema\/person\/62e0e7238fcf7482b23bf83e1b72ff1b\"},\"description\":\"Jedno z nejkr\u00e1sn\u011bj\u0161\u00edch m\u011bst N\u011bmecka najdete hned u hranic s Belgi\u00ed, kter\u00e9 se b\u011bhem Adventu m\u011bn\u00ed na poh\u00e1dkov\u00e9 m\u00edsto. Jak vypad\u00e1 v\u00e1no\u010dn\u00ed Monschau?\",\"breadcrumb\":{\"@id\":\"https:\/\/1001voyagesgourmands.com\/cs\/vanocni-monschau\/#breadcrumb\"},\"inLanguage\":\"cs\",\"potentialAction\":[{\"@type\":\"ReadAction\",\"target\":[\"https:\/\/1001voyagesgourmands.com\/cs\/vanocni-monschau\/\"]}]},{\"@type\":\"ImageObject\",\"inLanguage\":\"cs\",\"@id\":\"https:\/\/1001voyagesgourmands.com\/cs\/vanocni-monschau\/#primaryimage\",\"url\":\"https:\/\/1001voyagesgourmands.com\/wp-content\/uploads\/2017\/12\/Monschau-22.jpg\",\"contentUrl\":\"https:\/\/1001voyagesgourmands.com\/wp-content\/uploads\/2017\/12\/Monschau-22.jpg\",\"width\":1000,\"height\":667,\"caption\":\"Jedno z nejkr\u00e1sn\u011bj\u0161\u00edch m\u011bst N\u011bmecka najdete hned u hranic s Belgi\u00ed, kter\u00e9 se b\u011bhem Adventu m\u011bn\u00ed na poh\u00e1dkov\u00e9 m\u00edsto. Jak vypad\u00e1 v\u00e1no\u010dn\u00ed Monschau?\"},{\"@type\":\"BreadcrumbList\",\"@id\":\"https:\/\/1001voyagesgourmands.com\/cs\/vanocni-monschau\/#breadcrumb\",\"itemListElement\":[{\"@type\":\"ListItem\",\"position\":1,\"name\":\"Dom\u016f\",\"item\":\"https:\/\/1001voyagesgourmands.com\/cs\/\"},{\"@type\":\"ListItem\",\"position\":2,\"name\":\"V\u00e1no\u010dn\u00ed Monschau\"}]},{\"@type\":\"WebSite\",\"@id\":\"https:\/\/1001voyagesgourmands.com\/cs\/#website\",\"url\":\"https:\/\/1001voyagesgourmands.com\/cs\/\",\"name\":\"1001 Voyages Gourmands\",\"description\":\"Food | Travel | Photography\",\"potentialAction\":[{\"@type\":\"SearchAction\",\"target\":{\"@type\":\"EntryPoint\",\"urlTemplate\":\"https:\/\/1001voyagesgourmands.com\/cs\/?s={search_term_string}\"},\"query-input\":{\"@type\":\"PropertyValueSpecification\",\"valueRequired\":true,\"valueName\":\"search_term_string\"}}],\"inLanguage\":\"cs\"},{\"@type\":\"Person\",\"@id\":\"https:\/\/1001voyagesgourmands.com\/cs\/#\/schema\/person\/62e0e7238fcf7482b23bf83e1b72ff1b\",\"name\":\"Michaela\",\"image\":{\"@type\":\"ImageObject\",\"inLanguage\":\"cs\",\"@id\":\"https:\/\/1001voyagesgourmands.com\/cs\/#\/schema\/person\/image\/\",\"url\":\"https:\/\/secure.gravatar.com\/avatar\/73fa562a5b0ce269ca480f67de504b8ecac054a121d170e226f1b79e02024cb8?s=96&d=mm&r=g\",\"contentUrl\":\"https:\/\/secure.gravatar.com\/avatar\/73fa562a5b0ce269ca480f67de504b8ecac054a121d170e226f1b79e02024cb8?s=96&d=mm&r=g\",\"caption\":\"Michaela\"},\"sameAs\":[\"http:\/\/1001voyagesgourmands.com\"]}]}<\/script>\n<!-- \/ Yoast SEO plugin. -->","yoast_head_json":{"title":"V\u00e1no\u010dn\u00ed Monschau - 1001 Voyages Gourmands","description":"Jedno z nejkr\u00e1sn\u011bj\u0161\u00edch m\u011bst N\u011bmecka najdete hned u hranic s Belgi\u00ed, kter\u00e9 se b\u011bhem Adventu m\u011bn\u00ed na poh\u00e1dkov\u00e9 m\u00edsto. Jak vypad\u00e1 v\u00e1no\u010dn\u00ed Monschau?","robots":{"index":"index","follow":"follow","max-snippet":"max-snippet:-1","max-image-preview":"max-image-preview:large","max-video-preview":"max-video-preview:-1"},"canonical":"https:\/\/1001voyagesgourmands.com\/cs\/vanocni-monschau\/","og_locale":"cs_CZ","og_type":"article","og_title":"V\u00e1no\u010dn\u00ed Monschau - 1001 Voyages Gourmands","og_description":"Jedno z nejkr\u00e1sn\u011bj\u0161\u00edch m\u011bst N\u011bmecka najdete hned u hranic s Belgi\u00ed, kter\u00e9 se b\u011bhem Adventu m\u011bn\u00ed na poh\u00e1dkov\u00e9 m\u00edsto. Jak vypad\u00e1 v\u00e1no\u010dn\u00ed Monschau?","og_url":"https:\/\/1001voyagesgourmands.com\/cs\/vanocni-monschau\/","og_site_name":"1001 Voyages Gourmands","article_publisher":"https:\/\/www.facebook.com\/1001voyagesgourmands","article_published_time":"2017-12-12T21:02:04+00:00","og_image":[{"width":1000,"height":667,"url":"https:\/\/1001voyagesgourmands.com\/wp-content\/uploads\/2017\/12\/Monschau-22.jpg","type":"image\/jpeg"}],"author":"Michaela","twitter_card":"summary_large_image","twitter_creator":"@michaela_1001vg","twitter_site":"@michaela_1001vg","twitter_misc":{"Napsal(a)":"Michaela","Odhadovan\u00e1 doba \u010dten\u00ed":"4 minuty"},"schema":{"@context":"https:\/\/schema.org","@graph":[{"@type":"WebPage","@id":"https:\/\/1001voyagesgourmands.com\/cs\/vanocni-monschau\/","url":"https:\/\/1001voyagesgourmands.com\/cs\/vanocni-monschau\/","name":"V\u00e1no\u010dn\u00ed Monschau - 1001 Voyages Gourmands","isPartOf":{"@id":"https:\/\/1001voyagesgourmands.com\/cs\/#website"},"primaryImageOfPage":{"@id":"https:\/\/1001voyagesgourmands.com\/cs\/vanocni-monschau\/#primaryimage"},"image":{"@id":"https:\/\/1001voyagesgourmands.com\/cs\/vanocni-monschau\/#primaryimage"},"thumbnailUrl":"https:\/\/1001voyagesgourmands.com\/wp-content\/uploads\/2017\/12\/Monschau-22.jpg","datePublished":"2017-12-12T21:02:04+00:00","author":{"@id":"https:\/\/1001voyagesgourmands.com\/cs\/#\/schema\/person\/62e0e7238fcf7482b23bf83e1b72ff1b"},"description":"Jedno z nejkr\u00e1sn\u011bj\u0161\u00edch m\u011bst N\u011bmecka najdete hned u hranic s Belgi\u00ed, kter\u00e9 se b\u011bhem Adventu m\u011bn\u00ed na poh\u00e1dkov\u00e9 m\u00edsto. Jak vypad\u00e1 v\u00e1no\u010dn\u00ed Monschau?","breadcrumb":{"@id":"https:\/\/1001voyagesgourmands.com\/cs\/vanocni-monschau\/#breadcrumb"},"inLanguage":"cs","potentialAction":[{"@type":"ReadAction","target":["https:\/\/1001voyagesgourmands.com\/cs\/vanocni-monschau\/"]}]},{"@type":"ImageObject","inLanguage":"cs","@id":"https:\/\/1001voyagesgourmands.com\/cs\/vanocni-monschau\/#primaryimage","url":"https:\/\/1001voyagesgourmands.com\/wp-content\/uploads\/2017\/12\/Monschau-22.jpg","contentUrl":"https:\/\/1001voyagesgourmands.com\/wp-content\/uploads\/2017\/12\/Monschau-22.jpg","width":1000,"height":667,"caption":"Jedno z nejkr\u00e1sn\u011bj\u0161\u00edch m\u011bst N\u011bmecka najdete hned u hranic s Belgi\u00ed, kter\u00e9 se b\u011bhem Adventu m\u011bn\u00ed na poh\u00e1dkov\u00e9 m\u00edsto. Jak vypad\u00e1 v\u00e1no\u010dn\u00ed Monschau?"},{"@type":"BreadcrumbList","@id":"https:\/\/1001voyagesgourmands.com\/cs\/vanocni-monschau\/#breadcrumb","itemListElement":[{"@type":"ListItem","position":1,"name":"Dom\u016f","item":"https:\/\/1001voyagesgourmands.com\/cs\/"},{"@type":"ListItem","position":2,"name":"V\u00e1no\u010dn\u00ed Monschau"}]},{"@type":"WebSite","@id":"https:\/\/1001voyagesgourmands.com\/cs\/#website","url":"https:\/\/1001voyagesgourmands.com\/cs\/","name":"1001 Voyages Gourmands","description":"Food | Travel | Photography","potentialAction":[{"@type":"SearchAction","target":{"@type":"EntryPoint","urlTemplate":"https:\/\/1001voyagesgourmands.com\/cs\/?s={search_term_string}"},"query-input":{"@type":"PropertyValueSpecification","valueRequired":true,"valueName":"search_term_string"}}],"inLanguage":"cs"},{"@type":"Person","@id":"https:\/\/1001voyagesgourmands.com\/cs\/#\/schema\/person\/62e0e7238fcf7482b23bf83e1b72ff1b","name":"Michaela","image":{"@type":"ImageObject","inLanguage":"cs","@id":"https:\/\/1001voyagesgourmands.com\/cs\/#\/schema\/person\/image\/","url":"https:\/\/secure.gravatar.com\/avatar\/73fa562a5b0ce269ca480f67de504b8ecac054a121d170e226f1b79e02024cb8?s=96&d=mm&r=g","contentUrl":"https:\/\/secure.gravatar.com\/avatar\/73fa562a5b0ce269ca480f67de504b8ecac054a121d170e226f1b79e02024cb8?s=96&d=mm&r=g","caption":"Michaela"},"sameAs":["http:\/\/1001voyagesgourmands.com"]}]}},"_links":{"self":[{"href":"https:\/\/1001voyagesgourmands.com\/cs\/wp-json\/wp\/v2\/posts\/14283","targetHints":{"allow":["GET"]}}],"collection":[{"href":"https:\/\/1001voyagesgourmands.com\/cs\/wp-json\/wp\/v2\/posts"}],"about":[{"href":"https:\/\/1001voyagesgourmands.com\/cs\/wp-json\/wp\/v2\/types\/post"}],"author":[{"embeddable":true,"href":"https:\/\/1001voyagesgourmands.com\/cs\/wp-json\/wp\/v2\/users\/1"}],"replies":[{"embeddable":true,"href":"https:\/\/1001voyagesgourmands.com\/cs\/wp-json\/wp\/v2\/comments?post=14283"}],"version-history":[{"count":0,"href":"https:\/\/1001voyagesgourmands.com\/cs\/wp-json\/wp\/v2\/posts\/14283\/revisions"}],"wp:featuredmedia":[{"embeddable":true,"href":"https:\/\/1001voyagesgourmands.com\/cs\/wp-json\/wp\/v2\/media\/19013"}],"wp:attachment":[{"href":"https:\/\/1001voyagesgourmands.com\/cs\/wp-json\/wp\/v2\/media?parent=14283"}],"wp:term":[{"taxonomy":"category","embeddable":true,"href":"https:\/\/1001voyagesgourmands.com\/cs\/wp-json\/wp\/v2\/categories?post=14283"},{"taxonomy":"post_tag","embeddable":true,"href":"https:\/\/1001voyagesgourmands.com\/cs\/wp-json\/wp\/v2\/tags?post=14283"}],"curies":[{"name":"wp","href":"https:\/\/api.w.org\/{rel}","templated":true}]}}