{"id":14083,"date":"2016-12-30T00:44:58","date_gmt":"2016-12-29T23:44:58","guid":{"rendered":"http:\/\/1001voyagesgourmands.com\/?p=14083\/"},"modified":"2018-01-08T22:16:04","modified_gmt":"2018-01-08T21:16:04","slug":"zajimava-mista-ktera-jsem-objevila-v-roce-2016","status":"publish","type":"post","link":"https:\/\/1001voyagesgourmands.com\/cs\/zajimava-mista-ktera-jsem-objevila-v-roce-2016\/","title":{"rendered":"Zaj\u00edmav\u00e1 m\u00edsta, kter\u00e1 jsem objevila v roce 2016"},"content":{"rendered":"<p style=\"text-align: justify;\">Jsou tu posledn\u00ed dny roku 2016 a s nimi i ohl\u00e9dnut\u00ed za t\u00edm, co hezk\u00e9ho mi p\u0159inesl. Mimo pendlov\u00e1n\u00ed mezi Bruselem a Prahou se ka\u017ed\u00fdm rokem sna\u017e\u00edm jet alespo\u0148 na p\u00e1r m\u00edst, kde jsem p\u0159edt\u00edm nikdy nebyla. Po listopadu 2015, co jsem si splnila sen, kdy\u017e jsme se kone\u010dn\u011b vydali do Peru a Bol\u00edvie, rok 2016 zdaleka tak zcestoval\u00fd nebyl. B\u011bhem prvn\u00edch m\u011bs\u00edc\u016f roku jsem se dost nudila v b\u00fdval\u00e9 pr\u00e1ci, a tak jsem se rozhodla hledat novou v\u00fdzvu. Tu jsem na\u0161la a pak jsem se po n\u011bkolik dal\u0161\u00edch m\u011bs\u00edc\u016f soust\u0159edila na vst\u0159eb\u00e1v\u00e1n\u00ed nov\u00e9 pr\u00e1ce, a tak na pl\u00e1nov\u00e1n\u00ed jak\u00fdchkoli del\u0161\u00edch pr\u00e1zdnin nebyl \u010das. Nicm\u00e9n\u011b na zadku jsem doma nesed\u011bla \u2013 podnikli jsme plno p\u011bkn\u00fdch krat\u0161\u00edch v\u00fdlet\u016f, za kter\u00e9 jsem moc vd\u011b\u010dn\u00e1. O n\u011bkter\u00fdch jsem na blogu u\u017e psala, o n\u011bkter\u00fdch v\u016fbec. Ov\u0161em kdo m\u011b sledujete na <strong><a href=\"https:\/\/www.instagram.com\/1001voyagesgourmands\/\">Instagramu<\/a><\/strong>, jste mohli n\u011bco zaznamenat. Tady jsou tedy zaj\u00edmav\u00e1 m\u00edsta, kter\u00e1 jsem objevila v roce 2016 a kter\u00e1 m\u011b nadchla. A kdo v\u00ed, t\u0159eba v\u00e1s t\u00edm inspiruji na va\u0161i p\u0159\u00ed\u0161t\u00ed dovolenou! \ud83d\ude42&nbsp;<\/p>\n<p style=\"text-align: justify;\">&nbsp;<\/p>\n<h3 style=\"text-align: justify;\">T\u0159i \u00fadol\u00ed, Francie<\/h3>\n<p><img loading=\"lazy\" decoding=\"async\" class=\"aligncenter size-full wp-image-14149\" src=\"http:\/\/1001voyagesgourmands.com\/wp-content\/uploads\/2016\/12\/zajimava_mista_ktera_jsem_objevila_v_roce_2016-7.jpg\" alt=\"Tady jsou tedy zaj\u00edmav\u00e1 m\u00edsta, kter\u00e1 jsem objevila v roce 2016 a kter\u00e1 m\u011b nadchla. A kdo v\u00ed, t\u0159eba v\u00e1s t\u00edm inspiruji na va\u0161i p\u0159\u00ed\u0161t\u00ed dovolenou!\" width=\"795\" height=\"530\" srcset=\"https:\/\/1001voyagesgourmands.com\/wp-content\/uploads\/2016\/12\/zajimava_mista_ktera_jsem_objevila_v_roce_2016-7.jpg 795w, https:\/\/1001voyagesgourmands.com\/wp-content\/uploads\/2016\/12\/zajimava_mista_ktera_jsem_objevila_v_roce_2016-7-263x175.jpg 263w, https:\/\/1001voyagesgourmands.com\/wp-content\/uploads\/2016\/12\/zajimava_mista_ktera_jsem_objevila_v_roce_2016-7-300x200.jpg 300w, https:\/\/1001voyagesgourmands.com\/wp-content\/uploads\/2016\/12\/zajimava_mista_ktera_jsem_objevila_v_roce_2016-7-768x512.jpg 768w, https:\/\/1001voyagesgourmands.com\/wp-content\/uploads\/2016\/12\/zajimava_mista_ktera_jsem_objevila_v_roce_2016-7-585x390.jpg 585w\" sizes=\"auto, (max-width: 795px) 100vw, 795px\" \/><\/p>\n<p style=\"text-align: justify;\">V \u00fanoru jsme dali dohromady 4 lidi a vyjeli jsme na t\u00fdden na ly\u017ee do nejv\u011bt\u0161\u00edho ly\u017ea\u0159sk\u00e9ho are\u00e1lu na sv\u011bt\u011b \u2018Les 3 Vall\u00e9es\u2019 (\u010desky T\u0159i \u00dadol\u00ed), le\u017e\u00edc\u00edho v departmentu Savoie. P\u0159ibli\u017en\u011b 8 rezort\u016f je tu propojen\u00fdch pouze lanovkami a sjezdovkami, m\u016f\u017eete si tedy ka\u017ed\u00fd den vybrat, kde si zaly\u017eujete. V rezortu Les Meuniers jsme si pronajali studio a zaly\u017eovali jsme si jak v Les Meuniers, tak i ve Val Thorens a kluci se posledn\u00ed den i p\u0159es \u0161patnou viditelnost vydali do Courchevel. Byl to t\u00fdden pln\u00fd dobr\u00e9 z\u00e1bavy, ly\u017eov\u00e1n\u00ed a proch\u00e1zek, kartov\u00fdch ve\u010der\u016f, a nechyb\u011bl ani raclette \u010di fondue. \ud83d\ude42<\/p>\n<p style=\"text-align: justify;\">\u010c\u00edst d\u00e1le: <strong><a href=\"http:\/\/1001voyagesgourmands.com\/lyzovani-ve-trech-udolich-francie\/\">Ly\u017eov\u00e1n\u00ed ve T\u0159ech \u00fadol\u00edch (Les 3 Vall\u00e9es) ve Francii<\/a><\/strong><\/p>\n<p style=\"text-align: justify;\">&nbsp;<\/p>\n<h3 style=\"text-align: justify;\">\u2018Modr\u00fd les\u2019 Hallerbos, Belgie<\/h3>\n<p><img loading=\"lazy\" decoding=\"async\" class=\"aligncenter size-full wp-image-14143\" src=\"http:\/\/1001voyagesgourmands.com\/wp-content\/uploads\/2016\/12\/zajimava_mista_ktera_jsem_objevila_v_roce_2016-4.jpg\" alt=\"Tady jsou tedy zaj\u00edmav\u00e1 m\u00edsta, kter\u00e1 jsem objevila v roce 2016 a kter\u00e1 m\u011b nadchla. A kdo v\u00ed, t\u0159eba v\u00e1s t\u00edm inspiruji na va\u0161i p\u0159\u00ed\u0161t\u00ed dovolenou!\" width=\"800\" height=\"530\" srcset=\"https:\/\/1001voyagesgourmands.com\/wp-content\/uploads\/2016\/12\/zajimava_mista_ktera_jsem_objevila_v_roce_2016-4.jpg 800w, https:\/\/1001voyagesgourmands.com\/wp-content\/uploads\/2016\/12\/zajimava_mista_ktera_jsem_objevila_v_roce_2016-4-300x199.jpg 300w, https:\/\/1001voyagesgourmands.com\/wp-content\/uploads\/2016\/12\/zajimava_mista_ktera_jsem_objevila_v_roce_2016-4-768x509.jpg 768w, https:\/\/1001voyagesgourmands.com\/wp-content\/uploads\/2016\/12\/zajimava_mista_ktera_jsem_objevila_v_roce_2016-4-780x516.jpg 780w, https:\/\/1001voyagesgourmands.com\/wp-content\/uploads\/2016\/12\/zajimava_mista_ktera_jsem_objevila_v_roce_2016-4-585x388.jpg 585w, https:\/\/1001voyagesgourmands.com\/wp-content\/uploads\/2016\/12\/zajimava_mista_ktera_jsem_objevila_v_roce_2016-4-263x175.jpg 263w\" sizes=\"auto, (max-width: 800px) 100vw, 800px\" \/><\/p>\n<p style=\"text-align: justify;\">Tento rok jsem se poprv\u00e9 dostala do tzv. Modr\u00e9ho lesa v Belgii. Ka\u017ed\u00fdm rokem kolem p\u016flky dubna tu v lese Hallerbos kvetou modr\u00e9 zvone\u010dky, kter\u00e9 vytv\u00e1\u0159ej\u00ed kr\u00e1sn\u00fd modr\u00fd koberec a les tak z\u00edsk\u00e1 mystickou atmosf\u00e9ru. Krom\u011b modr\u00fdch zvonk\u016f tu tak\u00e9 najdete ob\u0159\u00ed sekvoje.<\/p>\n<p style=\"text-align: justify;\">\u010c\u00edst d\u00e1le: <a href=\"http:\/\/1001voyagesgourmands.com\/2016\/04\/25\/mysticky-les-bois-de-hal\/\"><strong>Mystick\u00fd les Bois de Hal<\/strong><\/a><\/p>\n<p style=\"text-align: justify;\"><strong>&nbsp;<\/strong><\/p>\n<h3 style=\"text-align: justify;\">Valencie, \u0160pan\u011blsko<\/h3>\n<p><img loading=\"lazy\" decoding=\"async\" class=\"aligncenter size-full wp-image-14141\" src=\"http:\/\/1001voyagesgourmands.com\/wp-content\/uploads\/2016\/12\/zajimava_mista_ktera_jsem_objevila_v_roce_2016-3.jpg\" alt=\"Tady jsou tedy zaj\u00edmav\u00e1 m\u00edsta, kter\u00e1 jsem objevila v roce 2016 a kter\u00e1 m\u011b nadchla. A kdo v\u00ed, t\u0159eba v\u00e1s t\u00edm inspiruji na va\u0161i p\u0159\u00ed\u0161t\u00ed dovolenou!\" width=\"800\" height=\"530\" srcset=\"https:\/\/1001voyagesgourmands.com\/wp-content\/uploads\/2016\/12\/zajimava_mista_ktera_jsem_objevila_v_roce_2016-3.jpg 800w, https:\/\/1001voyagesgourmands.com\/wp-content\/uploads\/2016\/12\/zajimava_mista_ktera_jsem_objevila_v_roce_2016-3-263x175.jpg 263w, https:\/\/1001voyagesgourmands.com\/wp-content\/uploads\/2016\/12\/zajimava_mista_ktera_jsem_objevila_v_roce_2016-3-300x199.jpg 300w, https:\/\/1001voyagesgourmands.com\/wp-content\/uploads\/2016\/12\/zajimava_mista_ktera_jsem_objevila_v_roce_2016-3-768x509.jpg 768w, https:\/\/1001voyagesgourmands.com\/wp-content\/uploads\/2016\/12\/zajimava_mista_ktera_jsem_objevila_v_roce_2016-3-780x516.jpg 780w, https:\/\/1001voyagesgourmands.com\/wp-content\/uploads\/2016\/12\/zajimava_mista_ktera_jsem_objevila_v_roce_2016-3-585x388.jpg 585w\" sizes=\"auto, (max-width: 800px) 100vw, 800px\" \/><\/p>\n<p style=\"text-align: justify;\">Koncem kv\u011btna se \u017eenil Seb\u016fv nejlep\u0161\u00ed p\u0159\u00edtel v rodn\u00e9m m\u011bst\u011b sv\u00e9 nast\u00e1vaj\u00edc\u00ed, ve Valencii. Pobyt jsme si tu prodlou\u017eili o p\u00e1r dn\u00ed, abychom m\u011bli \u010das m\u011bsto prozkoumat. Bylo n\u00e1m tam n\u00e1ramn\u011b fajn. Centrum je pln\u00e9 majest\u00e1tn\u00edch budov, muze\u00ed, trh\u016f, restaurac\u00ed, obchod\u016f, zelen\u00fdch ploch vznikl\u00fdch ve vyschl\u00e9m korytu \u0159eky, a na pl\u00e1\u017e to m\u00e1te p\u016fl hodiny na kole. Valencie je pro kola a chodce jak d\u011blan\u00e1. Mimochodem, svatba byla poh\u00e1dkov\u00e1. \ud83d\ude42<\/p>\n<p>\u010c\u00edst d\u00e1le:&nbsp;<a href=\"http:\/\/1001voyagesgourmands.com\/co-videt-a-podniknout-ve-valencii\/\"><strong>12 Tip\u016f, co vid\u011bt a podniknout ve Valencii<\/strong><\/a><\/p>\n<p style=\"text-align: justify;\"><strong>&nbsp;<\/strong><\/p>\n<h3 style=\"text-align: justify;\">Fondation Luis Vuitton, Pa\u0159\u00ed\u017e, Francie<\/h3>\n<p><img loading=\"lazy\" decoding=\"async\" class=\"aligncenter size-full wp-image-14137\" src=\"http:\/\/1001voyagesgourmands.com\/wp-content\/uploads\/2016\/12\/zajimava_mista_ktera_jsem_objevila_v_roce_2016-1.jpg\" alt=\"Tady jsou tedy zaj\u00edmav\u00e1 m\u00edsta, kter\u00e1 jsem objevila v roce 2016 a kter\u00e1 m\u011b nadchla. A kdo v\u00ed, t\u0159eba v\u00e1s t\u00edm inspiruji na va\u0161i p\u0159\u00ed\u0161t\u00ed dovolenou!\" width=\"800\" height=\"530\" srcset=\"https:\/\/1001voyagesgourmands.com\/wp-content\/uploads\/2016\/12\/zajimava_mista_ktera_jsem_objevila_v_roce_2016-1.jpg 800w, https:\/\/1001voyagesgourmands.com\/wp-content\/uploads\/2016\/12\/zajimava_mista_ktera_jsem_objevila_v_roce_2016-1-263x175.jpg 263w, https:\/\/1001voyagesgourmands.com\/wp-content\/uploads\/2016\/12\/zajimava_mista_ktera_jsem_objevila_v_roce_2016-1-300x199.jpg 300w, https:\/\/1001voyagesgourmands.com\/wp-content\/uploads\/2016\/12\/zajimava_mista_ktera_jsem_objevila_v_roce_2016-1-768x509.jpg 768w, https:\/\/1001voyagesgourmands.com\/wp-content\/uploads\/2016\/12\/zajimava_mista_ktera_jsem_objevila_v_roce_2016-1-780x516.jpg 780w, https:\/\/1001voyagesgourmands.com\/wp-content\/uploads\/2016\/12\/zajimava_mista_ktera_jsem_objevila_v_roce_2016-1-585x388.jpg 585w\" sizes=\"auto, (max-width: 800px) 100vw, 800px\" \/><\/p>\n<p style=\"text-align: justify;\">V \u010dervnu jsem byla kv\u016fli pr\u00e1ci v Pa\u0159\u00ed\u017ei, a rozhodla se z\u016fstat na v\u00edkend. Do\u0161la jsem se pod\u00edvat na veled\u00edlo Franka Gehryho Fondation Louis Vuitton, je\u017e stoj\u00ed ji\u017e p\u00e1r let v Bulo\u0148sk\u00e9m les\u00edku. Projekt &#8222;Observatory of Light&#8220; od Daniela Burena stavbu ukazuje v barevn\u00e9m sv\u011btle&nbsp;\u2013 sklen\u011bn\u00e9 opl\u00e1\u0161t\u011bn\u00ed je pokryto na st\u0159\u00edda\u010dku r\u016fzn\u00fdmi barvami a slune\u010dn\u00ed svit tak prom\u00edt\u00e1 na b\u00edlou podlahu a st\u011bny vnit\u0159n\u00edch teras barevn\u00e9 pruhy. Uvnit\u0159 byla tenkr\u00e1t v\u00fdstava asijsk\u00e9ho um\u011bn\u00ed, ze kter\u00e9 m\u011b nejv\u00edce poznamenala video instalace Isaaca Juliena &#8222;Ten Thousand Waves&#8220;, prom\u00edtan\u00e1 na 9 r\u016fzn\u00fdch obrazovk\u00e1ch, p\u0159i\u010dem\u017e ka\u017ed\u00e1 brala dan\u00fd d\u011bj z jin\u00e9ho \u00fahlu. Fantastick\u00e9 d\u00edlo d\u00e1v\u00e1 do kontastu v\u00fdchodn\u00ed a z\u00e1padn\u00ed sv\u011bt, ale v j\u00e1dru se to\u010d\u00ed kolem trag\u00e9die smrti dvac\u00edtky \u010c\u00ed\u0148an\u016f, kte\u0159\u00ed v severn\u00ed Anglii sb\u00edrali mu\u0161le, aby si vyd\u011blali na \u017eivobyt\u00ed, ale m\u00edsto toho na\u0161li smrt v p\u0159\u00edlivu &#8211; cel\u00e9 je to pojato z pohledu \u010c\u00ednsk\u00e9 spole\u010dnosti, v\u010detn\u011b bohyn\u011b mo\u0159e. Na YouTube jsem na\u0161la <a href=\"https:\/\/www.youtube.com\/watch?v=0c8HH3v11jQ\"><strong>kr\u00e1tk\u00e9 video<\/strong><\/a> &#8211; jukn\u011bte!<\/p>\n<p style=\"text-align: justify;\">\u010c\u00edst d\u00e1le: <a href=\"http:\/\/1001voyagesgourmands.com\/fondation-louis-vuitton-v-parizi\/\"><strong>Fondation Louis Vuitton v Pa\u0159\u00ed\u017ei<\/strong><\/a><\/p>\n<p style=\"text-align: justify;\"><strong>&nbsp;<\/strong><\/p>\n<h3 style=\"text-align: justify;\">Vina\u0159sk\u00e1 oblast Ji\u017en\u00ed Moravy, \u010cesk\u00e1 republika<\/h3>\n<p><img loading=\"lazy\" decoding=\"async\" class=\"aligncenter size-full wp-image-11577\" src=\"http:\/\/1001voyagesgourmands.com\/wp-content\/uploads\/2016\/09\/Jizni_Morava-13.jpg\" alt=\"Ji\u017en\u00ed Morava m\u00e1 krom cyklostezek, z\u00e1mk\u016f a p\u0159\u00edrodn\u00edch kr\u00e1s tak\u00e9 ide\u00e1ln\u00ed podm\u00ednky pro p\u011bstov\u00e1n\u00ed vinn\u00e9 r\u00e9vy a tak si tu tak\u00e9 milovn\u00edci v\u00edna p\u0159ijdou na sv\u00e9.\" width=\"800\" height=\"530\" srcset=\"https:\/\/1001voyagesgourmands.com\/wp-content\/uploads\/2016\/09\/Jizni_Morava-13.jpg 800w, https:\/\/1001voyagesgourmands.com\/wp-content\/uploads\/2016\/09\/Jizni_Morava-13-300x199.jpg 300w, https:\/\/1001voyagesgourmands.com\/wp-content\/uploads\/2016\/09\/Jizni_Morava-13-768x509.jpg 768w, https:\/\/1001voyagesgourmands.com\/wp-content\/uploads\/2016\/09\/Jizni_Morava-13-780x516.jpg 780w, https:\/\/1001voyagesgourmands.com\/wp-content\/uploads\/2016\/09\/Jizni_Morava-13-585x388.jpg 585w, https:\/\/1001voyagesgourmands.com\/wp-content\/uploads\/2016\/09\/Jizni_Morava-13-263x175.jpg 263w\" sizes=\"auto, (max-width: 800px) 100vw, 800px\" \/><\/p>\n<p style=\"text-align: justify;\">Na srpen jsme si napl\u00e1novali dovolenou na Ji\u017en\u00ed Morav\u011b. Po dvou dnech v <strong><a href=\"http:\/\/1001voyagesgourmands.com\/2016\/08\/22\/co-videt-podniknout-v-brne\/\">Brn\u011b<\/a><\/strong> jsme se vydali do Hustope\u010de, odkud jsme si projeli vinnou cyklostezku Mikulov skrz Strachot\u00edn, Doln\u00ed V\u011bstonice, Velk\u00e9 Ml\u00fdny a Pavlov.<\/p>\n<p style=\"text-align: justify;\">\u010c\u00edst d\u00e1le: <a href=\"http:\/\/1001voyagesgourmands.com\/2016\/09\/19\/vylet-za-vinem-na-jizni-moravu\/\"><strong>V\u00fdlet za v\u00ednem na Ji\u017en\u00ed Moravu<\/strong><\/a><\/p>\n<p style=\"text-align: justify;\">&nbsp;<\/p>\n<h3 style=\"text-align: justify;\">Mikulov, \u010cesk\u00e1 republika<\/h3>\n<p style=\"text-align: justify;\"><img loading=\"lazy\" decoding=\"async\" class=\"aligncenter size-full wp-image-11104\" src=\"http:\/\/1001voyagesgourmands.com\/wp-content\/uploads\/2016\/08\/Mikulov-15.jpg\" alt=\"Mikulov je velice \u0161armantn\u00ed jihomoravsk\u00e9 m\u011bste\u010dko, kde se snoub\u00ed vinn\u00e1 kultura s p\u0159\u00edrodou a histori\u00ed. Nechte se inspirovat, co se tu d\u00e1 vid\u011bt a podniknout!\" width=\"999\" height=\"662\" srcset=\"https:\/\/1001voyagesgourmands.com\/wp-content\/uploads\/2016\/08\/Mikulov-15.jpg 999w, https:\/\/1001voyagesgourmands.com\/wp-content\/uploads\/2016\/08\/Mikulov-15-800x530.jpg 800w, https:\/\/1001voyagesgourmands.com\/wp-content\/uploads\/2016\/08\/Mikulov-15-300x199.jpg 300w, https:\/\/1001voyagesgourmands.com\/wp-content\/uploads\/2016\/08\/Mikulov-15-768x509.jpg 768w, https:\/\/1001voyagesgourmands.com\/wp-content\/uploads\/2016\/08\/Mikulov-15-780x516.jpg 780w, https:\/\/1001voyagesgourmands.com\/wp-content\/uploads\/2016\/08\/Mikulov-15-585x388.jpg 585w, https:\/\/1001voyagesgourmands.com\/wp-content\/uploads\/2016\/08\/Mikulov-15-263x175.jpg 263w\" sizes=\"auto, (max-width: 999px) 100vw, 999px\" \/><\/p>\n<p style=\"text-align: justify;\">B\u011bhem na\u0161eho pobytu na Ji\u017en\u00ed Morav\u011b jsme nav\u0161t\u00edvili tak\u00e9 Mikulov, kr\u00e1sn\u00e9 malebn\u00e9 m\u011bste\u010dko, kter\u00e9mu dominuje hrad viditeln\u00fd ji\u017e z d\u00e1lky.&nbsp;<\/p>\n<p style=\"text-align: justify;\">\u010c\u00edst d\u00e1le: <a href=\"http:\/\/1001voyagesgourmands.com\/2016\/09\/01\/pohadkovy-mikulov\/\"><strong>Poh\u00e1dkov\u00fd Mikulov<\/strong><\/a><\/p>\n<p style=\"text-align: justify;\">&nbsp;<\/p>\n<h3 style=\"text-align: justify;\">Lednicko-Valtick\u00fd are\u00e1l<\/h3>\n<p style=\"text-align: justify;\"><img loading=\"lazy\" decoding=\"async\" class=\"aligncenter size-full wp-image-12646\" src=\"http:\/\/1001voyagesgourmands.com\/wp-content\/uploads\/2016\/10\/Lednice_Valtice-29-2.jpg\" alt=\"Two beautiful castles and a vast natural park of 283 km\u00b2 which is supposed to be one of the largest castle parks in Europe, create a fairytale place.\" width=\"800\" height=\"530\" srcset=\"https:\/\/1001voyagesgourmands.com\/wp-content\/uploads\/2016\/10\/Lednice_Valtice-29-2.jpg 800w, https:\/\/1001voyagesgourmands.com\/wp-content\/uploads\/2016\/10\/Lednice_Valtice-29-2-300x199.jpg 300w, https:\/\/1001voyagesgourmands.com\/wp-content\/uploads\/2016\/10\/Lednice_Valtice-29-2-768x509.jpg 768w, https:\/\/1001voyagesgourmands.com\/wp-content\/uploads\/2016\/10\/Lednice_Valtice-29-2-780x516.jpg 780w, https:\/\/1001voyagesgourmands.com\/wp-content\/uploads\/2016\/10\/Lednice_Valtice-29-2-585x388.jpg 585w\" sizes=\"auto, (max-width: 800px) 100vw, 800px\" \/><\/p>\n<p style=\"text-align: justify;\">Posledn\u00ed den na Morav\u011b jsme zasv\u011btili n\u00e1v\u0161t\u011bv\u011b z\u00e1mk\u016f Lednice a Valtice a op\u011bt jsme se c\u00edtili jak v poh\u00e1dce. \ud83d\ude42<\/p>\n<p style=\"text-align: justify;\">\u010c\u00edst d\u00e1le: <a href=\"http:\/\/1001voyagesgourmands.com\/2016\/10\/13\/lednicko-valticky-areal\/\"><strong>Lednicko-Valtick\u00fd are\u00e1l<\/strong><\/a><\/p>\n<p>&nbsp;<\/p>\n<h3 style=\"text-align: justify;\">Sagrada Familia, Barcelona, \u0160pan\u011blsko<\/h3>\n<p><img loading=\"lazy\" decoding=\"async\" class=\"aligncenter size-full wp-image-14155\" src=\"http:\/\/1001voyagesgourmands.com\/wp-content\/uploads\/2016\/12\/zajimava_mista_ktera_jsem_objevila_v_roce_2016-8-1.jpg\" alt=\"Tady jsou tedy zaj\u00edmav\u00e1 m\u00edsta, kter\u00e1 jsem objevila v roce 2016 a kter\u00e1 m\u011b nadchla. A kdo v\u00ed, t\u0159eba v\u00e1s t\u00edm inspiruji na va\u0161i p\u0159\u00ed\u0161t\u00ed dovolenou!\" width=\"800\" height=\"530\" srcset=\"https:\/\/1001voyagesgourmands.com\/wp-content\/uploads\/2016\/12\/zajimava_mista_ktera_jsem_objevila_v_roce_2016-8-1.jpg 800w, https:\/\/1001voyagesgourmands.com\/wp-content\/uploads\/2016\/12\/zajimava_mista_ktera_jsem_objevila_v_roce_2016-8-1-263x175.jpg 263w, https:\/\/1001voyagesgourmands.com\/wp-content\/uploads\/2016\/12\/zajimava_mista_ktera_jsem_objevila_v_roce_2016-8-1-300x199.jpg 300w, https:\/\/1001voyagesgourmands.com\/wp-content\/uploads\/2016\/12\/zajimava_mista_ktera_jsem_objevila_v_roce_2016-8-1-768x509.jpg 768w, https:\/\/1001voyagesgourmands.com\/wp-content\/uploads\/2016\/12\/zajimava_mista_ktera_jsem_objevila_v_roce_2016-8-1-780x516.jpg 780w, https:\/\/1001voyagesgourmands.com\/wp-content\/uploads\/2016\/12\/zajimava_mista_ktera_jsem_objevila_v_roce_2016-8-1-585x388.jpg 585w\" sizes=\"auto, (max-width: 800px) 100vw, 800px\" \/><\/p>\n<p style=\"text-align: justify;\">V z\u00e1\u0159\u00ed Seb pot\u0159eboval trochu slun\u00ed\u010dka, a tak navrhl vz\u00edt si p\u00e1r dn\u00ed volna a koupili jsme letenky do Barcelony. Proto\u017ee jsme tu kone\u010dn\u011b byli ve v\u0161edn\u00ed den, nenechali jsme si tentokr\u00e1t uj\u00edt n\u00e1v\u0161t\u011bvu baziliky Sagrada Familia. Uvnit\u0159 je to n\u011bco neskute\u010dn\u00e9ho a p\u0159esto\u017ee je katedr\u00e1la st\u00e1le nedokon\u010den\u00e1, ta n\u00e1dhera &#8211; to, co tam uvid\u00edte, rozhodn\u011b stoj\u00ed za to vyst\u00e1t si frontu a vstoupit!<\/p>\n<p style=\"text-align: justify;\">&nbsp;<\/p>\n<h3 style=\"text-align: justify;\">Vina\u0159sk\u00e1 oblast Pened\u00e8s, \u0160pan\u011blsko<\/h3>\n<p><img loading=\"lazy\" decoding=\"async\" class=\"aligncenter size-full wp-image-14139\" src=\"http:\/\/1001voyagesgourmands.com\/wp-content\/uploads\/2016\/12\/zajimava_mista_ktera_jsem_objevila_v_roce_2016-2.jpg\" alt=\"Tady jsou tedy zaj\u00edmav\u00e1 m\u00edsta, kter\u00e1 jsem objevila v roce 2016 a kter\u00e1 m\u011b nadchla. A kdo v\u00ed, t\u0159eba v\u00e1s t\u00edm inspiruji na va\u0161i p\u0159\u00ed\u0161t\u00ed dovolenou!\" width=\"800\" height=\"530\" srcset=\"https:\/\/1001voyagesgourmands.com\/wp-content\/uploads\/2016\/12\/zajimava_mista_ktera_jsem_objevila_v_roce_2016-2.jpg 800w, https:\/\/1001voyagesgourmands.com\/wp-content\/uploads\/2016\/12\/zajimava_mista_ktera_jsem_objevila_v_roce_2016-2-263x175.jpg 263w, https:\/\/1001voyagesgourmands.com\/wp-content\/uploads\/2016\/12\/zajimava_mista_ktera_jsem_objevila_v_roce_2016-2-300x199.jpg 300w, https:\/\/1001voyagesgourmands.com\/wp-content\/uploads\/2016\/12\/zajimava_mista_ktera_jsem_objevila_v_roce_2016-2-768x509.jpg 768w, https:\/\/1001voyagesgourmands.com\/wp-content\/uploads\/2016\/12\/zajimava_mista_ktera_jsem_objevila_v_roce_2016-2-780x516.jpg 780w, https:\/\/1001voyagesgourmands.com\/wp-content\/uploads\/2016\/12\/zajimava_mista_ktera_jsem_objevila_v_roce_2016-2-585x388.jpg 585w\" sizes=\"auto, (max-width: 800px) 100vw, 800px\" \/><\/p>\n<p style=\"text-align: justify;\">To bychom nebyli my, abychom si v Barcelon\u011b nepronajali auto a nevydali se op\u011bt za v\u00ednem. Tentokr\u00e1t jsme m\u011bli v merku \u0161umiv\u00e9 v\u00edno cava, \u0161pan\u011blskou obdobu \u0161ampansk\u00e9ho, kter\u00e1 se produkuje pr\u00e1v\u011b v oblasti Pened\u00e8s, rozprost\u00edraj\u00edc\u00edho se p\u00e1r kilometr\u016f od Barcelony. Ve m\u011bst\u011b Villafranca del Pened\u00e8s jsme je\u0161t\u011b stihli posledn\u00ed den vina\u0159sk\u00fdch slavnost\u00ed a nav\u0161t\u00edvili jednoho z nejv\u011bt\u0161\u00edch a nejstar\u0161\u00edch producent\u016f &#8211; Codorn\u00edu.<\/p>\n<p style=\"text-align: justify;\">\u010c\u00edst d\u00e1le: <a href=\"http:\/\/1001voyagesgourmands.com\/2016\/10\/03\/penedes-navsteva-cava-codorniu\/\"><strong>Za v\u00ednem na Pened\u00e8s: n\u00e1v\u0161t\u011bva Cava Codorn\u00edu<\/strong><\/a><\/p>\n<p style=\"text-align: justify;\"><strong>&nbsp;<\/strong><\/p>\n<h3 style=\"text-align: justify;\">Montserrat, \u0160pan\u011blsko<\/h3>\n<p><img loading=\"lazy\" decoding=\"async\" class=\"aligncenter size-full wp-image-14153\" src=\"http:\/\/1001voyagesgourmands.com\/wp-content\/uploads\/2016\/12\/zajimava_mista_ktera_jsem_objevila_v_roce_2016-9.jpg\" alt=\"Tady jsou tedy zaj\u00edmav\u00e1 m\u00edsta, kter\u00e1 jsem objevila v roce 2016 a kter\u00e1 m\u011b nadchla. A kdo v\u00ed, t\u0159eba v\u00e1s t\u00edm inspiruji na va\u0161i p\u0159\u00ed\u0161t\u00ed dovolenou!\" width=\"800\" height=\"530\" srcset=\"https:\/\/1001voyagesgourmands.com\/wp-content\/uploads\/2016\/12\/zajimava_mista_ktera_jsem_objevila_v_roce_2016-9.jpg 800w, https:\/\/1001voyagesgourmands.com\/wp-content\/uploads\/2016\/12\/zajimava_mista_ktera_jsem_objevila_v_roce_2016-9-263x175.jpg 263w, https:\/\/1001voyagesgourmands.com\/wp-content\/uploads\/2016\/12\/zajimava_mista_ktera_jsem_objevila_v_roce_2016-9-300x199.jpg 300w, https:\/\/1001voyagesgourmands.com\/wp-content\/uploads\/2016\/12\/zajimava_mista_ktera_jsem_objevila_v_roce_2016-9-768x509.jpg 768w, https:\/\/1001voyagesgourmands.com\/wp-content\/uploads\/2016\/12\/zajimava_mista_ktera_jsem_objevila_v_roce_2016-9-780x516.jpg 780w, https:\/\/1001voyagesgourmands.com\/wp-content\/uploads\/2016\/12\/zajimava_mista_ktera_jsem_objevila_v_roce_2016-9-585x388.jpg 585w\" sizes=\"auto, (max-width: 800px) 100vw, 800px\" \/><\/p>\n<p style=\"text-align: justify;\">Po tom, co jsme si vychutnali dobrou cavu a objeli p\u00e1r vesni\u010dek, jsme si dal\u0161\u00ed den vyhradili na v\u00fdlet ke kl\u00e1\u0161t\u011bru na ho\u0159e Montserrat. A\u017e na to, \u017ee jsme hodinu hledali m\u00edsto na zaparkov\u00e1n\u00ed, byl v\u00fdlet skv\u011bl\u00fd. Kl\u00e1\u0161ter je&nbsp;v t\u00e9 sk\u00e1le &#8222;zasazen&#8220; tak, jak jsem&nbsp;ho znala z fotek, ale stejn\u011b m\u011b to trochu &#8222;odfouklo&#8220; svou velikost\u00ed. Od kl\u00e1\u0161t\u011bra vedou lanovky a n\u011bkolik turistick\u00fdch okruh\u016f kolem hory. Byl to skv\u011bl\u00fd den! V\u00fdlet sem doporu\u010duji v\u0161em, kdo tr\u00e1v\u00ed v Barcelon\u011b \u010di okol\u00ed v\u00edce \u010dasu.<\/p>\n<p>\u010c\u00edst d\u00e1le: <strong><a href=\"http:\/\/1001voyagesgourmands.com\/vylet-na-montserrat\/\">V\u00fdlet na Montserrat<\/a><\/strong><\/p>\n<p style=\"text-align: justify;\">&nbsp;<\/p>\n<h3 style=\"text-align: justify;\">Ble\u0161\u00ed trh v Saint-Ouen, Pa\u0159\u00ed\u017e, Francie<\/h3>\n<p><img loading=\"lazy\" decoding=\"async\" class=\"aligncenter size-full wp-image-14147\" src=\"http:\/\/1001voyagesgourmands.com\/wp-content\/uploads\/2016\/12\/zajimava_mista_ktera_jsem_objevila_v_roce_2016-6.jpg\" alt=\"Tady jsou tedy zaj\u00edmav\u00e1 m\u00edsta, kter\u00e1 jsem objevila v roce 2016 a kter\u00e1 m\u011b nadchla. A kdo v\u00ed, t\u0159eba v\u00e1s t\u00edm inspiruji na va\u0161i p\u0159\u00ed\u0161t\u00ed dovolenou!\" width=\"800\" height=\"530\" srcset=\"https:\/\/1001voyagesgourmands.com\/wp-content\/uploads\/2016\/12\/zajimava_mista_ktera_jsem_objevila_v_roce_2016-6.jpg 800w, https:\/\/1001voyagesgourmands.com\/wp-content\/uploads\/2016\/12\/zajimava_mista_ktera_jsem_objevila_v_roce_2016-6-263x175.jpg 263w, https:\/\/1001voyagesgourmands.com\/wp-content\/uploads\/2016\/12\/zajimava_mista_ktera_jsem_objevila_v_roce_2016-6-300x199.jpg 300w, https:\/\/1001voyagesgourmands.com\/wp-content\/uploads\/2016\/12\/zajimava_mista_ktera_jsem_objevila_v_roce_2016-6-768x509.jpg 768w, https:\/\/1001voyagesgourmands.com\/wp-content\/uploads\/2016\/12\/zajimava_mista_ktera_jsem_objevila_v_roce_2016-6-780x516.jpg 780w, https:\/\/1001voyagesgourmands.com\/wp-content\/uploads\/2016\/12\/zajimava_mista_ktera_jsem_objevila_v_roce_2016-6-585x388.jpg 585w\" sizes=\"auto, (max-width: 800px) 100vw, 800px\" \/><\/p>\n<p style=\"text-align: justify;\">D\u00edky m\u00e9 \u00fa\u017easn\u00e9 kamar\u00e1dce Ad\u00e9lce a jej\u00edmu p\u0159\u00edteli jsem&nbsp;mohla koncem \u0159\u00edjna nav\u0161t\u00edvit <a href=\"http:\/\/1001voyagesgourmands.com\/2016\/11\/07\/salon-cokolady-parizi\/\"><strong>Salon \u010dokol\u00e1dy v Pa\u0159\u00ed\u017ei<\/strong><\/a> a den pot\u00e9 m\u011b vzali do Saint-Ouen na nejv\u011bt\u0161\u00ed ble\u0161\u00ed trh sv\u00e9ho druhu na sv\u011bt\u011b. V&nbsp;b\u00fdval\u00fdch gar\u00e1\u017e\u00edch se tu&nbsp;na plo\u0161e 7 hektar\u016f prod\u00e1vaj\u00ed velice zaj\u00edmav\u00e9 staro\u017eitnosti. I kdy\u017e jsem tu nic nekoupila, bylo fajn si to tu proj\u00edt a kouknout, co tu maj\u00ed. A\u017e budu m\u00edt n\u011bjak\u00e9 skromn\u00e9 s\u00eddlo, stav\u00edm se tu tak\u00e9 t\u0159eba pro dve\u0159e z Rad\u017east\u00e1nu z konce 19. stolet\u00ed. \ud83d\ude09<\/p>\n<p style=\"text-align: justify;\">&nbsp;<\/p>\n<h3 style=\"text-align: justify;\">V\u00e1no\u010dn\u00ed Dr\u00e1\u017e\u010fany<\/h3>\n<p><img loading=\"lazy\" decoding=\"async\" class=\"aligncenter wp-image-19176\" src=\"http:\/\/1001voyagesgourmands.com\/wp-content\/uploads\/2018\/01\/Vanocni_Drazdany-11-678x1024.jpg\" alt=\"\" width=\"842\" height=\"1272\" srcset=\"https:\/\/1001voyagesgourmands.com\/wp-content\/uploads\/2018\/01\/Vanocni_Drazdany-11-678x1024.jpg 678w, https:\/\/1001voyagesgourmands.com\/wp-content\/uploads\/2018\/01\/Vanocni_Drazdany-11-199x300.jpg 199w, https:\/\/1001voyagesgourmands.com\/wp-content\/uploads\/2018\/01\/Vanocni_Drazdany-11-768x1160.jpg 768w, https:\/\/1001voyagesgourmands.com\/wp-content\/uploads\/2018\/01\/Vanocni_Drazdany-11-585x883.jpg 585w, https:\/\/1001voyagesgourmands.com\/wp-content\/uploads\/2018\/01\/Vanocni_Drazdany-11.jpg 1000w\" sizes=\"auto, (max-width: 842px) 100vw, 842px\" \/><\/p>\n<p style=\"text-align: justify;\">V prosinci 2016 jsem se ocitla rovnou na 6 v\u00e1no\u010dn\u00edch trz\u00edch! Brusel, C\u00e1chy a Praha jsou ka\u017edoro\u010dn\u00ed klasika, ale letos jsem p\u0159ihodila je\u0161t\u011b kouzeln\u00e9 Monschau, Frankfurt, kde jsem byla kv\u016fli pr\u00e1ci, no a Dr\u00e1\u017e\u010fany, kter\u00e9 jsem m\u011bla roky na seznamu. Vydaly jsme se tam s m\u00e1mou dva dny p\u0159ed \u0160t\u011bdr\u00fdm dnem a bylo to moc fajn. Sice kosa jak v p&#8230; etrohradu, ale za to kr\u00e1sn\u011b modr\u00e1 obloha. Trh\u016f s d\u00e1rkov\u00fdmi p\u0159edm\u011bty, stejn\u011b tak s j\u00eddlem, je tu je po\u017eehnan\u011b. Oproti z\u00e1padn\u00edmu N\u011bmecku, kde jsou profl\u00e1kl\u00e9 pern\u00ed\u010dky z C\u00e1ch, v\u00e1s tady do o\u010d\u00ed bije v\u0161udyp\u0159\u00edtomn\u00e1 dr\u00e1\u017e\u010fansk\u00e1 \u0161tola. M\u011bsto je kr\u00e1sn\u011b renovovan\u00e9 a st\u00e1le se tu stav\u00ed. V l\u00e9t\u011b se sem chyst\u00e1me znova, abychom si ho mohly vychutnat za tepla.<\/p>\n<p>\u010c\u00edst d\u00e1le:<strong> <a href=\"http:\/\/1001voyagesgourmands.com\/vanocni-drazdany\/\" target=\"_blank\" rel=\"noopener\">V\u00e1no\u010dn\u00ed Dr\u00e1\u017e\u010fany<\/a><\/strong><\/p>\n<p style=\"text-align: justify;\">&nbsp;<\/p>\n<p style=\"text-align: justify;\"><em>Tak to by byla zaj\u00edmav\u00e1 m\u00edsta, kter\u00e1 jsem objevila v roce 2016.&nbsp;Jak\u00fd byl v\u00e1\u0161 cestovatelsk\u00fd rok 2016? Jak\u00e1 zaj\u00edmav\u00e1 m\u00edsta jste objevili vy?&nbsp;<\/em><\/p>\n<p style=\"text-align: justify;\"><em>P\u0159eji v\u00e1m \u0161\u0165astn\u00fd nov\u00fd rok, a\u0165 je pln\u00fd pohody, l\u00e1sky, dobr\u00e9 n\u00e1lady, nezapomenuteln\u00fdch z\u00e1\u017eitk\u016f s prima lidmi a v neposledn\u00ed \u0159ad\u011b dobr\u00e9ho j\u00eddla! \ud83d\ude42<\/em><\/p>\n<p style=\"text-align: justify;\"><img loading=\"lazy\" decoding=\"async\" class=\"aligncenter size-full wp-image-14189\" src=\"http:\/\/1001voyagesgourmands.com\/wp-content\/uploads\/2016\/12\/StastnyNovyRok_2017.jpg\" alt=\"\" width=\"560\" height=\"397\" srcset=\"https:\/\/1001voyagesgourmands.com\/wp-content\/uploads\/2016\/12\/StastnyNovyRok_2017.jpg 560w, https:\/\/1001voyagesgourmands.com\/wp-content\/uploads\/2016\/12\/StastnyNovyRok_2017-300x213.jpg 300w\" sizes=\"auto, (max-width: 560px) 100vw, 560px\" \/><\/p>\n<p style=\"text-align: justify;\">&nbsp;<\/p>\n","protected":false},"excerpt":{"rendered":"<p>Jsou tu posledn\u00ed dny roku 2016 a s nimi i ohl\u00e9dnut\u00ed za t\u00edm, co hezk\u00e9ho mi p\u0159inesl. Mimo pendlov\u00e1n\u00ed mezi Bruselem a Prahou se ka\u017ed\u00fdm rokem sna\u017e\u00edm jet alespo\u0148 na p\u00e1r m\u00edst, kde jsem p\u0159edt\u00edm nikdy nebyla. Po listopadu 2015, co jsem si splnila sen, kdy\u017e jsme se kone\u010dn\u011b vydali&hellip;<\/p>\n","protected":false},"author":1,"featured_media":14143,"comment_status":"open","ping_status":"open","sticky":false,"template":"","format":"standard","meta":{"_exactmetrics_skip_tracking":false,"_exactmetrics_sitenote_active":false,"_exactmetrics_sitenote_note":"","_exactmetrics_sitenote_category":0,"_lmt_disableupdate":"","_lmt_disable":"","footnotes":""},"categories":[4],"tags":[495],"class_list":["post-14083","post","type-post","status-publish","format-standard","has-post-thumbnail","hentry","category-cestovani","tag-vylet"],"yoast_head":"<!-- This site is optimized with the Yoast SEO plugin v26.1.1 - https:\/\/yoast.com\/wordpress\/plugins\/seo\/ -->\n<title>Zaj\u00edmav\u00e1 m\u00edsta, kter\u00e1 jsem objevila v roce 2016 - 1001 Voyages Gourmands<\/title>\n<meta name=\"description\" content=\"Tady jsou tedy zaj\u00edmav\u00e1 m\u00edsta, kter\u00e1 jsem objevila v roce 2016 a kter\u00e1 m\u011b nadchla. A kdo v\u00ed, t\u0159eba v\u00e1s t\u00edm inspiruji na va\u0161i p\u0159\u00ed\u0161t\u00ed dovolenou!\" \/>\n<meta name=\"robots\" content=\"index, follow, max-snippet:-1, max-image-preview:large, max-video-preview:-1\" \/>\n<link rel=\"canonical\" href=\"https:\/\/1001voyagesgourmands.com\/cs\/zajimava-mista-ktera-jsem-objevila-v-roce-2016\/\" \/>\n<meta property=\"og:locale\" content=\"cs_CZ\" \/>\n<meta property=\"og:type\" content=\"article\" \/>\n<meta property=\"og:title\" content=\"Zaj\u00edmav\u00e1 m\u00edsta, kter\u00e1 jsem objevila v roce 2016 - 1001 Voyages Gourmands\" \/>\n<meta property=\"og:description\" content=\"Tady jsou tedy zaj\u00edmav\u00e1 m\u00edsta, kter\u00e1 jsem objevila v roce 2016 a kter\u00e1 m\u011b nadchla. A kdo v\u00ed, t\u0159eba v\u00e1s t\u00edm inspiruji na va\u0161i p\u0159\u00ed\u0161t\u00ed dovolenou!\" \/>\n<meta property=\"og:url\" content=\"https:\/\/1001voyagesgourmands.com\/cs\/zajimava-mista-ktera-jsem-objevila-v-roce-2016\/\" \/>\n<meta property=\"og:site_name\" content=\"1001 Voyages Gourmands\" \/>\n<meta property=\"article:publisher\" content=\"https:\/\/www.facebook.com\/1001voyagesgourmands\" \/>\n<meta property=\"article:published_time\" content=\"2016-12-29T23:44:58+00:00\" \/>\n<meta property=\"article:modified_time\" content=\"2018-01-08T21:16:04+00:00\" \/>\n<meta property=\"og:image\" content=\"https:\/\/1001voyagesgourmands.com\/wp-content\/uploads\/2016\/12\/zajimava_mista_ktera_jsem_objevila_v_roce_2016-4.jpg\" \/>\n\t<meta property=\"og:image:width\" content=\"800\" \/>\n\t<meta property=\"og:image:height\" content=\"530\" \/>\n\t<meta property=\"og:image:type\" content=\"image\/jpeg\" \/>\n<meta name=\"author\" content=\"Michaela\" \/>\n<meta name=\"twitter:card\" content=\"summary_large_image\" \/>\n<meta name=\"twitter:creator\" content=\"@michaela_1001vg\" \/>\n<meta name=\"twitter:site\" content=\"@michaela_1001vg\" \/>\n<meta name=\"twitter:label1\" content=\"Napsal(a)\" \/>\n\t<meta name=\"twitter:data1\" content=\"Michaela\" \/>\n\t<meta name=\"twitter:label2\" content=\"Odhadovan\u00e1 doba \u010dten\u00ed\" \/>\n\t<meta name=\"twitter:data2\" content=\"8 minut\" \/>\n<script type=\"application\/ld+json\" class=\"yoast-schema-graph\">{\"@context\":\"https:\/\/schema.org\",\"@graph\":[{\"@type\":\"WebPage\",\"@id\":\"https:\/\/1001voyagesgourmands.com\/cs\/zajimava-mista-ktera-jsem-objevila-v-roce-2016\/\",\"url\":\"https:\/\/1001voyagesgourmands.com\/cs\/zajimava-mista-ktera-jsem-objevila-v-roce-2016\/\",\"name\":\"Zaj\u00edmav\u00e1 m\u00edsta, kter\u00e1 jsem objevila v roce 2016 - 1001 Voyages Gourmands\",\"isPartOf\":{\"@id\":\"https:\/\/1001voyagesgourmands.com\/cs\/#website\"},\"primaryImageOfPage\":{\"@id\":\"https:\/\/1001voyagesgourmands.com\/cs\/zajimava-mista-ktera-jsem-objevila-v-roce-2016\/#primaryimage\"},\"image\":{\"@id\":\"https:\/\/1001voyagesgourmands.com\/cs\/zajimava-mista-ktera-jsem-objevila-v-roce-2016\/#primaryimage\"},\"thumbnailUrl\":\"https:\/\/1001voyagesgourmands.com\/wp-content\/uploads\/2016\/12\/zajimava_mista_ktera_jsem_objevila_v_roce_2016-4.jpg\",\"datePublished\":\"2016-12-29T23:44:58+00:00\",\"dateModified\":\"2018-01-08T21:16:04+00:00\",\"author\":{\"@id\":\"https:\/\/1001voyagesgourmands.com\/cs\/#\/schema\/person\/62e0e7238fcf7482b23bf83e1b72ff1b\"},\"description\":\"Tady jsou tedy zaj\u00edmav\u00e1 m\u00edsta, kter\u00e1 jsem objevila v roce 2016 a kter\u00e1 m\u011b nadchla. A kdo v\u00ed, t\u0159eba v\u00e1s t\u00edm inspiruji na va\u0161i p\u0159\u00ed\u0161t\u00ed dovolenou!\",\"breadcrumb\":{\"@id\":\"https:\/\/1001voyagesgourmands.com\/cs\/zajimava-mista-ktera-jsem-objevila-v-roce-2016\/#breadcrumb\"},\"inLanguage\":\"cs\",\"potentialAction\":[{\"@type\":\"ReadAction\",\"target\":[\"https:\/\/1001voyagesgourmands.com\/cs\/zajimava-mista-ktera-jsem-objevila-v-roce-2016\/\"]}]},{\"@type\":\"ImageObject\",\"inLanguage\":\"cs\",\"@id\":\"https:\/\/1001voyagesgourmands.com\/cs\/zajimava-mista-ktera-jsem-objevila-v-roce-2016\/#primaryimage\",\"url\":\"https:\/\/1001voyagesgourmands.com\/wp-content\/uploads\/2016\/12\/zajimava_mista_ktera_jsem_objevila_v_roce_2016-4.jpg\",\"contentUrl\":\"https:\/\/1001voyagesgourmands.com\/wp-content\/uploads\/2016\/12\/zajimava_mista_ktera_jsem_objevila_v_roce_2016-4.jpg\",\"width\":800,\"height\":530,\"caption\":\"Tady jsou tedy zaj\u00edmav\u00e1 m\u00edsta, kter\u00e1 jsem objevila v roce 2016 a kter\u00e1 m\u011b nadchla. A kdo v\u00ed, t\u0159eba v\u00e1s t\u00edm inspiruji na va\u0161i p\u0159\u00ed\u0161t\u00ed dovolenou!\"},{\"@type\":\"BreadcrumbList\",\"@id\":\"https:\/\/1001voyagesgourmands.com\/cs\/zajimava-mista-ktera-jsem-objevila-v-roce-2016\/#breadcrumb\",\"itemListElement\":[{\"@type\":\"ListItem\",\"position\":1,\"name\":\"Dom\u016f\",\"item\":\"https:\/\/1001voyagesgourmands.com\/cs\/\"},{\"@type\":\"ListItem\",\"position\":2,\"name\":\"Zaj\u00edmav\u00e1 m\u00edsta, kter\u00e1 jsem objevila v roce 2016\"}]},{\"@type\":\"WebSite\",\"@id\":\"https:\/\/1001voyagesgourmands.com\/cs\/#website\",\"url\":\"https:\/\/1001voyagesgourmands.com\/cs\/\",\"name\":\"1001 Voyages Gourmands\",\"description\":\"Food | Travel | Photography\",\"potentialAction\":[{\"@type\":\"SearchAction\",\"target\":{\"@type\":\"EntryPoint\",\"urlTemplate\":\"https:\/\/1001voyagesgourmands.com\/cs\/?s={search_term_string}\"},\"query-input\":{\"@type\":\"PropertyValueSpecification\",\"valueRequired\":true,\"valueName\":\"search_term_string\"}}],\"inLanguage\":\"cs\"},{\"@type\":\"Person\",\"@id\":\"https:\/\/1001voyagesgourmands.com\/cs\/#\/schema\/person\/62e0e7238fcf7482b23bf83e1b72ff1b\",\"name\":\"Michaela\",\"image\":{\"@type\":\"ImageObject\",\"inLanguage\":\"cs\",\"@id\":\"https:\/\/1001voyagesgourmands.com\/cs\/#\/schema\/person\/image\/\",\"url\":\"https:\/\/secure.gravatar.com\/avatar\/73fa562a5b0ce269ca480f67de504b8ecac054a121d170e226f1b79e02024cb8?s=96&d=mm&r=g\",\"contentUrl\":\"https:\/\/secure.gravatar.com\/avatar\/73fa562a5b0ce269ca480f67de504b8ecac054a121d170e226f1b79e02024cb8?s=96&d=mm&r=g\",\"caption\":\"Michaela\"},\"sameAs\":[\"http:\/\/1001voyagesgourmands.com\"]}]}<\/script>\n<!-- \/ Yoast SEO plugin. -->","yoast_head_json":{"title":"Zaj\u00edmav\u00e1 m\u00edsta, kter\u00e1 jsem objevila v roce 2016 - 1001 Voyages Gourmands","description":"Tady jsou tedy zaj\u00edmav\u00e1 m\u00edsta, kter\u00e1 jsem objevila v roce 2016 a kter\u00e1 m\u011b nadchla. A kdo v\u00ed, t\u0159eba v\u00e1s t\u00edm inspiruji na va\u0161i p\u0159\u00ed\u0161t\u00ed dovolenou!","robots":{"index":"index","follow":"follow","max-snippet":"max-snippet:-1","max-image-preview":"max-image-preview:large","max-video-preview":"max-video-preview:-1"},"canonical":"https:\/\/1001voyagesgourmands.com\/cs\/zajimava-mista-ktera-jsem-objevila-v-roce-2016\/","og_locale":"cs_CZ","og_type":"article","og_title":"Zaj\u00edmav\u00e1 m\u00edsta, kter\u00e1 jsem objevila v roce 2016 - 1001 Voyages Gourmands","og_description":"Tady jsou tedy zaj\u00edmav\u00e1 m\u00edsta, kter\u00e1 jsem objevila v roce 2016 a kter\u00e1 m\u011b nadchla. A kdo v\u00ed, t\u0159eba v\u00e1s t\u00edm inspiruji na va\u0161i p\u0159\u00ed\u0161t\u00ed dovolenou!","og_url":"https:\/\/1001voyagesgourmands.com\/cs\/zajimava-mista-ktera-jsem-objevila-v-roce-2016\/","og_site_name":"1001 Voyages Gourmands","article_publisher":"https:\/\/www.facebook.com\/1001voyagesgourmands","article_published_time":"2016-12-29T23:44:58+00:00","article_modified_time":"2018-01-08T21:16:04+00:00","og_image":[{"width":800,"height":530,"url":"https:\/\/1001voyagesgourmands.com\/wp-content\/uploads\/2016\/12\/zajimava_mista_ktera_jsem_objevila_v_roce_2016-4.jpg","type":"image\/jpeg"}],"author":"Michaela","twitter_card":"summary_large_image","twitter_creator":"@michaela_1001vg","twitter_site":"@michaela_1001vg","twitter_misc":{"Napsal(a)":"Michaela","Odhadovan\u00e1 doba \u010dten\u00ed":"8 minut"},"schema":{"@context":"https:\/\/schema.org","@graph":[{"@type":"WebPage","@id":"https:\/\/1001voyagesgourmands.com\/cs\/zajimava-mista-ktera-jsem-objevila-v-roce-2016\/","url":"https:\/\/1001voyagesgourmands.com\/cs\/zajimava-mista-ktera-jsem-objevila-v-roce-2016\/","name":"Zaj\u00edmav\u00e1 m\u00edsta, kter\u00e1 jsem objevila v roce 2016 - 1001 Voyages Gourmands","isPartOf":{"@id":"https:\/\/1001voyagesgourmands.com\/cs\/#website"},"primaryImageOfPage":{"@id":"https:\/\/1001voyagesgourmands.com\/cs\/zajimava-mista-ktera-jsem-objevila-v-roce-2016\/#primaryimage"},"image":{"@id":"https:\/\/1001voyagesgourmands.com\/cs\/zajimava-mista-ktera-jsem-objevila-v-roce-2016\/#primaryimage"},"thumbnailUrl":"https:\/\/1001voyagesgourmands.com\/wp-content\/uploads\/2016\/12\/zajimava_mista_ktera_jsem_objevila_v_roce_2016-4.jpg","datePublished":"2016-12-29T23:44:58+00:00","dateModified":"2018-01-08T21:16:04+00:00","author":{"@id":"https:\/\/1001voyagesgourmands.com\/cs\/#\/schema\/person\/62e0e7238fcf7482b23bf83e1b72ff1b"},"description":"Tady jsou tedy zaj\u00edmav\u00e1 m\u00edsta, kter\u00e1 jsem objevila v roce 2016 a kter\u00e1 m\u011b nadchla. A kdo v\u00ed, t\u0159eba v\u00e1s t\u00edm inspiruji na va\u0161i p\u0159\u00ed\u0161t\u00ed dovolenou!","breadcrumb":{"@id":"https:\/\/1001voyagesgourmands.com\/cs\/zajimava-mista-ktera-jsem-objevila-v-roce-2016\/#breadcrumb"},"inLanguage":"cs","potentialAction":[{"@type":"ReadAction","target":["https:\/\/1001voyagesgourmands.com\/cs\/zajimava-mista-ktera-jsem-objevila-v-roce-2016\/"]}]},{"@type":"ImageObject","inLanguage":"cs","@id":"https:\/\/1001voyagesgourmands.com\/cs\/zajimava-mista-ktera-jsem-objevila-v-roce-2016\/#primaryimage","url":"https:\/\/1001voyagesgourmands.com\/wp-content\/uploads\/2016\/12\/zajimava_mista_ktera_jsem_objevila_v_roce_2016-4.jpg","contentUrl":"https:\/\/1001voyagesgourmands.com\/wp-content\/uploads\/2016\/12\/zajimava_mista_ktera_jsem_objevila_v_roce_2016-4.jpg","width":800,"height":530,"caption":"Tady jsou tedy zaj\u00edmav\u00e1 m\u00edsta, kter\u00e1 jsem objevila v roce 2016 a kter\u00e1 m\u011b nadchla. A kdo v\u00ed, t\u0159eba v\u00e1s t\u00edm inspiruji na va\u0161i p\u0159\u00ed\u0161t\u00ed dovolenou!"},{"@type":"BreadcrumbList","@id":"https:\/\/1001voyagesgourmands.com\/cs\/zajimava-mista-ktera-jsem-objevila-v-roce-2016\/#breadcrumb","itemListElement":[{"@type":"ListItem","position":1,"name":"Dom\u016f","item":"https:\/\/1001voyagesgourmands.com\/cs\/"},{"@type":"ListItem","position":2,"name":"Zaj\u00edmav\u00e1 m\u00edsta, kter\u00e1 jsem objevila v roce 2016"}]},{"@type":"WebSite","@id":"https:\/\/1001voyagesgourmands.com\/cs\/#website","url":"https:\/\/1001voyagesgourmands.com\/cs\/","name":"1001 Voyages Gourmands","description":"Food | Travel | Photography","potentialAction":[{"@type":"SearchAction","target":{"@type":"EntryPoint","urlTemplate":"https:\/\/1001voyagesgourmands.com\/cs\/?s={search_term_string}"},"query-input":{"@type":"PropertyValueSpecification","valueRequired":true,"valueName":"search_term_string"}}],"inLanguage":"cs"},{"@type":"Person","@id":"https:\/\/1001voyagesgourmands.com\/cs\/#\/schema\/person\/62e0e7238fcf7482b23bf83e1b72ff1b","name":"Michaela","image":{"@type":"ImageObject","inLanguage":"cs","@id":"https:\/\/1001voyagesgourmands.com\/cs\/#\/schema\/person\/image\/","url":"https:\/\/secure.gravatar.com\/avatar\/73fa562a5b0ce269ca480f67de504b8ecac054a121d170e226f1b79e02024cb8?s=96&d=mm&r=g","contentUrl":"https:\/\/secure.gravatar.com\/avatar\/73fa562a5b0ce269ca480f67de504b8ecac054a121d170e226f1b79e02024cb8?s=96&d=mm&r=g","caption":"Michaela"},"sameAs":["http:\/\/1001voyagesgourmands.com"]}]}},"_links":{"self":[{"href":"https:\/\/1001voyagesgourmands.com\/cs\/wp-json\/wp\/v2\/posts\/14083","targetHints":{"allow":["GET"]}}],"collection":[{"href":"https:\/\/1001voyagesgourmands.com\/cs\/wp-json\/wp\/v2\/posts"}],"about":[{"href":"https:\/\/1001voyagesgourmands.com\/cs\/wp-json\/wp\/v2\/types\/post"}],"author":[{"embeddable":true,"href":"https:\/\/1001voyagesgourmands.com\/cs\/wp-json\/wp\/v2\/users\/1"}],"replies":[{"embeddable":true,"href":"https:\/\/1001voyagesgourmands.com\/cs\/wp-json\/wp\/v2\/comments?post=14083"}],"version-history":[{"count":0,"href":"https:\/\/1001voyagesgourmands.com\/cs\/wp-json\/wp\/v2\/posts\/14083\/revisions"}],"wp:featuredmedia":[{"embeddable":true,"href":"https:\/\/1001voyagesgourmands.com\/cs\/wp-json\/wp\/v2\/media\/14143"}],"wp:attachment":[{"href":"https:\/\/1001voyagesgourmands.com\/cs\/wp-json\/wp\/v2\/media?parent=14083"}],"wp:term":[{"taxonomy":"category","embeddable":true,"href":"https:\/\/1001voyagesgourmands.com\/cs\/wp-json\/wp\/v2\/categories?post=14083"},{"taxonomy":"post_tag","embeddable":true,"href":"https:\/\/1001voyagesgourmands.com\/cs\/wp-json\/wp\/v2\/tags?post=14083"}],"curies":[{"name":"wp","href":"https:\/\/api.w.org\/{rel}","templated":true}]}}