{"id":13378,"date":"2016-11-07T11:00:07","date_gmt":"2016-11-07T10:00:07","guid":{"rendered":"http:\/\/1001voyagesgourmands.com\/?p=13378"},"modified":"2016-11-07T13:42:30","modified_gmt":"2016-11-07T12:42:30","slug":"salon-cokolady-parizi","status":"publish","type":"post","link":"https:\/\/1001voyagesgourmands.com\/cs\/salon-cokolady-parizi\/","title":{"rendered":"Salon \u010dokol\u00e1dy v Pa\u0159\u00ed\u017ei"},"content":{"rendered":"<p style=\"text-align: justify;\">Ve dnech 28. \u0159\u00edjna &#8211; 1. listopadu&nbsp;2016 se v Porte de Versailles v Pa\u0159\u00ed\u017ei konal ji\u017e 22. ro\u010dn\u00edk Salonu \u010dokol\u00e1dy.&nbsp;Veletrhu v\u011bnovan\u00e9ho \u010dokol\u00e1d\u011b a v\u0161emu s n\u00ed spojen\u00e9ho se z\u00fa\u010dastnilo na 500 \u010dokol\u00e1dov\u00fdch producent\u016f, pralink\u00e1\u0159\u016f, \u0161\u00e9f\u016f, \u0161pi\u010dkov\u00fdch cukr\u00e1\u0159\u016f, peka\u0159\u016f a design\u00e9r\u016f z n\u011bkolika kout\u016f sv\u011bta, kte\u0159\u00ed zde prezentovali sv\u00e1 d\u00edla a po\u0159\u00e1dali konference \u010di workshopy. &nbsp;&nbsp;<\/p>\n<p style=\"text-align: justify;\">\u010cirou n\u00e1hodou jsem se tam letos ocitla i j\u00e1 jako n\u00e1v\u0161t\u011bvn\u00edk, za co\u017e vd\u011b\u010d\u00edm mil\u00e9 kamar\u00e1dce Ad\u00e9lce a jej\u00edmu p\u0159\u00edteli, kter\u00fd&nbsp;se pod\u00edlel na p\u0159\u00edprav\u011b salonu. Salon du Chocolat (n\u00e1zev veletrhu ve francouz\u0161tin\u011b) se kon\u00e1 ve 32 m\u011bstech po cel\u00e9m sv\u011bt\u011b, mezi nimi\u017e je i Brusel, odkud tento veletrh ji\u017e trochu zn\u00e1m. Ov\u0161em salon \u010dokol\u00e1dy v Pa\u0159\u00ed\u017ei je o dost v\u011bt\u0161\u00ed a najdete tu vystavovatele z cel\u00e9ho sv\u011bta, zat\u00edmco v Belgii se akce soust\u0159ed\u00ed pouze na Belgickou \u010dokol\u00e1du.<\/p>\n<p style=\"text-align: justify;\"><img loading=\"lazy\" decoding=\"async\" class=\"aligncenter size-full wp-image-13432\" src=\"http:\/\/1001voyagesgourmands.com\/wp-content\/uploads\/2016\/11\/Salon_du_chocolat-27.jpg\" alt=\"\u010cokol\u00e1da, pralinky, tarteletky, makronky, no a t\u0159eba i \u0161aty z \u010dokol\u00e1dy. Tak vypad\u00e1 salon \u010dokol\u00e1dy v Pa\u0159\u00ed\u017ei, nejv\u011bt\u0161\u00ed \u010dokol\u00e1dov\u00e1 akce na sv\u011bt\u011b.\" width=\"800\" height=\"530\" srcset=\"https:\/\/1001voyagesgourmands.com\/wp-content\/uploads\/2016\/11\/Salon_du_chocolat-27.jpg 800w, https:\/\/1001voyagesgourmands.com\/wp-content\/uploads\/2016\/11\/Salon_du_chocolat-27-263x175.jpg 263w, https:\/\/1001voyagesgourmands.com\/wp-content\/uploads\/2016\/11\/Salon_du_chocolat-27-300x199.jpg 300w, https:\/\/1001voyagesgourmands.com\/wp-content\/uploads\/2016\/11\/Salon_du_chocolat-27-768x509.jpg 768w, https:\/\/1001voyagesgourmands.com\/wp-content\/uploads\/2016\/11\/Salon_du_chocolat-27-780x516.jpg 780w, https:\/\/1001voyagesgourmands.com\/wp-content\/uploads\/2016\/11\/Salon_du_chocolat-27-585x388.jpg 585w\" sizes=\"auto, (max-width: 800px) 100vw, 800px\" \/><\/p>\n<p style=\"text-align: justify;\">&nbsp;<\/p>\n<h2 style=\"text-align: justify;\">Co je na Salonu \u010dokol\u00e1dy v Pa\u0159\u00ed\u017ei k vid\u011bn\u00ed?<\/h2>\n<p style=\"text-align: justify;\">Na salon jsme se vydali hned z r\u00e1na, abychom &nbsp;se vyhnuli odpoledn\u00edm dav\u016fm, p\u0159esto jsme tam z\u016fstali n\u011bkolik hodin. 20000 metr\u016f \u010dtvere\u010dn\u00edch pokryt\u00fdch \u010dokol\u00e1dou a jin\u00fdmi dobrotami se prost\u011b ned\u00e1 obhl\u00e9dnout za hodinku! \ud83d\ude00 Byla tu k vid\u011bn\u00ed nejen \u010dokol\u00e1da, sochy \u010di \u0161aty z \u010dokol\u00e1dy, nejr\u016fzn\u011bj\u0161\u00ed cukrovinky a pe\u010divo,&nbsp;ale i koncerty, workshopy a mnoho dal\u0161\u00edho, a\u017e z toho o\u010di p\u0159ech\u00e1zely a \u010dlov\u011bk nev\u011bd\u011bl, kam d\u0159\u00edv.&nbsp;<\/p>\n<p style=\"text-align: justify;\">&nbsp;<\/p>\n<h3 style=\"text-align: justify;\">\u010cokol\u00e1da v\u0161ech druh\u016f, tvar\u016f, chut\u00ed a barev<\/h3>\n<p style=\"text-align: justify;\">Je libo \u0161achy z \u010dokol\u00e1dy, botky Kr\u00e1le slunce, tabulky a pralinky v\u0161ech chut\u00ed, o\u0159echy a ovoce v \u010dokol\u00e1d\u011b, sklenky na \u0161ampa\u0148sk\u00e9 z \u010dokol\u00e1dy, \u010dokol\u00e1dov\u00e9 pomaz\u00e1nky, lik\u00e9ry, horkou \u010dokol\u00e1du, \u010di n\u011bco, co jsem tu nejmenovala? Najdete tu opravdu mnoho (jedl\u00fdch!) zaj\u00edmavost\u00ed.<\/p>\n<p style=\"text-align: justify;\"><img loading=\"lazy\" decoding=\"async\" class=\"aligncenter size-full wp-image-13414\" src=\"http:\/\/1001voyagesgourmands.com\/wp-content\/uploads\/2016\/11\/Salon_du_chocolat-18.jpg\" alt=\"\u010cokol\u00e1da, pralinky, tarteletky, makronky, no a t\u0159eba i \u0161aty z \u010dokol\u00e1dy. Tak vypad\u00e1 salon \u010dokol\u00e1dy v Pa\u0159\u00ed\u017ei, nejv\u011bt\u0161\u00ed \u010dokol\u00e1dov\u00e1 akce na sv\u011bt\u011b.\" width=\"800\" height=\"530\" srcset=\"https:\/\/1001voyagesgourmands.com\/wp-content\/uploads\/2016\/11\/Salon_du_chocolat-18.jpg 800w, https:\/\/1001voyagesgourmands.com\/wp-content\/uploads\/2016\/11\/Salon_du_chocolat-18-263x175.jpg 263w, https:\/\/1001voyagesgourmands.com\/wp-content\/uploads\/2016\/11\/Salon_du_chocolat-18-300x199.jpg 300w, https:\/\/1001voyagesgourmands.com\/wp-content\/uploads\/2016\/11\/Salon_du_chocolat-18-768x509.jpg 768w, https:\/\/1001voyagesgourmands.com\/wp-content\/uploads\/2016\/11\/Salon_du_chocolat-18-780x516.jpg 780w, https:\/\/1001voyagesgourmands.com\/wp-content\/uploads\/2016\/11\/Salon_du_chocolat-18-585x388.jpg 585w\" sizes=\"auto, (max-width: 800px) 100vw, 800px\" \/><\/p>\n<p style=\"text-align: justify;\"><img loading=\"lazy\" decoding=\"async\" class=\"aligncenter size-full wp-image-13416\" src=\"http:\/\/1001voyagesgourmands.com\/wp-content\/uploads\/2016\/11\/Salon_du_chocolat-19.jpg\" alt=\"\u010cokol\u00e1da, pralinky, tarteletky, makronky, no a t\u0159eba i \u0161aty z \u010dokol\u00e1dy. Tak vypad\u00e1 salon \u010dokol\u00e1dy v Pa\u0159\u00ed\u017ei, nejv\u011bt\u0161\u00ed \u010dokol\u00e1dov\u00e1 akce na sv\u011bt\u011b.\" width=\"800\" height=\"530\" srcset=\"https:\/\/1001voyagesgourmands.com\/wp-content\/uploads\/2016\/11\/Salon_du_chocolat-19.jpg 800w, https:\/\/1001voyagesgourmands.com\/wp-content\/uploads\/2016\/11\/Salon_du_chocolat-19-263x175.jpg 263w, https:\/\/1001voyagesgourmands.com\/wp-content\/uploads\/2016\/11\/Salon_du_chocolat-19-300x199.jpg 300w, https:\/\/1001voyagesgourmands.com\/wp-content\/uploads\/2016\/11\/Salon_du_chocolat-19-768x509.jpg 768w, https:\/\/1001voyagesgourmands.com\/wp-content\/uploads\/2016\/11\/Salon_du_chocolat-19-780x516.jpg 780w, https:\/\/1001voyagesgourmands.com\/wp-content\/uploads\/2016\/11\/Salon_du_chocolat-19-585x388.jpg 585w\" sizes=\"auto, (max-width: 800px) 100vw, 800px\" \/><\/p>\n<p style=\"text-align: justify;\"><img loading=\"lazy\" decoding=\"async\" class=\"aligncenter size-full wp-image-13382\" src=\"http:\/\/1001voyagesgourmands.com\/wp-content\/uploads\/2016\/11\/Salon_du_chocolat-2.jpg\" alt=\"\u010cokol\u00e1da, pralinky, tarteletky, makronky, no a t\u0159eba i \u0161aty z \u010dokol\u00e1dy. Tak vypad\u00e1 salon \u010dokol\u00e1dy v Pa\u0159\u00ed\u017ei, nejv\u011bt\u0161\u00ed \u010dokol\u00e1dov\u00e1 akce na sv\u011bt\u011b.\" width=\"800\" height=\"530\" srcset=\"https:\/\/1001voyagesgourmands.com\/wp-content\/uploads\/2016\/11\/Salon_du_chocolat-2.jpg 800w, https:\/\/1001voyagesgourmands.com\/wp-content\/uploads\/2016\/11\/Salon_du_chocolat-2-263x175.jpg 263w, https:\/\/1001voyagesgourmands.com\/wp-content\/uploads\/2016\/11\/Salon_du_chocolat-2-300x199.jpg 300w, https:\/\/1001voyagesgourmands.com\/wp-content\/uploads\/2016\/11\/Salon_du_chocolat-2-768x509.jpg 768w, https:\/\/1001voyagesgourmands.com\/wp-content\/uploads\/2016\/11\/Salon_du_chocolat-2-780x516.jpg 780w, https:\/\/1001voyagesgourmands.com\/wp-content\/uploads\/2016\/11\/Salon_du_chocolat-2-585x388.jpg 585w\" sizes=\"auto, (max-width: 800px) 100vw, 800px\" \/><\/p>\n<p style=\"text-align: justify;\"><img loading=\"lazy\" decoding=\"async\" class=\"aligncenter size-full wp-image-13444\" src=\"http:\/\/1001voyagesgourmands.com\/wp-content\/uploads\/2016\/11\/Salon_du_chocolat-33.jpg\" alt=\"\u010cokol\u00e1da, pralinky, tarteletky, makronky, no a t\u0159eba i \u0161aty z \u010dokol\u00e1dy. Tak vypad\u00e1 salon \u010dokol\u00e1dy v Pa\u0159\u00ed\u017ei, nejv\u011bt\u0161\u00ed \u010dokol\u00e1dov\u00e1 akce na sv\u011bt\u011b.\" width=\"800\" height=\"530\" srcset=\"https:\/\/1001voyagesgourmands.com\/wp-content\/uploads\/2016\/11\/Salon_du_chocolat-33.jpg 800w, https:\/\/1001voyagesgourmands.com\/wp-content\/uploads\/2016\/11\/Salon_du_chocolat-33-263x175.jpg 263w, https:\/\/1001voyagesgourmands.com\/wp-content\/uploads\/2016\/11\/Salon_du_chocolat-33-300x199.jpg 300w, https:\/\/1001voyagesgourmands.com\/wp-content\/uploads\/2016\/11\/Salon_du_chocolat-33-768x509.jpg 768w, https:\/\/1001voyagesgourmands.com\/wp-content\/uploads\/2016\/11\/Salon_du_chocolat-33-780x516.jpg 780w, https:\/\/1001voyagesgourmands.com\/wp-content\/uploads\/2016\/11\/Salon_du_chocolat-33-585x388.jpg 585w\" sizes=\"auto, (max-width: 800px) 100vw, 800px\" \/><\/p>\n<p style=\"text-align: justify;\"><img loading=\"lazy\" decoding=\"async\" class=\"aligncenter size-full wp-image-13446\" src=\"http:\/\/1001voyagesgourmands.com\/wp-content\/uploads\/2016\/11\/Salon_du_chocolat-34.jpg\" alt=\"\u010cokol\u00e1da, pralinky, tarteletky, makronky, no a t\u0159eba i \u0161aty z \u010dokol\u00e1dy. Tak vypad\u00e1 salon \u010dokol\u00e1dy v Pa\u0159\u00ed\u017ei, nejv\u011bt\u0161\u00ed \u010dokol\u00e1dov\u00e1 akce na sv\u011bt\u011b.\" width=\"800\" height=\"530\" srcset=\"https:\/\/1001voyagesgourmands.com\/wp-content\/uploads\/2016\/11\/Salon_du_chocolat-34.jpg 800w, https:\/\/1001voyagesgourmands.com\/wp-content\/uploads\/2016\/11\/Salon_du_chocolat-34-263x175.jpg 263w, https:\/\/1001voyagesgourmands.com\/wp-content\/uploads\/2016\/11\/Salon_du_chocolat-34-300x199.jpg 300w, https:\/\/1001voyagesgourmands.com\/wp-content\/uploads\/2016\/11\/Salon_du_chocolat-34-768x509.jpg 768w, https:\/\/1001voyagesgourmands.com\/wp-content\/uploads\/2016\/11\/Salon_du_chocolat-34-780x516.jpg 780w, https:\/\/1001voyagesgourmands.com\/wp-content\/uploads\/2016\/11\/Salon_du_chocolat-34-585x388.jpg 585w\" sizes=\"auto, (max-width: 800px) 100vw, 800px\" \/><\/p>\n<p style=\"text-align: justify;\"><img loading=\"lazy\" decoding=\"async\" class=\"aligncenter size-full wp-image-13438\" src=\"http:\/\/1001voyagesgourmands.com\/wp-content\/uploads\/2016\/11\/Salon_du_chocolat-30.jpg\" alt=\"\u010cokol\u00e1da, pralinky, tarteletky, makronky, no a t\u0159eba i \u0161aty z \u010dokol\u00e1dy. Tak vypad\u00e1 salon \u010dokol\u00e1dy v Pa\u0159\u00ed\u017ei, nejv\u011bt\u0161\u00ed \u010dokol\u00e1dov\u00e1 akce na sv\u011bt\u011b.\" width=\"800\" height=\"530\" srcset=\"https:\/\/1001voyagesgourmands.com\/wp-content\/uploads\/2016\/11\/Salon_du_chocolat-30.jpg 800w, https:\/\/1001voyagesgourmands.com\/wp-content\/uploads\/2016\/11\/Salon_du_chocolat-30-263x175.jpg 263w, https:\/\/1001voyagesgourmands.com\/wp-content\/uploads\/2016\/11\/Salon_du_chocolat-30-300x199.jpg 300w, https:\/\/1001voyagesgourmands.com\/wp-content\/uploads\/2016\/11\/Salon_du_chocolat-30-768x509.jpg 768w, https:\/\/1001voyagesgourmands.com\/wp-content\/uploads\/2016\/11\/Salon_du_chocolat-30-780x516.jpg 780w, https:\/\/1001voyagesgourmands.com\/wp-content\/uploads\/2016\/11\/Salon_du_chocolat-30-585x388.jpg 585w\" sizes=\"auto, (max-width: 800px) 100vw, 800px\" \/><\/p>\n<p style=\"text-align: justify;\"><img loading=\"lazy\" decoding=\"async\" class=\"aligncenter size-full wp-image-13502\" src=\"http:\/\/1001voyagesgourmands.com\/wp-content\/uploads\/2016\/11\/Salon_du_chocolat-200.jpg\" alt=\"\u010cokol\u00e1da, pralinky, tarteletky, makronky, no a t\u0159eba i \u0161aty z \u010dokol\u00e1dy. Tak vypad\u00e1 salon \u010dokol\u00e1dy v Pa\u0159\u00ed\u017ei, nejv\u011bt\u0161\u00ed \u010dokol\u00e1dov\u00e1 akce na sv\u011bt\u011b.\" width=\"800\" height=\"530\" srcset=\"https:\/\/1001voyagesgourmands.com\/wp-content\/uploads\/2016\/11\/Salon_du_chocolat-200.jpg 800w, https:\/\/1001voyagesgourmands.com\/wp-content\/uploads\/2016\/11\/Salon_du_chocolat-200-263x175.jpg 263w, https:\/\/1001voyagesgourmands.com\/wp-content\/uploads\/2016\/11\/Salon_du_chocolat-200-300x199.jpg 300w, https:\/\/1001voyagesgourmands.com\/wp-content\/uploads\/2016\/11\/Salon_du_chocolat-200-768x509.jpg 768w, https:\/\/1001voyagesgourmands.com\/wp-content\/uploads\/2016\/11\/Salon_du_chocolat-200-780x516.jpg 780w, https:\/\/1001voyagesgourmands.com\/wp-content\/uploads\/2016\/11\/Salon_du_chocolat-200-585x388.jpg 585w\" sizes=\"auto, (max-width: 800px) 100vw, 800px\" \/><\/p>\n<p style=\"text-align: justify;\"><img loading=\"lazy\" decoding=\"async\" class=\"aligncenter size-full wp-image-13442\" src=\"http:\/\/1001voyagesgourmands.com\/wp-content\/uploads\/2016\/11\/Salon_du_chocolat-32.jpg\" alt=\"\u010cokol\u00e1da, pralinky, tarteletky, makronky, no a t\u0159eba i \u0161aty z \u010dokol\u00e1dy. Tak vypad\u00e1 salon \u010dokol\u00e1dy v Pa\u0159\u00ed\u017ei, nejv\u011bt\u0161\u00ed \u010dokol\u00e1dov\u00e1 akce na sv\u011bt\u011b.\" width=\"800\" height=\"530\" srcset=\"https:\/\/1001voyagesgourmands.com\/wp-content\/uploads\/2016\/11\/Salon_du_chocolat-32.jpg 800w, https:\/\/1001voyagesgourmands.com\/wp-content\/uploads\/2016\/11\/Salon_du_chocolat-32-263x175.jpg 263w, https:\/\/1001voyagesgourmands.com\/wp-content\/uploads\/2016\/11\/Salon_du_chocolat-32-300x199.jpg 300w, https:\/\/1001voyagesgourmands.com\/wp-content\/uploads\/2016\/11\/Salon_du_chocolat-32-768x509.jpg 768w, https:\/\/1001voyagesgourmands.com\/wp-content\/uploads\/2016\/11\/Salon_du_chocolat-32-780x516.jpg 780w, https:\/\/1001voyagesgourmands.com\/wp-content\/uploads\/2016\/11\/Salon_du_chocolat-32-585x388.jpg 585w\" sizes=\"auto, (max-width: 800px) 100vw, 800px\" \/><\/p>\n<p style=\"text-align: justify;\"><img loading=\"lazy\" decoding=\"async\" class=\"aligncenter size-full wp-image-13410\" src=\"http:\/\/1001voyagesgourmands.com\/wp-content\/uploads\/2016\/11\/Salon_du_chocolat-16.jpg\" alt=\"\u010cokol\u00e1da, pralinky, tarteletky, makronky, no a t\u0159eba i \u0161aty z \u010dokol\u00e1dy. Tak vypad\u00e1 salon \u010dokol\u00e1dy v Pa\u0159\u00ed\u017ei, nejv\u011bt\u0161\u00ed \u010dokol\u00e1dov\u00e1 akce na sv\u011bt\u011b.\" width=\"800\" height=\"530\" srcset=\"https:\/\/1001voyagesgourmands.com\/wp-content\/uploads\/2016\/11\/Salon_du_chocolat-16.jpg 800w, https:\/\/1001voyagesgourmands.com\/wp-content\/uploads\/2016\/11\/Salon_du_chocolat-16-263x175.jpg 263w, https:\/\/1001voyagesgourmands.com\/wp-content\/uploads\/2016\/11\/Salon_du_chocolat-16-300x199.jpg 300w, https:\/\/1001voyagesgourmands.com\/wp-content\/uploads\/2016\/11\/Salon_du_chocolat-16-768x509.jpg 768w, https:\/\/1001voyagesgourmands.com\/wp-content\/uploads\/2016\/11\/Salon_du_chocolat-16-780x516.jpg 780w, https:\/\/1001voyagesgourmands.com\/wp-content\/uploads\/2016\/11\/Salon_du_chocolat-16-585x388.jpg 585w\" sizes=\"auto, (max-width: 800px) 100vw, 800px\" \/><\/p>\n<p style=\"text-align: justify;\"><img loading=\"lazy\" decoding=\"async\" class=\"aligncenter size-full wp-image-13436\" src=\"http:\/\/1001voyagesgourmands.com\/wp-content\/uploads\/2016\/11\/Salon_du_chocolat-29.jpg\" alt=\"\u010cokol\u00e1da, pralinky, tarteletky, makronky, no a t\u0159eba i \u0161aty z \u010dokol\u00e1dy. Tak vypad\u00e1 salon \u010dokol\u00e1dy v Pa\u0159\u00ed\u017ei, nejv\u011bt\u0161\u00ed \u010dokol\u00e1dov\u00e1 akce na sv\u011bt\u011b.\" width=\"800\" height=\"530\" srcset=\"https:\/\/1001voyagesgourmands.com\/wp-content\/uploads\/2016\/11\/Salon_du_chocolat-29.jpg 800w, https:\/\/1001voyagesgourmands.com\/wp-content\/uploads\/2016\/11\/Salon_du_chocolat-29-263x175.jpg 263w, https:\/\/1001voyagesgourmands.com\/wp-content\/uploads\/2016\/11\/Salon_du_chocolat-29-300x199.jpg 300w, https:\/\/1001voyagesgourmands.com\/wp-content\/uploads\/2016\/11\/Salon_du_chocolat-29-768x509.jpg 768w, https:\/\/1001voyagesgourmands.com\/wp-content\/uploads\/2016\/11\/Salon_du_chocolat-29-780x516.jpg 780w, https:\/\/1001voyagesgourmands.com\/wp-content\/uploads\/2016\/11\/Salon_du_chocolat-29-585x388.jpg 585w\" sizes=\"auto, (max-width: 800px) 100vw, 800px\" \/><\/p>\n<p style=\"text-align: justify;\"><img loading=\"lazy\" decoding=\"async\" class=\"aligncenter size-full wp-image-13472\" src=\"http:\/\/1001voyagesgourmands.com\/wp-content\/uploads\/2016\/11\/Salon_du_chocolat-48.jpg\" alt=\"\u010cokol\u00e1da, pralinky, tarteletky, makronky, no a t\u0159eba i \u0161aty z \u010dokol\u00e1dy. Tak vypad\u00e1 salon \u010dokol\u00e1dy v Pa\u0159\u00ed\u017ei, nejv\u011bt\u0161\u00ed \u010dokol\u00e1dov\u00e1 akce na sv\u011bt\u011b.\" width=\"800\" height=\"530\" srcset=\"https:\/\/1001voyagesgourmands.com\/wp-content\/uploads\/2016\/11\/Salon_du_chocolat-48.jpg 800w, https:\/\/1001voyagesgourmands.com\/wp-content\/uploads\/2016\/11\/Salon_du_chocolat-48-263x175.jpg 263w, https:\/\/1001voyagesgourmands.com\/wp-content\/uploads\/2016\/11\/Salon_du_chocolat-48-300x199.jpg 300w, https:\/\/1001voyagesgourmands.com\/wp-content\/uploads\/2016\/11\/Salon_du_chocolat-48-768x509.jpg 768w, https:\/\/1001voyagesgourmands.com\/wp-content\/uploads\/2016\/11\/Salon_du_chocolat-48-780x516.jpg 780w, https:\/\/1001voyagesgourmands.com\/wp-content\/uploads\/2016\/11\/Salon_du_chocolat-48-585x388.jpg 585w\" sizes=\"auto, (max-width: 800px) 100vw, 800px\" \/><\/p>\n<p style=\"text-align: justify;\"><img loading=\"lazy\" decoding=\"async\" class=\"aligncenter size-full wp-image-13430\" src=\"http:\/\/1001voyagesgourmands.com\/wp-content\/uploads\/2016\/11\/Salon_du_chocolat-26.jpg\" alt=\"\u010cokol\u00e1da, pralinky, tarteletky, makronky, no a t\u0159eba i \u0161aty z \u010dokol\u00e1dy. Tak vypad\u00e1 salon \u010dokol\u00e1dy v Pa\u0159\u00ed\u017ei, nejv\u011bt\u0161\u00ed \u010dokol\u00e1dov\u00e1 akce na sv\u011bt\u011b.\" width=\"800\" height=\"530\" srcset=\"https:\/\/1001voyagesgourmands.com\/wp-content\/uploads\/2016\/11\/Salon_du_chocolat-26.jpg 800w, https:\/\/1001voyagesgourmands.com\/wp-content\/uploads\/2016\/11\/Salon_du_chocolat-26-263x175.jpg 263w, https:\/\/1001voyagesgourmands.com\/wp-content\/uploads\/2016\/11\/Salon_du_chocolat-26-300x199.jpg 300w, https:\/\/1001voyagesgourmands.com\/wp-content\/uploads\/2016\/11\/Salon_du_chocolat-26-768x509.jpg 768w, https:\/\/1001voyagesgourmands.com\/wp-content\/uploads\/2016\/11\/Salon_du_chocolat-26-780x516.jpg 780w, https:\/\/1001voyagesgourmands.com\/wp-content\/uploads\/2016\/11\/Salon_du_chocolat-26-585x388.jpg 585w\" sizes=\"auto, (max-width: 800px) 100vw, 800px\" \/><\/p>\n<p style=\"text-align: justify;\"><img loading=\"lazy\" decoding=\"async\" class=\"aligncenter size-full wp-image-13412\" src=\"http:\/\/1001voyagesgourmands.com\/wp-content\/uploads\/2016\/11\/Salon_du_chocolat-17.jpg\" alt=\"\u010cokol\u00e1da, pralinky, tarteletky, makronky, no a t\u0159eba i \u0161aty z \u010dokol\u00e1dy. Tak vypad\u00e1 salon \u010dokol\u00e1dy v Pa\u0159\u00ed\u017ei, nejv\u011bt\u0161\u00ed \u010dokol\u00e1dov\u00e1 akce na sv\u011bt\u011b.\" width=\"800\" height=\"530\" srcset=\"https:\/\/1001voyagesgourmands.com\/wp-content\/uploads\/2016\/11\/Salon_du_chocolat-17.jpg 800w, https:\/\/1001voyagesgourmands.com\/wp-content\/uploads\/2016\/11\/Salon_du_chocolat-17-263x175.jpg 263w, https:\/\/1001voyagesgourmands.com\/wp-content\/uploads\/2016\/11\/Salon_du_chocolat-17-300x199.jpg 300w, https:\/\/1001voyagesgourmands.com\/wp-content\/uploads\/2016\/11\/Salon_du_chocolat-17-768x509.jpg 768w, https:\/\/1001voyagesgourmands.com\/wp-content\/uploads\/2016\/11\/Salon_du_chocolat-17-780x516.jpg 780w, https:\/\/1001voyagesgourmands.com\/wp-content\/uploads\/2016\/11\/Salon_du_chocolat-17-585x388.jpg 585w\" sizes=\"auto, (max-width: 800px) 100vw, 800px\" \/><\/p>\n<p style=\"text-align: justify;\"><img loading=\"lazy\" decoding=\"async\" class=\"aligncenter size-full wp-image-13480\" src=\"http:\/\/1001voyagesgourmands.com\/wp-content\/uploads\/2016\/11\/Salon_du_chocolat-52.jpg\" alt=\"\u010cokol\u00e1da, pralinky, tarteletky, makronky, no a t\u0159eba i \u0161aty z \u010dokol\u00e1dy. Tak vypad\u00e1 salon \u010dokol\u00e1dy v Pa\u0159\u00ed\u017ei, nejv\u011bt\u0161\u00ed \u010dokol\u00e1dov\u00e1 akce na sv\u011bt\u011b.\" width=\"800\" height=\"530\" srcset=\"https:\/\/1001voyagesgourmands.com\/wp-content\/uploads\/2016\/11\/Salon_du_chocolat-52.jpg 800w, https:\/\/1001voyagesgourmands.com\/wp-content\/uploads\/2016\/11\/Salon_du_chocolat-52-263x175.jpg 263w, https:\/\/1001voyagesgourmands.com\/wp-content\/uploads\/2016\/11\/Salon_du_chocolat-52-300x199.jpg 300w, https:\/\/1001voyagesgourmands.com\/wp-content\/uploads\/2016\/11\/Salon_du_chocolat-52-768x509.jpg 768w, https:\/\/1001voyagesgourmands.com\/wp-content\/uploads\/2016\/11\/Salon_du_chocolat-52-780x516.jpg 780w, https:\/\/1001voyagesgourmands.com\/wp-content\/uploads\/2016\/11\/Salon_du_chocolat-52-585x388.jpg 585w\" sizes=\"auto, (max-width: 800px) 100vw, 800px\" \/><\/p>\n<p style=\"text-align: justify;\"><img loading=\"lazy\" decoding=\"async\" class=\"aligncenter size-full wp-image-13492\" src=\"http:\/\/1001voyagesgourmands.com\/wp-content\/uploads\/2016\/11\/Salon_du_chocolat-114.jpg\" alt=\"\u010cokol\u00e1da, pralinky, tarteletky, makronky, no a t\u0159eba i \u0161aty z \u010dokol\u00e1dy. Tak vypad\u00e1 salon \u010dokol\u00e1dy v Pa\u0159\u00ed\u017ei, nejv\u011bt\u0161\u00ed \u010dokol\u00e1dov\u00e1 akce na sv\u011bt\u011b.\" width=\"800\" height=\"565\" srcset=\"https:\/\/1001voyagesgourmands.com\/wp-content\/uploads\/2016\/11\/Salon_du_chocolat-114.jpg 800w, https:\/\/1001voyagesgourmands.com\/wp-content\/uploads\/2016\/11\/Salon_du_chocolat-114-300x212.jpg 300w, https:\/\/1001voyagesgourmands.com\/wp-content\/uploads\/2016\/11\/Salon_du_chocolat-114-768x542.jpg 768w, https:\/\/1001voyagesgourmands.com\/wp-content\/uploads\/2016\/11\/Salon_du_chocolat-114-585x413.jpg 585w\" sizes=\"auto, (max-width: 800px) 100vw, 800px\" \/><\/p>\n<p style=\"text-align: justify;\"><img loading=\"lazy\" decoding=\"async\" class=\"aligncenter size-full wp-image-13470\" src=\"http:\/\/1001voyagesgourmands.com\/wp-content\/uploads\/2016\/11\/Salon_du_chocolat-47.jpg\" alt=\"\u010cokol\u00e1da, pralinky, tarteletky, makronky, no a t\u0159eba i \u0161aty z \u010dokol\u00e1dy. Tak vypad\u00e1 salon \u010dokol\u00e1dy v Pa\u0159\u00ed\u017ei, nejv\u011bt\u0161\u00ed \u010dokol\u00e1dov\u00e1 akce na sv\u011bt\u011b.\" width=\"800\" height=\"530\" srcset=\"https:\/\/1001voyagesgourmands.com\/wp-content\/uploads\/2016\/11\/Salon_du_chocolat-47.jpg 800w, https:\/\/1001voyagesgourmands.com\/wp-content\/uploads\/2016\/11\/Salon_du_chocolat-47-263x175.jpg 263w, https:\/\/1001voyagesgourmands.com\/wp-content\/uploads\/2016\/11\/Salon_du_chocolat-47-300x199.jpg 300w, https:\/\/1001voyagesgourmands.com\/wp-content\/uploads\/2016\/11\/Salon_du_chocolat-47-768x509.jpg 768w, https:\/\/1001voyagesgourmands.com\/wp-content\/uploads\/2016\/11\/Salon_du_chocolat-47-780x516.jpg 780w, https:\/\/1001voyagesgourmands.com\/wp-content\/uploads\/2016\/11\/Salon_du_chocolat-47-585x388.jpg 585w\" sizes=\"auto, (max-width: 800px) 100vw, 800px\" \/><\/p>\n<p style=\"text-align: justify;\">&nbsp;<\/p>\n<p>Z pralinek m\u011b uchv\u00e1tily&nbsp;<strong>KKO Patouillard<\/strong>, kde m\u011bli velice origin\u00e1ln\u00ed kousky, jak\u00e9 jsem ani v Bruselu je\u0161t\u011b nevid\u011bla- zejm\u00e9na ty s gana\u0161em jako kaktus \u010di d\u00fdn\u011b.&nbsp;<\/p>\n<p><img loading=\"lazy\" decoding=\"async\" class=\"aligncenter size-full wp-image-13466\" src=\"http:\/\/1001voyagesgourmands.com\/wp-content\/uploads\/2016\/11\/Salon_du_chocolat-45.jpg\" alt=\"\u010cokol\u00e1da, pralinky, tarteletky, makronky, no a t\u0159eba i \u0161aty z \u010dokol\u00e1dy. Tak vypad\u00e1 salon \u010dokol\u00e1dy v Pa\u0159\u00ed\u017ei, nejv\u011bt\u0161\u00ed \u010dokol\u00e1dov\u00e1 akce na sv\u011bt\u011b.\" width=\"800\" height=\"530\" srcset=\"https:\/\/1001voyagesgourmands.com\/wp-content\/uploads\/2016\/11\/Salon_du_chocolat-45.jpg 800w, https:\/\/1001voyagesgourmands.com\/wp-content\/uploads\/2016\/11\/Salon_du_chocolat-45-263x175.jpg 263w, https:\/\/1001voyagesgourmands.com\/wp-content\/uploads\/2016\/11\/Salon_du_chocolat-45-300x199.jpg 300w, https:\/\/1001voyagesgourmands.com\/wp-content\/uploads\/2016\/11\/Salon_du_chocolat-45-768x509.jpg 768w, https:\/\/1001voyagesgourmands.com\/wp-content\/uploads\/2016\/11\/Salon_du_chocolat-45-780x516.jpg 780w, https:\/\/1001voyagesgourmands.com\/wp-content\/uploads\/2016\/11\/Salon_du_chocolat-45-585x388.jpg 585w\" sizes=\"auto, (max-width: 800px) 100vw, 800px\" \/><\/p>\n<p><img loading=\"lazy\" decoding=\"async\" class=\"aligncenter size-full wp-image-13494\" src=\"http:\/\/1001voyagesgourmands.com\/wp-content\/uploads\/2016\/11\/Salon_du_chocolat-115.jpg\" alt=\"\u010cokol\u00e1da, pralinky, tarteletky, makronky, no a t\u0159eba i \u0161aty z \u010dokol\u00e1dy. Tak vypad\u00e1 salon \u010dokol\u00e1dy v Pa\u0159\u00ed\u017ei, nejv\u011bt\u0161\u00ed \u010dokol\u00e1dov\u00e1 akce na sv\u011bt\u011b.\" width=\"800\" height=\"565\" srcset=\"https:\/\/1001voyagesgourmands.com\/wp-content\/uploads\/2016\/11\/Salon_du_chocolat-115.jpg 800w, https:\/\/1001voyagesgourmands.com\/wp-content\/uploads\/2016\/11\/Salon_du_chocolat-115-300x212.jpg 300w, https:\/\/1001voyagesgourmands.com\/wp-content\/uploads\/2016\/11\/Salon_du_chocolat-115-768x542.jpg 768w, https:\/\/1001voyagesgourmands.com\/wp-content\/uploads\/2016\/11\/Salon_du_chocolat-115-585x413.jpg 585w\" sizes=\"auto, (max-width: 800px) 100vw, 800px\" \/><\/p>\n<p>&nbsp;<\/p>\n<p>Dost m\u011b zaujaly tak\u00e9 &#8222;obrazy&#8220; z \u010dokol\u00e1dy od um\u011blce&nbsp;<strong>Patrick Agnellet<\/strong> z Annecy, kter\u00e9 se opravdu j\u00ed. Tohle m\u011b sice k j\u00eddlu v\u016fbec nel\u00e1kalo, zato kdyby v l\u00e9t\u011b ne\u0161plhaly teploty p\u0159es dvac\u00edtku, tak bych si to klidn\u011b n\u011bkam pov\u011bsila. \ud83d\ude42<\/p>\n<p><img loading=\"lazy\" decoding=\"async\" class=\"aligncenter size-full wp-image-13464\" src=\"http:\/\/1001voyagesgourmands.com\/wp-content\/uploads\/2016\/11\/Salon_du_chocolat-44.jpg\" alt=\"\u010cokol\u00e1da, pralinky, tarteletky, makronky, no a t\u0159eba i \u0161aty z \u010dokol\u00e1dy. Tak vypad\u00e1 salon \u010dokol\u00e1dy v Pa\u0159\u00ed\u017ei, nejv\u011bt\u0161\u00ed \u010dokol\u00e1dov\u00e1 akce na sv\u011bt\u011b.\" width=\"800\" height=\"530\" srcset=\"https:\/\/1001voyagesgourmands.com\/wp-content\/uploads\/2016\/11\/Salon_du_chocolat-44.jpg 800w, https:\/\/1001voyagesgourmands.com\/wp-content\/uploads\/2016\/11\/Salon_du_chocolat-44-263x175.jpg 263w, https:\/\/1001voyagesgourmands.com\/wp-content\/uploads\/2016\/11\/Salon_du_chocolat-44-300x199.jpg 300w, https:\/\/1001voyagesgourmands.com\/wp-content\/uploads\/2016\/11\/Salon_du_chocolat-44-768x509.jpg 768w, https:\/\/1001voyagesgourmands.com\/wp-content\/uploads\/2016\/11\/Salon_du_chocolat-44-780x516.jpg 780w, https:\/\/1001voyagesgourmands.com\/wp-content\/uploads\/2016\/11\/Salon_du_chocolat-44-585x388.jpg 585w\" sizes=\"auto, (max-width: 800px) 100vw, 800px\" \/><\/p>\n<p>&nbsp;<\/p>\n<p style=\"text-align: justify;\">V p\u0159\u00edzem\u00ed bylo p\u00e1r st\u00e1nk\u016f zem\u00ed produkuj\u00edc\u00edch kakaov\u00e9 boby a \u010dokol\u00e1dov\u00fdch producent\u016f zast\u00e1vaj\u00edc\u00edch trvale udr\u017eiteln\u00fd rozvoj. Lid\u00e9 se tu tak mohli dozv\u011bd\u011bt plno zaj\u00edmav\u00fdch informac\u00ed ze sv\u011bta \u010dokol\u00e1dy.<\/p>\n<p style=\"text-align: justify;\"><img loading=\"lazy\" decoding=\"async\" class=\"aligncenter size-full wp-image-13458\" src=\"http:\/\/1001voyagesgourmands.com\/wp-content\/uploads\/2016\/11\/Salon_du_chocolat-41.jpg\" alt=\"\u010cokol\u00e1da, pralinky, tarteletky, makronky, no a t\u0159eba i \u0161aty z \u010dokol\u00e1dy. Tak vypad\u00e1 salon \u010dokol\u00e1dy v Pa\u0159\u00ed\u017ei, nejv\u011bt\u0161\u00ed \u010dokol\u00e1dov\u00e1 akce na sv\u011bt\u011b.\" width=\"800\" height=\"530\" srcset=\"https:\/\/1001voyagesgourmands.com\/wp-content\/uploads\/2016\/11\/Salon_du_chocolat-41.jpg 800w, https:\/\/1001voyagesgourmands.com\/wp-content\/uploads\/2016\/11\/Salon_du_chocolat-41-263x175.jpg 263w, https:\/\/1001voyagesgourmands.com\/wp-content\/uploads\/2016\/11\/Salon_du_chocolat-41-300x199.jpg 300w, https:\/\/1001voyagesgourmands.com\/wp-content\/uploads\/2016\/11\/Salon_du_chocolat-41-768x509.jpg 768w, https:\/\/1001voyagesgourmands.com\/wp-content\/uploads\/2016\/11\/Salon_du_chocolat-41-780x516.jpg 780w, https:\/\/1001voyagesgourmands.com\/wp-content\/uploads\/2016\/11\/Salon_du_chocolat-41-585x388.jpg 585w\" sizes=\"auto, (max-width: 800px) 100vw, 800px\" \/><\/p>\n<p style=\"text-align: justify;\"><img loading=\"lazy\" decoding=\"async\" class=\"aligncenter size-full wp-image-13398\" src=\"http:\/\/1001voyagesgourmands.com\/wp-content\/uploads\/2016\/11\/Salon_du_chocolat-10.jpg\" alt=\"\u010cokol\u00e1da, pralinky, tarteletky, makronky, no a t\u0159eba i \u0161aty z \u010dokol\u00e1dy. Tak vypad\u00e1 salon \u010dokol\u00e1dy v Pa\u0159\u00ed\u017ei, nejv\u011bt\u0161\u00ed \u010dokol\u00e1dov\u00e1 akce na sv\u011bt\u011b.\" width=\"800\" height=\"530\" srcset=\"https:\/\/1001voyagesgourmands.com\/wp-content\/uploads\/2016\/11\/Salon_du_chocolat-10.jpg 800w, https:\/\/1001voyagesgourmands.com\/wp-content\/uploads\/2016\/11\/Salon_du_chocolat-10-263x175.jpg 263w, https:\/\/1001voyagesgourmands.com\/wp-content\/uploads\/2016\/11\/Salon_du_chocolat-10-300x199.jpg 300w, https:\/\/1001voyagesgourmands.com\/wp-content\/uploads\/2016\/11\/Salon_du_chocolat-10-768x509.jpg 768w, https:\/\/1001voyagesgourmands.com\/wp-content\/uploads\/2016\/11\/Salon_du_chocolat-10-780x516.jpg 780w, https:\/\/1001voyagesgourmands.com\/wp-content\/uploads\/2016\/11\/Salon_du_chocolat-10-585x388.jpg 585w\" sizes=\"auto, (max-width: 800px) 100vw, 800px\" \/><\/p>\n<p style=\"text-align: justify;\">&nbsp;<\/p>\n<p style=\"text-align: justify;\">&nbsp;<\/p>\n<h3 style=\"text-align: justify;\">Nechyb\u011bli cukr\u00e1\u0159i ani&nbsp;peka\u0159i<\/h3>\n<p style=\"text-align: justify;\">Ov\u0161em krom\u011b \u010dokol\u00e1dovn\u00edk\u016f tu tak\u00e9 nechyb\u011bli cukr\u00e1\u0159i a peka\u0159i s nejr\u016fzn\u011bj\u0161\u00edmi a nejroztomilej\u0161\u00edmi cukrovinkami jako <strong>canel\u00e9s<\/strong> (rumem a vanilkou ochucen\u00e1 specialita z Bordeaux),<strong> macarons<\/strong> (zn\u00e1m\u00e9 u n\u00e1s jako makronky),<strong> millefeuilles<\/strong> (dort\u00edky z n\u011bkolika tenk\u00fdch vrstev spojen\u00fdch kr\u00e9mem), <strong>\u00e9clairs<\/strong> (typicky francouzsk\u00e1 cukrovinka z odpalovan\u00e9ho t\u011bsta pln\u011bn\u00e1 kr\u00e9mem a polit\u00e1 \u010dokol\u00e1dou), nebo klasick\u00e9 <strong>cookies<\/strong>. Pekly se tu v\u0161ak i tradi\u010dn\u00ed <strong>francouzsk\u00e9 bagety<\/strong>, <strong>brio\u0161ky<\/strong> v\u0161eho druhu \u010di <strong>croissanty<\/strong>.<\/p>\n<p style=\"text-align: justify;\"><img loading=\"lazy\" decoding=\"async\" class=\"aligncenter size-full wp-image-13418\" src=\"http:\/\/1001voyagesgourmands.com\/wp-content\/uploads\/2016\/11\/Salon_du_chocolat-20.jpg\" alt=\"\u010cokol\u00e1da, pralinky, tarteletky, makronky, no a t\u0159eba i \u0161aty z \u010dokol\u00e1dy. Tak vypad\u00e1 salon \u010dokol\u00e1dy v Pa\u0159\u00ed\u017ei, nejv\u011bt\u0161\u00ed \u010dokol\u00e1dov\u00e1 akce na sv\u011bt\u011b.\" width=\"800\" height=\"530\" srcset=\"https:\/\/1001voyagesgourmands.com\/wp-content\/uploads\/2016\/11\/Salon_du_chocolat-20.jpg 800w, https:\/\/1001voyagesgourmands.com\/wp-content\/uploads\/2016\/11\/Salon_du_chocolat-20-263x175.jpg 263w, https:\/\/1001voyagesgourmands.com\/wp-content\/uploads\/2016\/11\/Salon_du_chocolat-20-300x199.jpg 300w, https:\/\/1001voyagesgourmands.com\/wp-content\/uploads\/2016\/11\/Salon_du_chocolat-20-768x509.jpg 768w, https:\/\/1001voyagesgourmands.com\/wp-content\/uploads\/2016\/11\/Salon_du_chocolat-20-780x516.jpg 780w, https:\/\/1001voyagesgourmands.com\/wp-content\/uploads\/2016\/11\/Salon_du_chocolat-20-585x388.jpg 585w\" sizes=\"auto, (max-width: 800px) 100vw, 800px\" \/><\/p>\n<p style=\"text-align: justify;\"><img loading=\"lazy\" decoding=\"async\" class=\"aligncenter size-full wp-image-13420\" src=\"http:\/\/1001voyagesgourmands.com\/wp-content\/uploads\/2016\/11\/Salon_du_chocolat-21.jpg\" alt=\"\u010cokol\u00e1da, pralinky, tarteletky, makronky, no a t\u0159eba i \u0161aty z \u010dokol\u00e1dy. Tak vypad\u00e1 salon \u010dokol\u00e1dy v Pa\u0159\u00ed\u017ei, nejv\u011bt\u0161\u00ed \u010dokol\u00e1dov\u00e1 akce na sv\u011bt\u011b.\" width=\"800\" height=\"530\" srcset=\"https:\/\/1001voyagesgourmands.com\/wp-content\/uploads\/2016\/11\/Salon_du_chocolat-21.jpg 800w, https:\/\/1001voyagesgourmands.com\/wp-content\/uploads\/2016\/11\/Salon_du_chocolat-21-263x175.jpg 263w, https:\/\/1001voyagesgourmands.com\/wp-content\/uploads\/2016\/11\/Salon_du_chocolat-21-300x199.jpg 300w, https:\/\/1001voyagesgourmands.com\/wp-content\/uploads\/2016\/11\/Salon_du_chocolat-21-768x509.jpg 768w, https:\/\/1001voyagesgourmands.com\/wp-content\/uploads\/2016\/11\/Salon_du_chocolat-21-780x516.jpg 780w, https:\/\/1001voyagesgourmands.com\/wp-content\/uploads\/2016\/11\/Salon_du_chocolat-21-585x388.jpg 585w\" sizes=\"auto, (max-width: 800px) 100vw, 800px\" \/><\/p>\n<p style=\"text-align: justify;\"><img loading=\"lazy\" decoding=\"async\" class=\"aligncenter size-full wp-image-13468\" src=\"http:\/\/1001voyagesgourmands.com\/wp-content\/uploads\/2016\/11\/Salon_du_chocolat-46.jpg\" alt=\"\u010cokol\u00e1da, pralinky, tarteletky, makronky, no a t\u0159eba i \u0161aty z \u010dokol\u00e1dy. Tak vypad\u00e1 salon \u010dokol\u00e1dy v Pa\u0159\u00ed\u017ei, nejv\u011bt\u0161\u00ed \u010dokol\u00e1dov\u00e1 akce na sv\u011bt\u011b.\" width=\"800\" height=\"530\" srcset=\"https:\/\/1001voyagesgourmands.com\/wp-content\/uploads\/2016\/11\/Salon_du_chocolat-46.jpg 800w, https:\/\/1001voyagesgourmands.com\/wp-content\/uploads\/2016\/11\/Salon_du_chocolat-46-263x175.jpg 263w, https:\/\/1001voyagesgourmands.com\/wp-content\/uploads\/2016\/11\/Salon_du_chocolat-46-300x199.jpg 300w, https:\/\/1001voyagesgourmands.com\/wp-content\/uploads\/2016\/11\/Salon_du_chocolat-46-768x509.jpg 768w, https:\/\/1001voyagesgourmands.com\/wp-content\/uploads\/2016\/11\/Salon_du_chocolat-46-780x516.jpg 780w, https:\/\/1001voyagesgourmands.com\/wp-content\/uploads\/2016\/11\/Salon_du_chocolat-46-585x388.jpg 585w\" sizes=\"auto, (max-width: 800px) 100vw, 800px\" \/><\/p>\n<p style=\"text-align: justify;\"><img loading=\"lazy\" decoding=\"async\" class=\"aligncenter size-full wp-image-13428\" src=\"http:\/\/1001voyagesgourmands.com\/wp-content\/uploads\/2016\/11\/Salon_du_chocolat-25.jpg\" alt=\"\u010cokol\u00e1da, pralinky, tarteletky, makronky, no a t\u0159eba i \u0161aty z \u010dokol\u00e1dy. Tak vypad\u00e1 salon \u010dokol\u00e1dy v Pa\u0159\u00ed\u017ei, nejv\u011bt\u0161\u00ed \u010dokol\u00e1dov\u00e1 akce na sv\u011bt\u011b.\" width=\"800\" height=\"530\" srcset=\"https:\/\/1001voyagesgourmands.com\/wp-content\/uploads\/2016\/11\/Salon_du_chocolat-25.jpg 800w, https:\/\/1001voyagesgourmands.com\/wp-content\/uploads\/2016\/11\/Salon_du_chocolat-25-263x175.jpg 263w, https:\/\/1001voyagesgourmands.com\/wp-content\/uploads\/2016\/11\/Salon_du_chocolat-25-300x199.jpg 300w, https:\/\/1001voyagesgourmands.com\/wp-content\/uploads\/2016\/11\/Salon_du_chocolat-25-768x509.jpg 768w, https:\/\/1001voyagesgourmands.com\/wp-content\/uploads\/2016\/11\/Salon_du_chocolat-25-780x516.jpg 780w, https:\/\/1001voyagesgourmands.com\/wp-content\/uploads\/2016\/11\/Salon_du_chocolat-25-585x388.jpg 585w\" sizes=\"auto, (max-width: 800px) 100vw, 800px\" \/><\/p>\n<p style=\"text-align: justify;\"><img loading=\"lazy\" decoding=\"async\" class=\"aligncenter size-full wp-image-13394\" src=\"http:\/\/1001voyagesgourmands.com\/wp-content\/uploads\/2016\/11\/Salon_du_chocolat-8.jpg\" alt=\"\u010cokol\u00e1da, pralinky, tarteletky, makronky, no a t\u0159eba i \u0161aty z \u010dokol\u00e1dy. Tak vypad\u00e1 salon \u010dokol\u00e1dy v Pa\u0159\u00ed\u017ei, nejv\u011bt\u0161\u00ed \u010dokol\u00e1dov\u00e1 akce na sv\u011bt\u011b.\" width=\"800\" height=\"530\" srcset=\"https:\/\/1001voyagesgourmands.com\/wp-content\/uploads\/2016\/11\/Salon_du_chocolat-8.jpg 800w, https:\/\/1001voyagesgourmands.com\/wp-content\/uploads\/2016\/11\/Salon_du_chocolat-8-263x175.jpg 263w, https:\/\/1001voyagesgourmands.com\/wp-content\/uploads\/2016\/11\/Salon_du_chocolat-8-300x199.jpg 300w, https:\/\/1001voyagesgourmands.com\/wp-content\/uploads\/2016\/11\/Salon_du_chocolat-8-768x509.jpg 768w, https:\/\/1001voyagesgourmands.com\/wp-content\/uploads\/2016\/11\/Salon_du_chocolat-8-780x516.jpg 780w, https:\/\/1001voyagesgourmands.com\/wp-content\/uploads\/2016\/11\/Salon_du_chocolat-8-585x388.jpg 585w\" sizes=\"auto, (max-width: 800px) 100vw, 800px\" \/><\/p>\n<p style=\"text-align: justify;\"><img loading=\"lazy\" decoding=\"async\" class=\"aligncenter size-full wp-image-13424\" src=\"http:\/\/1001voyagesgourmands.com\/wp-content\/uploads\/2016\/11\/Salon_du_chocolat-23.jpg\" alt=\"\u010cokol\u00e1da, pralinky, tarteletky, makronky, no a t\u0159eba i \u0161aty z \u010dokol\u00e1dy. Tak vypad\u00e1 salon \u010dokol\u00e1dy v Pa\u0159\u00ed\u017ei, nejv\u011bt\u0161\u00ed \u010dokol\u00e1dov\u00e1 akce na sv\u011bt\u011b.\" width=\"800\" height=\"530\" srcset=\"https:\/\/1001voyagesgourmands.com\/wp-content\/uploads\/2016\/11\/Salon_du_chocolat-23.jpg 800w, https:\/\/1001voyagesgourmands.com\/wp-content\/uploads\/2016\/11\/Salon_du_chocolat-23-263x175.jpg 263w, https:\/\/1001voyagesgourmands.com\/wp-content\/uploads\/2016\/11\/Salon_du_chocolat-23-300x199.jpg 300w, https:\/\/1001voyagesgourmands.com\/wp-content\/uploads\/2016\/11\/Salon_du_chocolat-23-768x509.jpg 768w, https:\/\/1001voyagesgourmands.com\/wp-content\/uploads\/2016\/11\/Salon_du_chocolat-23-780x516.jpg 780w, https:\/\/1001voyagesgourmands.com\/wp-content\/uploads\/2016\/11\/Salon_du_chocolat-23-585x388.jpg 585w\" sizes=\"auto, (max-width: 800px) 100vw, 800px\" \/><\/p>\n<p style=\"text-align: justify;\"><img loading=\"lazy\" decoding=\"async\" class=\"aligncenter size-full wp-image-13450\" src=\"http:\/\/1001voyagesgourmands.com\/wp-content\/uploads\/2016\/11\/Salon_du_chocolat-36.jpg\" alt=\"\u010cokol\u00e1da, pralinky, tarteletky, makronky, no a t\u0159eba i \u0161aty z \u010dokol\u00e1dy. Tak vypad\u00e1 salon \u010dokol\u00e1dy v Pa\u0159\u00ed\u017ei, nejv\u011bt\u0161\u00ed \u010dokol\u00e1dov\u00e1 akce na sv\u011bt\u011b.\" width=\"800\" height=\"530\" srcset=\"https:\/\/1001voyagesgourmands.com\/wp-content\/uploads\/2016\/11\/Salon_du_chocolat-36.jpg 800w, https:\/\/1001voyagesgourmands.com\/wp-content\/uploads\/2016\/11\/Salon_du_chocolat-36-263x175.jpg 263w, https:\/\/1001voyagesgourmands.com\/wp-content\/uploads\/2016\/11\/Salon_du_chocolat-36-300x199.jpg 300w, https:\/\/1001voyagesgourmands.com\/wp-content\/uploads\/2016\/11\/Salon_du_chocolat-36-768x509.jpg 768w, https:\/\/1001voyagesgourmands.com\/wp-content\/uploads\/2016\/11\/Salon_du_chocolat-36-780x516.jpg 780w, https:\/\/1001voyagesgourmands.com\/wp-content\/uploads\/2016\/11\/Salon_du_chocolat-36-585x388.jpg 585w\" sizes=\"auto, (max-width: 800px) 100vw, 800px\" \/><\/p>\n<p style=\"text-align: justify;\"><img loading=\"lazy\" decoding=\"async\" class=\"aligncenter size-full wp-image-13454\" src=\"http:\/\/1001voyagesgourmands.com\/wp-content\/uploads\/2016\/11\/Salon_du_chocolat-38.jpg\" alt=\"\u010cokol\u00e1da, pralinky, tarteletky, makronky, no a t\u0159eba i \u0161aty z \u010dokol\u00e1dy. Tak vypad\u00e1 salon \u010dokol\u00e1dy v Pa\u0159\u00ed\u017ei, nejv\u011bt\u0161\u00ed \u010dokol\u00e1dov\u00e1 akce na sv\u011bt\u011b.\" width=\"800\" height=\"530\" srcset=\"https:\/\/1001voyagesgourmands.com\/wp-content\/uploads\/2016\/11\/Salon_du_chocolat-38.jpg 800w, https:\/\/1001voyagesgourmands.com\/wp-content\/uploads\/2016\/11\/Salon_du_chocolat-38-263x175.jpg 263w, https:\/\/1001voyagesgourmands.com\/wp-content\/uploads\/2016\/11\/Salon_du_chocolat-38-300x199.jpg 300w, https:\/\/1001voyagesgourmands.com\/wp-content\/uploads\/2016\/11\/Salon_du_chocolat-38-768x509.jpg 768w, https:\/\/1001voyagesgourmands.com\/wp-content\/uploads\/2016\/11\/Salon_du_chocolat-38-780x516.jpg 780w, https:\/\/1001voyagesgourmands.com\/wp-content\/uploads\/2016\/11\/Salon_du_chocolat-38-585x388.jpg 585w\" sizes=\"auto, (max-width: 800px) 100vw, 800px\" \/><\/p>\n<p style=\"text-align: justify;\"><img loading=\"lazy\" decoding=\"async\" class=\"aligncenter size-full wp-image-13452\" src=\"http:\/\/1001voyagesgourmands.com\/wp-content\/uploads\/2016\/11\/Salon_du_chocolat-37.jpg\" alt=\"\u010cokol\u00e1da, pralinky, tarteletky, makronky, no a t\u0159eba i \u0161aty z \u010dokol\u00e1dy. Tak vypad\u00e1 salon \u010dokol\u00e1dy v Pa\u0159\u00ed\u017ei, nejv\u011bt\u0161\u00ed \u010dokol\u00e1dov\u00e1 akce na sv\u011bt\u011b.\" width=\"800\" height=\"530\" srcset=\"https:\/\/1001voyagesgourmands.com\/wp-content\/uploads\/2016\/11\/Salon_du_chocolat-37.jpg 800w, https:\/\/1001voyagesgourmands.com\/wp-content\/uploads\/2016\/11\/Salon_du_chocolat-37-263x175.jpg 263w, https:\/\/1001voyagesgourmands.com\/wp-content\/uploads\/2016\/11\/Salon_du_chocolat-37-300x199.jpg 300w, https:\/\/1001voyagesgourmands.com\/wp-content\/uploads\/2016\/11\/Salon_du_chocolat-37-768x509.jpg 768w, https:\/\/1001voyagesgourmands.com\/wp-content\/uploads\/2016\/11\/Salon_du_chocolat-37-780x516.jpg 780w, https:\/\/1001voyagesgourmands.com\/wp-content\/uploads\/2016\/11\/Salon_du_chocolat-37-585x388.jpg 585w\" sizes=\"auto, (max-width: 800px) 100vw, 800px\" \/><\/p>\n<p style=\"text-align: justify;\">&nbsp;<\/p>\n<p style=\"text-align: justify;\">Narazili jsme na dva kreativce <strong>Christophe Vinot a Jean Daudignac<\/strong>, co zde prezentovali formi\u010dky na su\u0161enkov\u00e9 t\u011bsto, ze kter\u00e9ho si po upe\u010den\u00ed a je\u0161t\u011b p\u0159ed vychladnut\u00edm vytvarujete t\u0159eba n\u00e1dobky na dezerty \u010di l\u017ei\u010dky. Zaj\u00edmav\u00fd n\u00e1pad, le\u010d m\u00e1m pocit, \u017ee l\u017ei\u010dky ze su\u0161enkov\u00e9ho t\u011bsta asi moc efektivn\u00ed nebudou &#8211; vypadaly velmi k\u0159ehce.<\/p>\n<p><img loading=\"lazy\" decoding=\"async\" class=\"aligncenter size-full wp-image-13404\" src=\"http:\/\/1001voyagesgourmands.com\/wp-content\/uploads\/2016\/11\/Salon_du_chocolat-13.jpg\" alt=\"\u010cokol\u00e1da, pralinky, tarteletky, makronky, no a t\u0159eba i \u0161aty z \u010dokol\u00e1dy. Tak vypad\u00e1 salon \u010dokol\u00e1dy v Pa\u0159\u00ed\u017ei, nejv\u011bt\u0161\u00ed \u010dokol\u00e1dov\u00e1 akce na sv\u011bt\u011b.\" width=\"800\" height=\"530\" srcset=\"https:\/\/1001voyagesgourmands.com\/wp-content\/uploads\/2016\/11\/Salon_du_chocolat-13.jpg 800w, https:\/\/1001voyagesgourmands.com\/wp-content\/uploads\/2016\/11\/Salon_du_chocolat-13-263x175.jpg 263w, https:\/\/1001voyagesgourmands.com\/wp-content\/uploads\/2016\/11\/Salon_du_chocolat-13-300x199.jpg 300w, https:\/\/1001voyagesgourmands.com\/wp-content\/uploads\/2016\/11\/Salon_du_chocolat-13-768x509.jpg 768w, https:\/\/1001voyagesgourmands.com\/wp-content\/uploads\/2016\/11\/Salon_du_chocolat-13-780x516.jpg 780w, https:\/\/1001voyagesgourmands.com\/wp-content\/uploads\/2016\/11\/Salon_du_chocolat-13-585x388.jpg 585w\" sizes=\"auto, (max-width: 800px) 100vw, 800px\" \/><\/p>\n<p style=\"text-align: justify;\">&nbsp;<\/p>\n<p style=\"text-align: justify;\">Jedna v\u011bc, kterou jsem v\u016fbec neznala a kterou n\u00e1s Ad\u00e9lky kamar\u00e1dka povinn\u011b nechala ochutnat, byl tzv.<strong> kouignette<\/strong> z Normandie. Druh\u016f m\u011bli plno &#8211; pist\u00e1ciov\u00fd, \u010dokol\u00e1dov\u00fd, malinov\u00fd, karamelov\u00fd a dal\u0161\u00ed. Jde o dost nezdravou v\u011bc &#8211; nikdy jsem nejedla nic m\u00e1slov\u011bj\u0161\u00edho. Kousnete do kol\u00e1\u010dku a pomalu v\u00e1m v n\u011bm z\u016fstanou zuby, jak je m\u00e1slov\u011b tuh\u00fd. Ov\u0161em ve spojen\u00ed se slan\u00fdm karamelem je ta m\u00e1slov\u00e1 chu\u0165 dost dobr\u00e1.<\/p>\n<p style=\"text-align: justify;\"><img loading=\"lazy\" decoding=\"async\" class=\"aligncenter size-full wp-image-13386\" src=\"http:\/\/1001voyagesgourmands.com\/wp-content\/uploads\/2016\/11\/Salon_du_chocolat-4.jpg\" alt=\"\u010cokol\u00e1da, pralinky, tarteletky, makronky, no a t\u0159eba i \u0161aty z \u010dokol\u00e1dy. Tak vypad\u00e1 salon \u010dokol\u00e1dy v Pa\u0159\u00ed\u017ei, nejv\u011bt\u0161\u00ed \u010dokol\u00e1dov\u00e1 akce na sv\u011bt\u011b.\" width=\"800\" height=\"530\" srcset=\"https:\/\/1001voyagesgourmands.com\/wp-content\/uploads\/2016\/11\/Salon_du_chocolat-4.jpg 800w, https:\/\/1001voyagesgourmands.com\/wp-content\/uploads\/2016\/11\/Salon_du_chocolat-4-263x175.jpg 263w, https:\/\/1001voyagesgourmands.com\/wp-content\/uploads\/2016\/11\/Salon_du_chocolat-4-300x199.jpg 300w, https:\/\/1001voyagesgourmands.com\/wp-content\/uploads\/2016\/11\/Salon_du_chocolat-4-768x509.jpg 768w, https:\/\/1001voyagesgourmands.com\/wp-content\/uploads\/2016\/11\/Salon_du_chocolat-4-780x516.jpg 780w, https:\/\/1001voyagesgourmands.com\/wp-content\/uploads\/2016\/11\/Salon_du_chocolat-4-585x388.jpg 585w\" sizes=\"auto, (max-width: 800px) 100vw, 800px\" \/><\/p>\n<p style=\"text-align: justify;\"><img loading=\"lazy\" decoding=\"async\" class=\"aligncenter size-full wp-image-13388\" src=\"http:\/\/1001voyagesgourmands.com\/wp-content\/uploads\/2016\/11\/Salon_du_chocolat-5.jpg\" alt=\"\u010cokol\u00e1da, pralinky, tarteletky, makronky, no a t\u0159eba i \u0161aty z \u010dokol\u00e1dy. Tak vypad\u00e1 salon \u010dokol\u00e1dy v Pa\u0159\u00ed\u017ei, nejv\u011bt\u0161\u00ed \u010dokol\u00e1dov\u00e1 akce na sv\u011bt\u011b.\" width=\"800\" height=\"530\" srcset=\"https:\/\/1001voyagesgourmands.com\/wp-content\/uploads\/2016\/11\/Salon_du_chocolat-5.jpg 800w, https:\/\/1001voyagesgourmands.com\/wp-content\/uploads\/2016\/11\/Salon_du_chocolat-5-263x175.jpg 263w, https:\/\/1001voyagesgourmands.com\/wp-content\/uploads\/2016\/11\/Salon_du_chocolat-5-300x199.jpg 300w, https:\/\/1001voyagesgourmands.com\/wp-content\/uploads\/2016\/11\/Salon_du_chocolat-5-768x509.jpg 768w, https:\/\/1001voyagesgourmands.com\/wp-content\/uploads\/2016\/11\/Salon_du_chocolat-5-780x516.jpg 780w, https:\/\/1001voyagesgourmands.com\/wp-content\/uploads\/2016\/11\/Salon_du_chocolat-5-585x388.jpg 585w\" sizes=\"auto, (max-width: 800px) 100vw, 800px\" \/><\/p>\n<p style=\"text-align: justify;\">&nbsp;<\/p>\n<h3 style=\"text-align: justify;\">Japonsko&nbsp;p\u0159ekvapilo<\/h3>\n<p style=\"text-align: justify;\">Mezi vystavovateli bylo letos hodn\u011b Japonc\u016f, kte\u0159\u00ed sem p\u0159ijeli jednak s<strong> japonsk\u00fdm&nbsp;\u010dajem<\/strong>, tak i se sv\u00fdmi <strong>origin\u00e1ln\u00edmi pralinkami<\/strong>, nebo t\u0159eba&nbsp;<strong>zelen\u00fdmi makronkami z Tokia<\/strong> z vaflov\u00e9ho t\u011bsta \u010di&nbsp;<strong>matcha croissanty<\/strong>.<\/p>\n<p style=\"text-align: justify;\"><img loading=\"lazy\" decoding=\"async\" class=\"aligncenter size-full wp-image-13456\" src=\"http:\/\/1001voyagesgourmands.com\/wp-content\/uploads\/2016\/11\/Salon_du_chocolat-40.jpg\" alt=\"\u010cokol\u00e1da, pralinky, tarteletky, makronky, no a t\u0159eba i \u0161aty z \u010dokol\u00e1dy. Tak vypad\u00e1 salon \u010dokol\u00e1dy v Pa\u0159\u00ed\u017ei, nejv\u011bt\u0161\u00ed \u010dokol\u00e1dov\u00e1 akce na sv\u011bt\u011b.\" width=\"800\" height=\"530\" srcset=\"https:\/\/1001voyagesgourmands.com\/wp-content\/uploads\/2016\/11\/Salon_du_chocolat-40.jpg 800w, https:\/\/1001voyagesgourmands.com\/wp-content\/uploads\/2016\/11\/Salon_du_chocolat-40-263x175.jpg 263w, https:\/\/1001voyagesgourmands.com\/wp-content\/uploads\/2016\/11\/Salon_du_chocolat-40-300x199.jpg 300w, https:\/\/1001voyagesgourmands.com\/wp-content\/uploads\/2016\/11\/Salon_du_chocolat-40-768x509.jpg 768w, https:\/\/1001voyagesgourmands.com\/wp-content\/uploads\/2016\/11\/Salon_du_chocolat-40-780x516.jpg 780w, https:\/\/1001voyagesgourmands.com\/wp-content\/uploads\/2016\/11\/Salon_du_chocolat-40-585x388.jpg 585w\" sizes=\"auto, (max-width: 800px) 100vw, 800px\" \/><\/p>\n<p style=\"text-align: justify;\"><img loading=\"lazy\" decoding=\"async\" class=\"aligncenter size-full wp-image-13478\" src=\"http:\/\/1001voyagesgourmands.com\/wp-content\/uploads\/2016\/11\/Salon_du_chocolat-51.jpg\" alt=\"\u010cokol\u00e1da, pralinky, tarteletky, makronky, no a t\u0159eba i \u0161aty z \u010dokol\u00e1dy. Tak vypad\u00e1 salon \u010dokol\u00e1dy v Pa\u0159\u00ed\u017ei, nejv\u011bt\u0161\u00ed \u010dokol\u00e1dov\u00e1 akce na sv\u011bt\u011b.\" width=\"800\" height=\"530\" srcset=\"https:\/\/1001voyagesgourmands.com\/wp-content\/uploads\/2016\/11\/Salon_du_chocolat-51.jpg 800w, https:\/\/1001voyagesgourmands.com\/wp-content\/uploads\/2016\/11\/Salon_du_chocolat-51-263x175.jpg 263w, https:\/\/1001voyagesgourmands.com\/wp-content\/uploads\/2016\/11\/Salon_du_chocolat-51-300x199.jpg 300w, https:\/\/1001voyagesgourmands.com\/wp-content\/uploads\/2016\/11\/Salon_du_chocolat-51-768x509.jpg 768w, https:\/\/1001voyagesgourmands.com\/wp-content\/uploads\/2016\/11\/Salon_du_chocolat-51-780x516.jpg 780w, https:\/\/1001voyagesgourmands.com\/wp-content\/uploads\/2016\/11\/Salon_du_chocolat-51-585x388.jpg 585w\" sizes=\"auto, (max-width: 800px) 100vw, 800px\" \/><\/p>\n<p style=\"text-align: justify;\"><img loading=\"lazy\" decoding=\"async\" class=\"aligncenter size-full wp-image-13476\" src=\"http:\/\/1001voyagesgourmands.com\/wp-content\/uploads\/2016\/11\/Salon_du_chocolat-50.jpg\" alt=\"\u010cokol\u00e1da, pralinky, tarteletky, makronky, no a t\u0159eba i \u0161aty z \u010dokol\u00e1dy. Tak vypad\u00e1 salon \u010dokol\u00e1dy v Pa\u0159\u00ed\u017ei, nejv\u011bt\u0161\u00ed \u010dokol\u00e1dov\u00e1 akce na sv\u011bt\u011b.\" width=\"800\" height=\"530\" srcset=\"https:\/\/1001voyagesgourmands.com\/wp-content\/uploads\/2016\/11\/Salon_du_chocolat-50.jpg 800w, https:\/\/1001voyagesgourmands.com\/wp-content\/uploads\/2016\/11\/Salon_du_chocolat-50-263x175.jpg 263w, https:\/\/1001voyagesgourmands.com\/wp-content\/uploads\/2016\/11\/Salon_du_chocolat-50-300x199.jpg 300w, https:\/\/1001voyagesgourmands.com\/wp-content\/uploads\/2016\/11\/Salon_du_chocolat-50-768x509.jpg 768w, https:\/\/1001voyagesgourmands.com\/wp-content\/uploads\/2016\/11\/Salon_du_chocolat-50-780x516.jpg 780w, https:\/\/1001voyagesgourmands.com\/wp-content\/uploads\/2016\/11\/Salon_du_chocolat-50-585x388.jpg 585w\" sizes=\"auto, (max-width: 800px) 100vw, 800px\" \/><\/p>\n<p style=\"text-align: justify;\"><img loading=\"lazy\" decoding=\"async\" class=\"aligncenter size-full wp-image-13392\" src=\"http:\/\/1001voyagesgourmands.com\/wp-content\/uploads\/2016\/11\/Salon_du_chocolat-7.jpg\" alt=\"\u010cokol\u00e1da, pralinky, tarteletky, makronky, no a t\u0159eba i \u0161aty z \u010dokol\u00e1dy. Tak vypad\u00e1 salon \u010dokol\u00e1dy v Pa\u0159\u00ed\u017ei, nejv\u011bt\u0161\u00ed \u010dokol\u00e1dov\u00e1 akce na sv\u011bt\u011b.\" width=\"800\" height=\"530\" srcset=\"https:\/\/1001voyagesgourmands.com\/wp-content\/uploads\/2016\/11\/Salon_du_chocolat-7.jpg 800w, https:\/\/1001voyagesgourmands.com\/wp-content\/uploads\/2016\/11\/Salon_du_chocolat-7-263x175.jpg 263w, https:\/\/1001voyagesgourmands.com\/wp-content\/uploads\/2016\/11\/Salon_du_chocolat-7-300x199.jpg 300w, https:\/\/1001voyagesgourmands.com\/wp-content\/uploads\/2016\/11\/Salon_du_chocolat-7-768x509.jpg 768w, https:\/\/1001voyagesgourmands.com\/wp-content\/uploads\/2016\/11\/Salon_du_chocolat-7-780x516.jpg 780w, https:\/\/1001voyagesgourmands.com\/wp-content\/uploads\/2016\/11\/Salon_du_chocolat-7-585x388.jpg 585w\" sizes=\"auto, (max-width: 800px) 100vw, 800px\" \/><\/p>\n<p style=\"text-align: justify;\"><img loading=\"lazy\" decoding=\"async\" class=\"aligncenter size-full wp-image-13390\" src=\"http:\/\/1001voyagesgourmands.com\/wp-content\/uploads\/2016\/11\/Salon_du_chocolat-6.jpg\" alt=\"\u010cokol\u00e1da, pralinky, tarteletky, makronky, no a t\u0159eba i \u0161aty z \u010dokol\u00e1dy. Tak vypad\u00e1 salon \u010dokol\u00e1dy v Pa\u0159\u00ed\u017ei, nejv\u011bt\u0161\u00ed \u010dokol\u00e1dov\u00e1 akce na sv\u011bt\u011b.\" width=\"800\" height=\"530\" srcset=\"https:\/\/1001voyagesgourmands.com\/wp-content\/uploads\/2016\/11\/Salon_du_chocolat-6.jpg 800w, https:\/\/1001voyagesgourmands.com\/wp-content\/uploads\/2016\/11\/Salon_du_chocolat-6-263x175.jpg 263w, https:\/\/1001voyagesgourmands.com\/wp-content\/uploads\/2016\/11\/Salon_du_chocolat-6-300x199.jpg 300w, https:\/\/1001voyagesgourmands.com\/wp-content\/uploads\/2016\/11\/Salon_du_chocolat-6-768x509.jpg 768w, https:\/\/1001voyagesgourmands.com\/wp-content\/uploads\/2016\/11\/Salon_du_chocolat-6-780x516.jpg 780w, https:\/\/1001voyagesgourmands.com\/wp-content\/uploads\/2016\/11\/Salon_du_chocolat-6-585x388.jpg 585w\" sizes=\"auto, (max-width: 800px) 100vw, 800px\" \/><\/p>\n<p style=\"text-align: justify;\"><img loading=\"lazy\" decoding=\"async\" class=\"aligncenter size-full wp-image-13482\" src=\"http:\/\/1001voyagesgourmands.com\/wp-content\/uploads\/2016\/11\/Salon_du_chocolat-53.jpg\" alt=\"\u010cokol\u00e1da, pralinky, tarteletky, makronky, no a t\u0159eba i \u0161aty z \u010dokol\u00e1dy. Tak vypad\u00e1 salon \u010dokol\u00e1dy v Pa\u0159\u00ed\u017ei, nejv\u011bt\u0161\u00ed \u010dokol\u00e1dov\u00e1 akce na sv\u011bt\u011b.\" width=\"800\" height=\"530\" srcset=\"https:\/\/1001voyagesgourmands.com\/wp-content\/uploads\/2016\/11\/Salon_du_chocolat-53.jpg 800w, https:\/\/1001voyagesgourmands.com\/wp-content\/uploads\/2016\/11\/Salon_du_chocolat-53-263x175.jpg 263w, https:\/\/1001voyagesgourmands.com\/wp-content\/uploads\/2016\/11\/Salon_du_chocolat-53-300x199.jpg 300w, https:\/\/1001voyagesgourmands.com\/wp-content\/uploads\/2016\/11\/Salon_du_chocolat-53-768x509.jpg 768w, https:\/\/1001voyagesgourmands.com\/wp-content\/uploads\/2016\/11\/Salon_du_chocolat-53-780x516.jpg 780w, https:\/\/1001voyagesgourmands.com\/wp-content\/uploads\/2016\/11\/Salon_du_chocolat-53-585x388.jpg 585w\" sizes=\"auto, (max-width: 800px) 100vw, 800px\" \/><\/p>\n<p style=\"text-align: justify;\">&nbsp;<\/p>\n<h3 style=\"text-align: justify;\">Seznamte se&nbsp;<\/h3>\n<p style=\"text-align: justify;\">No a kone\u010dn\u011b, nesm\u011bly tu p\u0159eci chyb\u011bt fotky t\u011bch nejtalentovan\u011bj\u0161\u00edch tv\u016frc\u016f \u010dokol\u00e1dov\u00fdch dobr\u016ftek jako <strong>Pierre Marcolini<\/strong> \u010di <strong>Christopher Felder<\/strong> a mnoho dal\u0161\u00edch. Dost jim to na fotk\u00e1ch slu\u0161\u00ed, co\u017e? &nbsp;<\/p>\n<p style=\"text-align: justify;\"><img loading=\"lazy\" decoding=\"async\" class=\"aligncenter size-full wp-image-13384\" src=\"http:\/\/1001voyagesgourmands.com\/wp-content\/uploads\/2016\/11\/Salon_du_chocolat-3.jpg\" alt=\"\u010cokol\u00e1da, pralinky, tarteletky, makronky, no a t\u0159eba i \u0161aty z \u010dokol\u00e1dy. Tak vypad\u00e1 salon \u010dokol\u00e1dy v Pa\u0159\u00ed\u017ei, nejv\u011bt\u0161\u00ed \u010dokol\u00e1dov\u00e1 akce na sv\u011bt\u011b.\" width=\"800\" height=\"530\" srcset=\"https:\/\/1001voyagesgourmands.com\/wp-content\/uploads\/2016\/11\/Salon_du_chocolat-3.jpg 800w, https:\/\/1001voyagesgourmands.com\/wp-content\/uploads\/2016\/11\/Salon_du_chocolat-3-263x175.jpg 263w, https:\/\/1001voyagesgourmands.com\/wp-content\/uploads\/2016\/11\/Salon_du_chocolat-3-300x199.jpg 300w, https:\/\/1001voyagesgourmands.com\/wp-content\/uploads\/2016\/11\/Salon_du_chocolat-3-768x509.jpg 768w, https:\/\/1001voyagesgourmands.com\/wp-content\/uploads\/2016\/11\/Salon_du_chocolat-3-780x516.jpg 780w, https:\/\/1001voyagesgourmands.com\/wp-content\/uploads\/2016\/11\/Salon_du_chocolat-3-585x388.jpg 585w\" sizes=\"auto, (max-width: 800px) 100vw, 800px\" \/><\/p>\n<p style=\"text-align: justify;\"><img loading=\"lazy\" decoding=\"async\" class=\"aligncenter size-full wp-image-13462\" src=\"http:\/\/1001voyagesgourmands.com\/wp-content\/uploads\/2016\/11\/Salon_du_chocolat-43.jpg\" alt=\"\u010cokol\u00e1da, pralinky, tarteletky, makronky, no a t\u0159eba i \u0161aty z \u010dokol\u00e1dy. Tak vypad\u00e1 salon \u010dokol\u00e1dy v Pa\u0159\u00ed\u017ei, nejv\u011bt\u0161\u00ed \u010dokol\u00e1dov\u00e1 akce na sv\u011bt\u011b.\" width=\"800\" height=\"530\" srcset=\"https:\/\/1001voyagesgourmands.com\/wp-content\/uploads\/2016\/11\/Salon_du_chocolat-43.jpg 800w, https:\/\/1001voyagesgourmands.com\/wp-content\/uploads\/2016\/11\/Salon_du_chocolat-43-263x175.jpg 263w, https:\/\/1001voyagesgourmands.com\/wp-content\/uploads\/2016\/11\/Salon_du_chocolat-43-300x199.jpg 300w, https:\/\/1001voyagesgourmands.com\/wp-content\/uploads\/2016\/11\/Salon_du_chocolat-43-768x509.jpg 768w, https:\/\/1001voyagesgourmands.com\/wp-content\/uploads\/2016\/11\/Salon_du_chocolat-43-780x516.jpg 780w, https:\/\/1001voyagesgourmands.com\/wp-content\/uploads\/2016\/11\/Salon_du_chocolat-43-585x388.jpg 585w\" sizes=\"auto, (max-width: 800px) 100vw, 800px\" \/><\/p>\n<p style=\"text-align: justify;\">&nbsp;<\/p>\n<h3 style=\"text-align: justify;\">\u010cokol\u00e1dov\u00e1 m\u00f3dn\u00ed show&nbsp;<\/h3>\n<p style=\"text-align: justify;\">Jednou z nejzaj\u00edmav\u011bj\u0161\u00edch akc\u00ed na veletrhu je m\u00f3dn\u00ed p\u0159ehl\u00eddka \u010dokol\u00e1dov\u00fdch \u0161at\u016f. Dua talentovan\u00fdch \u010dokol\u00e1dovn\u00edk\u016f a m\u00f3dn\u00edch n\u00e1vrh\u00e1\u0159\u016f p\u0159ipravila 15 m\u00f3dn\u00edch kreac\u00ed, kter\u00e9&nbsp;tu modelky na molu ka\u017ed\u00fd den v ur\u010ditou hodinu p\u0159edv\u00e1d\u00ed. Pro ty, co se zrovna netref\u00ed do \u010das\u016f p\u0159ehl\u00eddky, tu jsou \u0161aty vystaven\u00e9 alespo\u0148 na figur\u00edn\u00e1ch. Co \u0159\u00edk\u00e1te t\u0159eba na ty s korzetem z \u010dokol\u00e1dov\u00fdch medailonk\u016f a sukn\u00ed z francouzsk\u00e9 cukrovinky \u00e9clairs? \ud83d\ude42<\/p>\n<p style=\"text-align: justify;\"><img loading=\"lazy\" decoding=\"async\" class=\"aligncenter size-full wp-image-13500\" src=\"http:\/\/1001voyagesgourmands.com\/wp-content\/uploads\/2016\/11\/Salon_du_chocolat-55-1.jpg\" alt=\"\u010cokol\u00e1da, pralinky, tarteletky, makronky, no a t\u0159eba i \u0161aty z \u010dokol\u00e1dy. Tak vypad\u00e1 salon \u010dokol\u00e1dy v Pa\u0159\u00ed\u017ei, nejv\u011bt\u0161\u00ed \u010dokol\u00e1dov\u00e1 akce na sv\u011bt\u011b.\" width=\"800\" height=\"565\" srcset=\"https:\/\/1001voyagesgourmands.com\/wp-content\/uploads\/2016\/11\/Salon_du_chocolat-55-1.jpg 800w, https:\/\/1001voyagesgourmands.com\/wp-content\/uploads\/2016\/11\/Salon_du_chocolat-55-1-300x212.jpg 300w, https:\/\/1001voyagesgourmands.com\/wp-content\/uploads\/2016\/11\/Salon_du_chocolat-55-1-768x542.jpg 768w, https:\/\/1001voyagesgourmands.com\/wp-content\/uploads\/2016\/11\/Salon_du_chocolat-55-1-585x413.jpg 585w\" sizes=\"auto, (max-width: 800px) 100vw, 800px\" \/><img loading=\"lazy\" decoding=\"async\" class=\"aligncenter size-full wp-image-13488\" src=\"http:\/\/1001voyagesgourmands.com\/wp-content\/uploads\/2016\/11\/Salon_du_chocolat-112.jpg\" alt=\"\u010cokol\u00e1da, pralinky, tarteletky, makronky, no a t\u0159eba i \u0161aty z \u010dokol\u00e1dy. Tak vypad\u00e1 salon \u010dokol\u00e1dy v Pa\u0159\u00ed\u017ei, nejv\u011bt\u0161\u00ed \u010dokol\u00e1dov\u00e1 akce na sv\u011bt\u011b.\" width=\"800\" height=\"565\" srcset=\"https:\/\/1001voyagesgourmands.com\/wp-content\/uploads\/2016\/11\/Salon_du_chocolat-112.jpg 800w, https:\/\/1001voyagesgourmands.com\/wp-content\/uploads\/2016\/11\/Salon_du_chocolat-112-300x212.jpg 300w, https:\/\/1001voyagesgourmands.com\/wp-content\/uploads\/2016\/11\/Salon_du_chocolat-112-768x542.jpg 768w, https:\/\/1001voyagesgourmands.com\/wp-content\/uploads\/2016\/11\/Salon_du_chocolat-112-585x413.jpg 585w\" sizes=\"auto, (max-width: 800px) 100vw, 800px\" \/><img loading=\"lazy\" decoding=\"async\" class=\"aligncenter size-full wp-image-13490\" src=\"http:\/\/1001voyagesgourmands.com\/wp-content\/uploads\/2016\/11\/Salon_du_chocolat-113.jpg\" alt=\"\u010cokol\u00e1da, pralinky, tarteletky, makronky, no a t\u0159eba i \u0161aty z \u010dokol\u00e1dy. Tak vypad\u00e1 salon \u010dokol\u00e1dy v Pa\u0159\u00ed\u017ei, nejv\u011bt\u0161\u00ed \u010dokol\u00e1dov\u00e1 akce na sv\u011bt\u011b.\" width=\"800\" height=\"565\" srcset=\"https:\/\/1001voyagesgourmands.com\/wp-content\/uploads\/2016\/11\/Salon_du_chocolat-113.jpg 800w, https:\/\/1001voyagesgourmands.com\/wp-content\/uploads\/2016\/11\/Salon_du_chocolat-113-300x212.jpg 300w, https:\/\/1001voyagesgourmands.com\/wp-content\/uploads\/2016\/11\/Salon_du_chocolat-113-768x542.jpg 768w, https:\/\/1001voyagesgourmands.com\/wp-content\/uploads\/2016\/11\/Salon_du_chocolat-113-585x413.jpg 585w\" sizes=\"auto, (max-width: 800px) 100vw, 800px\" \/><\/p>\n<p style=\"text-align: justify;\">&nbsp;<\/p>\n<h3 style=\"text-align: justify;\">Koncerty a Workshopy<\/h3>\n<p style=\"text-align: justify;\">P\u0159es den se na p\u00f3diu vyst\u0159\u00eddalo n\u011bkolik hudebn\u00edk\u016f jako t\u0159eba Indi\u00e1ni z Bol\u00edvie, Ghany \u010di Polyn\u00e9sie.&nbsp;Program salonu d\u00e1le dopl\u0148ovaly nejr\u016fzn\u011bj\u0161\u00ed workshopy a show, ale t\u0159eba i autogrami\u00e1dy kucha\u0159ek. Zrovna jsme se tu nachom\u00fdtli v dob\u011b, kdy tu prob\u00edhal souboj \u00fa\u010dastn\u00edk\u016f televizn\u00ed sout\u011b\u017ee &#8222;Le Meilleur Patissier&#8220; o nejlep\u0161\u00edho amat\u00e9rsk\u00e9ho cukr\u00e1\u0159e.<\/p>\n<p style=\"text-align: justify;\"><img loading=\"lazy\" decoding=\"async\" class=\"aligncenter size-full wp-image-13422\" src=\"http:\/\/1001voyagesgourmands.com\/wp-content\/uploads\/2016\/11\/Salon_du_chocolat-22.jpg\" alt=\"\u010cokol\u00e1da, pralinky, tarteletky, makronky, no a t\u0159eba i \u0161aty z \u010dokol\u00e1dy. Tak vypad\u00e1 salon \u010dokol\u00e1dy v Pa\u0159\u00ed\u017ei, nejv\u011bt\u0161\u00ed \u010dokol\u00e1dov\u00e1 akce na sv\u011bt\u011b.\" width=\"800\" height=\"530\" srcset=\"https:\/\/1001voyagesgourmands.com\/wp-content\/uploads\/2016\/11\/Salon_du_chocolat-22.jpg 800w, https:\/\/1001voyagesgourmands.com\/wp-content\/uploads\/2016\/11\/Salon_du_chocolat-22-263x175.jpg 263w, https:\/\/1001voyagesgourmands.com\/wp-content\/uploads\/2016\/11\/Salon_du_chocolat-22-300x199.jpg 300w, https:\/\/1001voyagesgourmands.com\/wp-content\/uploads\/2016\/11\/Salon_du_chocolat-22-768x509.jpg 768w, https:\/\/1001voyagesgourmands.com\/wp-content\/uploads\/2016\/11\/Salon_du_chocolat-22-780x516.jpg 780w, https:\/\/1001voyagesgourmands.com\/wp-content\/uploads\/2016\/11\/Salon_du_chocolat-22-585x388.jpg 585w\" sizes=\"auto, (max-width: 800px) 100vw, 800px\" \/><\/p>\n<p><img loading=\"lazy\" decoding=\"async\" class=\"aligncenter size-full wp-image-13396\" src=\"http:\/\/1001voyagesgourmands.com\/wp-content\/uploads\/2016\/11\/Salon_du_chocolat-9.jpg\" alt=\"\u010cokol\u00e1da, pralinky, tarteletky, makronky, no a t\u0159eba i \u0161aty z \u010dokol\u00e1dy. Tak vypad\u00e1 salon \u010dokol\u00e1dy v Pa\u0159\u00ed\u017ei, nejv\u011bt\u0161\u00ed \u010dokol\u00e1dov\u00e1 akce na sv\u011bt\u011b.\" width=\"800\" height=\"530\" srcset=\"https:\/\/1001voyagesgourmands.com\/wp-content\/uploads\/2016\/11\/Salon_du_chocolat-9.jpg 800w, https:\/\/1001voyagesgourmands.com\/wp-content\/uploads\/2016\/11\/Salon_du_chocolat-9-263x175.jpg 263w, https:\/\/1001voyagesgourmands.com\/wp-content\/uploads\/2016\/11\/Salon_du_chocolat-9-300x199.jpg 300w, https:\/\/1001voyagesgourmands.com\/wp-content\/uploads\/2016\/11\/Salon_du_chocolat-9-768x509.jpg 768w, https:\/\/1001voyagesgourmands.com\/wp-content\/uploads\/2016\/11\/Salon_du_chocolat-9-780x516.jpg 780w, https:\/\/1001voyagesgourmands.com\/wp-content\/uploads\/2016\/11\/Salon_du_chocolat-9-585x388.jpg 585w\" sizes=\"auto, (max-width: 800px) 100vw, 800px\" \/><\/p>\n<p><img loading=\"lazy\" decoding=\"async\" class=\"aligncenter size-full wp-image-13448\" src=\"http:\/\/1001voyagesgourmands.com\/wp-content\/uploads\/2016\/11\/Salon_du_chocolat-35.jpg\" alt=\"\u010cokol\u00e1da, pralinky, tarteletky, makronky, no a t\u0159eba i \u0161aty z \u010dokol\u00e1dy. Tak vypad\u00e1 salon \u010dokol\u00e1dy v Pa\u0159\u00ed\u017ei, nejv\u011bt\u0161\u00ed \u010dokol\u00e1dov\u00e1 akce na sv\u011bt\u011b.\" width=\"800\" height=\"530\" srcset=\"https:\/\/1001voyagesgourmands.com\/wp-content\/uploads\/2016\/11\/Salon_du_chocolat-35.jpg 800w, https:\/\/1001voyagesgourmands.com\/wp-content\/uploads\/2016\/11\/Salon_du_chocolat-35-263x175.jpg 263w, https:\/\/1001voyagesgourmands.com\/wp-content\/uploads\/2016\/11\/Salon_du_chocolat-35-300x199.jpg 300w, https:\/\/1001voyagesgourmands.com\/wp-content\/uploads\/2016\/11\/Salon_du_chocolat-35-768x509.jpg 768w, https:\/\/1001voyagesgourmands.com\/wp-content\/uploads\/2016\/11\/Salon_du_chocolat-35-780x516.jpg 780w, https:\/\/1001voyagesgourmands.com\/wp-content\/uploads\/2016\/11\/Salon_du_chocolat-35-585x388.jpg 585w\" sizes=\"auto, (max-width: 800px) 100vw, 800px\" \/><\/p>\n<p>&nbsp;<\/p>\n<p style=\"text-align: justify;\">Za sebe jako\u017eto milovn\u00edka dobr\u00e9 \u010dokol\u00e1dy mohu \u0159\u00edct, \u017ee den na salonu \u010dokol\u00e1dy v Pa\u0159\u00ed\u017ei&nbsp;byl \u00fa\u017easn\u00fd z\u00e1\u017eitek pln\u00fd nov\u00fdch objev\u016f. Ale to, \u017ee jsem pak \u010dokol\u00e1du nemusela vid\u011bt cel\u00fd t\u00fdden, v\u00e1m vysv\u011btlovat asi nemus\u00edm. \ud83d\ude00&nbsp;<\/p>\n<p style=\"text-align: justify;\">Pokud by v\u00e1s tak\u00e9 l\u00e1kalo nav\u0161t\u00edvit Salon \u010dokol\u00e1dy v Pa\u0159\u00ed\u017ei p\u0159\u00ed\u0161t\u00ed rok, tak pamatujte, \u017ee se v\u017edy odehr\u00e1v\u00e1 na p\u0159elomu \u0159\u00edjna a listopadu. Pro v\u00edce informac\u00ed o salonu si naje\u010fte na<strong> <a href=\"http:\/\/www.salonduchocolat.fr\/accueil.aspx\" target=\"_blank\">ofici\u00e1ln\u00ed webov\u00e9 internetov\u00e9 str\u00e1nky salonu<\/a><\/strong>.<\/p>\n<p><img loading=\"lazy\" decoding=\"async\" class=\"aligncenter size-full wp-image-13426\" src=\"http:\/\/1001voyagesgourmands.com\/wp-content\/uploads\/2016\/11\/Salon_du_chocolat-24.jpg\" alt=\"\u010cokol\u00e1da, pralinky, tarteletky, makronky, no a t\u0159eba i \u0161aty z \u010dokol\u00e1dy. Tak vypad\u00e1 salon \u010dokol\u00e1dy v Pa\u0159\u00ed\u017ei, nejv\u011bt\u0161\u00ed \u010dokol\u00e1dov\u00e1 akce na sv\u011bt\u011b.\" width=\"800\" height=\"530\" srcset=\"https:\/\/1001voyagesgourmands.com\/wp-content\/uploads\/2016\/11\/Salon_du_chocolat-24.jpg 800w, https:\/\/1001voyagesgourmands.com\/wp-content\/uploads\/2016\/11\/Salon_du_chocolat-24-263x175.jpg 263w, https:\/\/1001voyagesgourmands.com\/wp-content\/uploads\/2016\/11\/Salon_du_chocolat-24-300x199.jpg 300w, https:\/\/1001voyagesgourmands.com\/wp-content\/uploads\/2016\/11\/Salon_du_chocolat-24-768x509.jpg 768w, https:\/\/1001voyagesgourmands.com\/wp-content\/uploads\/2016\/11\/Salon_du_chocolat-24-780x516.jpg 780w, https:\/\/1001voyagesgourmands.com\/wp-content\/uploads\/2016\/11\/Salon_du_chocolat-24-585x388.jpg 585w\" sizes=\"auto, (max-width: 800px) 100vw, 800px\" \/><\/p>\n","protected":false},"excerpt":{"rendered":"<p>Ve dnech 28. \u0159\u00edjna &#8211; 1. listopadu&nbsp;2016 se v Porte de Versailles v Pa\u0159\u00ed\u017ei konal ji\u017e 22. ro\u010dn\u00edk Salonu \u010dokol\u00e1dy.&nbsp;Veletrhu v\u011bnovan\u00e9ho \u010dokol\u00e1d\u011b a v\u0161emu s n\u00ed spojen\u00e9ho se z\u00fa\u010dastnilo na 500 \u010dokol\u00e1dov\u00fdch producent\u016f, pralink\u00e1\u0159\u016f, \u0161\u00e9f\u016f, \u0161pi\u010dkov\u00fdch cukr\u00e1\u0159\u016f, peka\u0159\u016f a design\u00e9r\u016f z n\u011bkolika kout\u016f sv\u011bta, kte\u0159\u00ed zde prezentovali sv\u00e1 d\u00edla a&hellip;<\/p>\n","protected":false},"author":1,"featured_media":13380,"comment_status":"open","ping_status":"open","sticky":false,"template":"","format":"standard","meta":{"_exactmetrics_skip_tracking":false,"_exactmetrics_sitenote_active":false,"_exactmetrics_sitenote_note":"","_exactmetrics_sitenote_category":0,"_lmt_disableupdate":"","_lmt_disable":"","footnotes":""},"categories":[4,7],"tags":[480,257,368],"class_list":["post-13378","post","type-post","status-publish","format-standard","has-post-thumbnail","hentry","category-cestovani","category-francie","tag-cestovani-za-jidlem","tag-vikendove-vylety","tag-vylety-z-bruselu"],"yoast_head":"<!-- This site is optimized with the Yoast SEO plugin v26.1.1 - https:\/\/yoast.com\/wordpress\/plugins\/seo\/ -->\n<title>Salon \u010dokol\u00e1dy v Pa\u0159\u00ed\u017ei - 1001 Voyages Gourmands<\/title>\n<meta name=\"description\" content=\"\u010cokol\u00e1da, pralinky, tarteletky, makronky, no a t\u0159eba i \u0161aty z \u010dokol\u00e1dy. Tak vypad\u00e1 salon \u010dokol\u00e1dy v Pa\u0159\u00ed\u017ei, nejv\u011bt\u0161\u00ed \u010dokol\u00e1dov\u00e1 akce na sv\u011bt\u011b.\" \/>\n<meta name=\"robots\" content=\"index, follow, max-snippet:-1, max-image-preview:large, max-video-preview:-1\" \/>\n<link rel=\"canonical\" href=\"https:\/\/1001voyagesgourmands.com\/cs\/salon-cokolady-parizi\/\" \/>\n<meta property=\"og:locale\" content=\"cs_CZ\" \/>\n<meta property=\"og:type\" content=\"article\" \/>\n<meta property=\"og:title\" content=\"Salon \u010dokol\u00e1dy v Pa\u0159\u00ed\u017ei - 1001 Voyages Gourmands\" \/>\n<meta property=\"og:description\" content=\"\u010cokol\u00e1da, pralinky, tarteletky, makronky, no a t\u0159eba i \u0161aty z \u010dokol\u00e1dy. Tak vypad\u00e1 salon \u010dokol\u00e1dy v Pa\u0159\u00ed\u017ei, nejv\u011bt\u0161\u00ed \u010dokol\u00e1dov\u00e1 akce na sv\u011bt\u011b.\" \/>\n<meta property=\"og:url\" content=\"https:\/\/1001voyagesgourmands.com\/cs\/salon-cokolady-parizi\/\" \/>\n<meta property=\"og:site_name\" content=\"1001 Voyages Gourmands\" \/>\n<meta property=\"article:publisher\" content=\"https:\/\/www.facebook.com\/1001voyagesgourmands\" \/>\n<meta property=\"article:published_time\" content=\"2016-11-07T10:00:07+00:00\" \/>\n<meta property=\"article:modified_time\" content=\"2016-11-07T12:42:30+00:00\" \/>\n<meta property=\"og:image\" content=\"https:\/\/1001voyagesgourmands.com\/wp-content\/uploads\/2016\/11\/Salon_du_chocolat-1.jpg\" \/>\n\t<meta property=\"og:image:width\" content=\"800\" \/>\n\t<meta property=\"og:image:height\" content=\"530\" \/>\n\t<meta property=\"og:image:type\" content=\"image\/jpeg\" \/>\n<meta name=\"author\" content=\"Michaela\" \/>\n<meta name=\"twitter:card\" content=\"summary_large_image\" \/>\n<meta name=\"twitter:creator\" content=\"@michaela_1001vg\" \/>\n<meta name=\"twitter:site\" content=\"@michaela_1001vg\" \/>\n<meta name=\"twitter:label1\" content=\"Napsal(a)\" \/>\n\t<meta name=\"twitter:data1\" content=\"Michaela\" \/>\n\t<meta name=\"twitter:label2\" content=\"Odhadovan\u00e1 doba \u010dten\u00ed\" \/>\n\t<meta name=\"twitter:data2\" content=\"6 minut\" \/>\n<script type=\"application\/ld+json\" class=\"yoast-schema-graph\">{\"@context\":\"https:\/\/schema.org\",\"@graph\":[{\"@type\":\"WebPage\",\"@id\":\"https:\/\/1001voyagesgourmands.com\/cs\/salon-cokolady-parizi\/\",\"url\":\"https:\/\/1001voyagesgourmands.com\/cs\/salon-cokolady-parizi\/\",\"name\":\"Salon \u010dokol\u00e1dy v Pa\u0159\u00ed\u017ei - 1001 Voyages Gourmands\",\"isPartOf\":{\"@id\":\"https:\/\/1001voyagesgourmands.com\/cs\/#website\"},\"primaryImageOfPage\":{\"@id\":\"https:\/\/1001voyagesgourmands.com\/cs\/salon-cokolady-parizi\/#primaryimage\"},\"image\":{\"@id\":\"https:\/\/1001voyagesgourmands.com\/cs\/salon-cokolady-parizi\/#primaryimage\"},\"thumbnailUrl\":\"https:\/\/1001voyagesgourmands.com\/wp-content\/uploads\/2016\/11\/Salon_du_chocolat-1.jpg\",\"datePublished\":\"2016-11-07T10:00:07+00:00\",\"dateModified\":\"2016-11-07T12:42:30+00:00\",\"author\":{\"@id\":\"https:\/\/1001voyagesgourmands.com\/cs\/#\/schema\/person\/62e0e7238fcf7482b23bf83e1b72ff1b\"},\"description\":\"\u010cokol\u00e1da, pralinky, tarteletky, makronky, no a t\u0159eba i \u0161aty z \u010dokol\u00e1dy. Tak vypad\u00e1 salon \u010dokol\u00e1dy v Pa\u0159\u00ed\u017ei, nejv\u011bt\u0161\u00ed \u010dokol\u00e1dov\u00e1 akce na sv\u011bt\u011b.\",\"breadcrumb\":{\"@id\":\"https:\/\/1001voyagesgourmands.com\/cs\/salon-cokolady-parizi\/#breadcrumb\"},\"inLanguage\":\"cs\",\"potentialAction\":[{\"@type\":\"ReadAction\",\"target\":[\"https:\/\/1001voyagesgourmands.com\/cs\/salon-cokolady-parizi\/\"]}]},{\"@type\":\"ImageObject\",\"inLanguage\":\"cs\",\"@id\":\"https:\/\/1001voyagesgourmands.com\/cs\/salon-cokolady-parizi\/#primaryimage\",\"url\":\"https:\/\/1001voyagesgourmands.com\/wp-content\/uploads\/2016\/11\/Salon_du_chocolat-1.jpg\",\"contentUrl\":\"https:\/\/1001voyagesgourmands.com\/wp-content\/uploads\/2016\/11\/Salon_du_chocolat-1.jpg\",\"width\":800,\"height\":530,\"caption\":\"\u010cokol\u00e1da, pralinky, tarteletky, makronky, no a t\u0159eba i \u0161aty z \u010dokol\u00e1dy. Tak vypad\u00e1 salon \u010dokol\u00e1dy v Pa\u0159\u00ed\u017ei, nejv\u011bt\u0161\u00ed \u010dokol\u00e1dov\u00e1 akce na sv\u011bt\u011b.\"},{\"@type\":\"BreadcrumbList\",\"@id\":\"https:\/\/1001voyagesgourmands.com\/cs\/salon-cokolady-parizi\/#breadcrumb\",\"itemListElement\":[{\"@type\":\"ListItem\",\"position\":1,\"name\":\"Dom\u016f\",\"item\":\"https:\/\/1001voyagesgourmands.com\/cs\/\"},{\"@type\":\"ListItem\",\"position\":2,\"name\":\"Salon \u010dokol\u00e1dy v Pa\u0159\u00ed\u017ei\"}]},{\"@type\":\"WebSite\",\"@id\":\"https:\/\/1001voyagesgourmands.com\/cs\/#website\",\"url\":\"https:\/\/1001voyagesgourmands.com\/cs\/\",\"name\":\"1001 Voyages Gourmands\",\"description\":\"Food | Travel | Photography\",\"potentialAction\":[{\"@type\":\"SearchAction\",\"target\":{\"@type\":\"EntryPoint\",\"urlTemplate\":\"https:\/\/1001voyagesgourmands.com\/cs\/?s={search_term_string}\"},\"query-input\":{\"@type\":\"PropertyValueSpecification\",\"valueRequired\":true,\"valueName\":\"search_term_string\"}}],\"inLanguage\":\"cs\"},{\"@type\":\"Person\",\"@id\":\"https:\/\/1001voyagesgourmands.com\/cs\/#\/schema\/person\/62e0e7238fcf7482b23bf83e1b72ff1b\",\"name\":\"Michaela\",\"image\":{\"@type\":\"ImageObject\",\"inLanguage\":\"cs\",\"@id\":\"https:\/\/1001voyagesgourmands.com\/cs\/#\/schema\/person\/image\/\",\"url\":\"https:\/\/secure.gravatar.com\/avatar\/73fa562a5b0ce269ca480f67de504b8ecac054a121d170e226f1b79e02024cb8?s=96&d=mm&r=g\",\"contentUrl\":\"https:\/\/secure.gravatar.com\/avatar\/73fa562a5b0ce269ca480f67de504b8ecac054a121d170e226f1b79e02024cb8?s=96&d=mm&r=g\",\"caption\":\"Michaela\"},\"sameAs\":[\"http:\/\/1001voyagesgourmands.com\"]}]}<\/script>\n<!-- \/ Yoast SEO plugin. -->","yoast_head_json":{"title":"Salon \u010dokol\u00e1dy v Pa\u0159\u00ed\u017ei - 1001 Voyages Gourmands","description":"\u010cokol\u00e1da, pralinky, tarteletky, makronky, no a t\u0159eba i \u0161aty z \u010dokol\u00e1dy. Tak vypad\u00e1 salon \u010dokol\u00e1dy v Pa\u0159\u00ed\u017ei, nejv\u011bt\u0161\u00ed \u010dokol\u00e1dov\u00e1 akce na sv\u011bt\u011b.","robots":{"index":"index","follow":"follow","max-snippet":"max-snippet:-1","max-image-preview":"max-image-preview:large","max-video-preview":"max-video-preview:-1"},"canonical":"https:\/\/1001voyagesgourmands.com\/cs\/salon-cokolady-parizi\/","og_locale":"cs_CZ","og_type":"article","og_title":"Salon \u010dokol\u00e1dy v Pa\u0159\u00ed\u017ei - 1001 Voyages Gourmands","og_description":"\u010cokol\u00e1da, pralinky, tarteletky, makronky, no a t\u0159eba i \u0161aty z \u010dokol\u00e1dy. Tak vypad\u00e1 salon \u010dokol\u00e1dy v Pa\u0159\u00ed\u017ei, nejv\u011bt\u0161\u00ed \u010dokol\u00e1dov\u00e1 akce na sv\u011bt\u011b.","og_url":"https:\/\/1001voyagesgourmands.com\/cs\/salon-cokolady-parizi\/","og_site_name":"1001 Voyages Gourmands","article_publisher":"https:\/\/www.facebook.com\/1001voyagesgourmands","article_published_time":"2016-11-07T10:00:07+00:00","article_modified_time":"2016-11-07T12:42:30+00:00","og_image":[{"width":800,"height":530,"url":"https:\/\/1001voyagesgourmands.com\/wp-content\/uploads\/2016\/11\/Salon_du_chocolat-1.jpg","type":"image\/jpeg"}],"author":"Michaela","twitter_card":"summary_large_image","twitter_creator":"@michaela_1001vg","twitter_site":"@michaela_1001vg","twitter_misc":{"Napsal(a)":"Michaela","Odhadovan\u00e1 doba \u010dten\u00ed":"6 minut"},"schema":{"@context":"https:\/\/schema.org","@graph":[{"@type":"WebPage","@id":"https:\/\/1001voyagesgourmands.com\/cs\/salon-cokolady-parizi\/","url":"https:\/\/1001voyagesgourmands.com\/cs\/salon-cokolady-parizi\/","name":"Salon \u010dokol\u00e1dy v Pa\u0159\u00ed\u017ei - 1001 Voyages Gourmands","isPartOf":{"@id":"https:\/\/1001voyagesgourmands.com\/cs\/#website"},"primaryImageOfPage":{"@id":"https:\/\/1001voyagesgourmands.com\/cs\/salon-cokolady-parizi\/#primaryimage"},"image":{"@id":"https:\/\/1001voyagesgourmands.com\/cs\/salon-cokolady-parizi\/#primaryimage"},"thumbnailUrl":"https:\/\/1001voyagesgourmands.com\/wp-content\/uploads\/2016\/11\/Salon_du_chocolat-1.jpg","datePublished":"2016-11-07T10:00:07+00:00","dateModified":"2016-11-07T12:42:30+00:00","author":{"@id":"https:\/\/1001voyagesgourmands.com\/cs\/#\/schema\/person\/62e0e7238fcf7482b23bf83e1b72ff1b"},"description":"\u010cokol\u00e1da, pralinky, tarteletky, makronky, no a t\u0159eba i \u0161aty z \u010dokol\u00e1dy. Tak vypad\u00e1 salon \u010dokol\u00e1dy v Pa\u0159\u00ed\u017ei, nejv\u011bt\u0161\u00ed \u010dokol\u00e1dov\u00e1 akce na sv\u011bt\u011b.","breadcrumb":{"@id":"https:\/\/1001voyagesgourmands.com\/cs\/salon-cokolady-parizi\/#breadcrumb"},"inLanguage":"cs","potentialAction":[{"@type":"ReadAction","target":["https:\/\/1001voyagesgourmands.com\/cs\/salon-cokolady-parizi\/"]}]},{"@type":"ImageObject","inLanguage":"cs","@id":"https:\/\/1001voyagesgourmands.com\/cs\/salon-cokolady-parizi\/#primaryimage","url":"https:\/\/1001voyagesgourmands.com\/wp-content\/uploads\/2016\/11\/Salon_du_chocolat-1.jpg","contentUrl":"https:\/\/1001voyagesgourmands.com\/wp-content\/uploads\/2016\/11\/Salon_du_chocolat-1.jpg","width":800,"height":530,"caption":"\u010cokol\u00e1da, pralinky, tarteletky, makronky, no a t\u0159eba i \u0161aty z \u010dokol\u00e1dy. Tak vypad\u00e1 salon \u010dokol\u00e1dy v Pa\u0159\u00ed\u017ei, nejv\u011bt\u0161\u00ed \u010dokol\u00e1dov\u00e1 akce na sv\u011bt\u011b."},{"@type":"BreadcrumbList","@id":"https:\/\/1001voyagesgourmands.com\/cs\/salon-cokolady-parizi\/#breadcrumb","itemListElement":[{"@type":"ListItem","position":1,"name":"Dom\u016f","item":"https:\/\/1001voyagesgourmands.com\/cs\/"},{"@type":"ListItem","position":2,"name":"Salon \u010dokol\u00e1dy v Pa\u0159\u00ed\u017ei"}]},{"@type":"WebSite","@id":"https:\/\/1001voyagesgourmands.com\/cs\/#website","url":"https:\/\/1001voyagesgourmands.com\/cs\/","name":"1001 Voyages Gourmands","description":"Food | Travel | Photography","potentialAction":[{"@type":"SearchAction","target":{"@type":"EntryPoint","urlTemplate":"https:\/\/1001voyagesgourmands.com\/cs\/?s={search_term_string}"},"query-input":{"@type":"PropertyValueSpecification","valueRequired":true,"valueName":"search_term_string"}}],"inLanguage":"cs"},{"@type":"Person","@id":"https:\/\/1001voyagesgourmands.com\/cs\/#\/schema\/person\/62e0e7238fcf7482b23bf83e1b72ff1b","name":"Michaela","image":{"@type":"ImageObject","inLanguage":"cs","@id":"https:\/\/1001voyagesgourmands.com\/cs\/#\/schema\/person\/image\/","url":"https:\/\/secure.gravatar.com\/avatar\/73fa562a5b0ce269ca480f67de504b8ecac054a121d170e226f1b79e02024cb8?s=96&d=mm&r=g","contentUrl":"https:\/\/secure.gravatar.com\/avatar\/73fa562a5b0ce269ca480f67de504b8ecac054a121d170e226f1b79e02024cb8?s=96&d=mm&r=g","caption":"Michaela"},"sameAs":["http:\/\/1001voyagesgourmands.com"]}]}},"_links":{"self":[{"href":"https:\/\/1001voyagesgourmands.com\/cs\/wp-json\/wp\/v2\/posts\/13378","targetHints":{"allow":["GET"]}}],"collection":[{"href":"https:\/\/1001voyagesgourmands.com\/cs\/wp-json\/wp\/v2\/posts"}],"about":[{"href":"https:\/\/1001voyagesgourmands.com\/cs\/wp-json\/wp\/v2\/types\/post"}],"author":[{"embeddable":true,"href":"https:\/\/1001voyagesgourmands.com\/cs\/wp-json\/wp\/v2\/users\/1"}],"replies":[{"embeddable":true,"href":"https:\/\/1001voyagesgourmands.com\/cs\/wp-json\/wp\/v2\/comments?post=13378"}],"version-history":[{"count":0,"href":"https:\/\/1001voyagesgourmands.com\/cs\/wp-json\/wp\/v2\/posts\/13378\/revisions"}],"wp:featuredmedia":[{"embeddable":true,"href":"https:\/\/1001voyagesgourmands.com\/cs\/wp-json\/wp\/v2\/media\/13380"}],"wp:attachment":[{"href":"https:\/\/1001voyagesgourmands.com\/cs\/wp-json\/wp\/v2\/media?parent=13378"}],"wp:term":[{"taxonomy":"category","embeddable":true,"href":"https:\/\/1001voyagesgourmands.com\/cs\/wp-json\/wp\/v2\/categories?post=13378"},{"taxonomy":"post_tag","embeddable":true,"href":"https:\/\/1001voyagesgourmands.com\/cs\/wp-json\/wp\/v2\/tags?post=13378"}],"curies":[{"name":"wp","href":"https:\/\/api.w.org\/{rel}","templated":true}]}}