{"id":12169,"date":"2016-10-03T21:45:49","date_gmt":"2016-10-03T19:45:49","guid":{"rendered":"http:\/\/1001voyagesgourmands.com\/?p=12169"},"modified":"2019-02-26T17:31:26","modified_gmt":"2019-02-26T16:31:26","slug":"penedes-navsteva-cava-codorniu","status":"publish","type":"post","link":"https:\/\/1001voyagesgourmands.com\/cs\/penedes-navsteva-cava-codorniu\/","title":{"rendered":"Za v\u00ednem na Pened\u00e8s: N\u00e1v\u0161t\u011bva Cava Codorn\u00edu"},"content":{"rendered":"<p style=\"text-align: justify;\">Na za\u010d\u00e1tku z\u00e1\u0159\u00ed jsme&nbsp;m\u011bli op\u011bt cestu do Barcelony,&nbsp;a tak jsme&nbsp;to spojili s p\u00e1r dny odpo\u010dinku uprost\u0159ed kr\u00e1sn\u00e9ho katal\u00e1nsk\u00e9ho hornat\u00e9ho regionu&nbsp;Pened\u00e8s, kde se produkuje \u0161pan\u011blsk\u00e9 \u0161umiv\u00e9 v\u00edno zn\u00e1m\u00e9 jako cava. V tomhle \u010dl\u00e1nku v\u00e1m tro\u0161ku p\u0159ibl\u00ed\u017e\u00edm, jak vypadala n\u00e1v\u0161t\u011bva Cava Codorn\u00edu a pod\u00edv\u00e1me se tak\u00e9 kr\u00e1tce do Villafranca del Pened\u00e8s, hlavn\u00edho m\u011bsta tohoto vina\u0159sk\u00e9ho regionu. N\u00e1\u0161 v\u00fdlet pak je\u0161t\u011b pokra\u010doval na Montserrat, k mo\u0159i do Sitges a pot\u00e9 zp\u011bt do Barcelony. Ale o tom a\u017e p\u0159\u00ed\u0161t\u011b.<\/p>\n<p style=\"text-align: justify;\"><img loading=\"lazy\" decoding=\"async\" class=\"aligncenter wp-image-12262 size-full\" src=\"http:\/\/1001voyagesgourmands.com\/wp-content\/uploads\/2016\/10\/Penedes-42.jpg\" alt=\"V tomhle \u010dl\u00e1nku v\u00e1m tro\u0161ku p\u0159ibl\u00ed\u017e\u00edm, jak vypadala n\u00e1v\u0161t\u011bva Cava Codorn\u00edu a pod\u00edv\u00e1me se tak\u00e9 kr\u00e1tce do Villafranca del Pened\u00e8s.\" width=\"800\" height=\"530\" srcset=\"https:\/\/1001voyagesgourmands.com\/wp-content\/uploads\/2016\/10\/Penedes-42.jpg 800w, https:\/\/1001voyagesgourmands.com\/wp-content\/uploads\/2016\/10\/Penedes-42-300x199.jpg 300w, https:\/\/1001voyagesgourmands.com\/wp-content\/uploads\/2016\/10\/Penedes-42-768x509.jpg 768w, https:\/\/1001voyagesgourmands.com\/wp-content\/uploads\/2016\/10\/Penedes-42-780x516.jpg 780w, https:\/\/1001voyagesgourmands.com\/wp-content\/uploads\/2016\/10\/Penedes-42-585x388.jpg 585w\" sizes=\"auto, (max-width: 800px) 100vw, 800px\" \/><\/p>\n<p style=\"text-align: justify;\">&nbsp;<\/p>\n<p style=\"text-align: justify;\">Na leti\u0161ti v Barcelon\u011b jsme&nbsp;si pronajali auto a hur\u00e1 po jedn\u00e9 z nejkr\u00e1sn\u011bj\u0161\u00edch Evropsk\u00fdch silnic\u00ed t\u00e1hnouc\u00ed pod\u00e9l mo\u0159e do <strong>Villafranca del Pened\u00e8s<\/strong>&nbsp;&#8211; hlavn\u00ed m\u011bsto regionu. Stihli jsme tu je\u0161t\u011b posledn\u00ed den<strong> La Festa Major<\/strong> &#8211; vina\u0159sk\u00e1 slavnost na konci srpna. Zat\u00edmco ulice zely pr\u00e1zdnotou, na n\u00e1m\u011bst\u00ed to \u017eilo: hr\u00e1la hudba, lid\u00e9 tancovali, rozd\u00e1val se tam vermouth a chipsy a v\u0161ichni vesel\u00ed. Samoz\u0159ejm\u011b to byla i p\u0159\u00edle\u017eitost pro propagaci Katal\u00e1nsk\u00e9 separace.<\/p>\n<p style=\"text-align: justify;\"><img loading=\"lazy\" decoding=\"async\" class=\"aligncenter wp-image-12192\" src=\"http:\/\/1001voyagesgourmands.com\/wp-content\/uploads\/2016\/10\/Penedes_diptych-1-1.jpg\" alt=\"V tomhle \u010dl\u00e1nku v\u00e1m tro\u0161ku p\u0159ibl\u00ed\u017e\u00edm, jak vypadala n\u00e1v\u0161t\u011bva Cava Codorn\u00edu a pod\u00edv\u00e1me se tak\u00e9 kr\u00e1tce do Villafranca del Pened\u00e8s.\" width=\"807\" height=\"570\" srcset=\"https:\/\/1001voyagesgourmands.com\/wp-content\/uploads\/2016\/10\/Penedes_diptych-1-1.jpg 750w, https:\/\/1001voyagesgourmands.com\/wp-content\/uploads\/2016\/10\/Penedes_diptych-1-1-300x212.jpg 300w, https:\/\/1001voyagesgourmands.com\/wp-content\/uploads\/2016\/10\/Penedes_diptych-1-1-585x413.jpg 585w\" sizes=\"auto, (max-width: 807px) 100vw, 807px\" \/><\/p>\n<p style=\"text-align: justify;\"><img loading=\"lazy\" decoding=\"async\" class=\"aligncenter wp-image-12234 size-full\" src=\"http:\/\/1001voyagesgourmands.com\/wp-content\/uploads\/2016\/10\/Penedes-6.jpg\" alt=\"V tomhle \u010dl\u00e1nku v\u00e1m tro\u0161ku p\u0159ibl\u00ed\u017e\u00edm, jak vypadala n\u00e1v\u0161t\u011bva Cava Codorn\u00edu a pod\u00edv\u00e1me se tak\u00e9 kr\u00e1tce do Villafranca del Pened\u00e8s.\" width=\"800\" height=\"530\" srcset=\"https:\/\/1001voyagesgourmands.com\/wp-content\/uploads\/2016\/10\/Penedes-6.jpg 800w, https:\/\/1001voyagesgourmands.com\/wp-content\/uploads\/2016\/10\/Penedes-6-300x199.jpg 300w, https:\/\/1001voyagesgourmands.com\/wp-content\/uploads\/2016\/10\/Penedes-6-768x509.jpg 768w, https:\/\/1001voyagesgourmands.com\/wp-content\/uploads\/2016\/10\/Penedes-6-780x516.jpg 780w, https:\/\/1001voyagesgourmands.com\/wp-content\/uploads\/2016\/10\/Penedes-6-585x388.jpg 585w\" sizes=\"auto, (max-width: 800px) 100vw, 800px\" \/><\/p>\n<p><img loading=\"lazy\" decoding=\"async\" class=\"aligncenter wp-image-12194\" src=\"http:\/\/1001voyagesgourmands.com\/wp-content\/uploads\/2016\/10\/Penedes_diptych-1-2.jpg\" alt=\"V tomhle \u010dl\u00e1nku v\u00e1m tro\u0161ku p\u0159ibl\u00ed\u017e\u00edm, jak vypadala n\u00e1v\u0161t\u011bva Cava Codorn\u00edu a pod\u00edv\u00e1me se tak\u00e9 kr\u00e1tce do Villafranca del Pened\u00e8s.\" width=\"843\" height=\"596\" srcset=\"https:\/\/1001voyagesgourmands.com\/wp-content\/uploads\/2016\/10\/Penedes_diptych-1-2.jpg 750w, https:\/\/1001voyagesgourmands.com\/wp-content\/uploads\/2016\/10\/Penedes_diptych-1-2-300x212.jpg 300w, https:\/\/1001voyagesgourmands.com\/wp-content\/uploads\/2016\/10\/Penedes_diptych-1-2-585x413.jpg 585w\" sizes=\"auto, (max-width: 843px) 100vw, 843px\" \/><\/p>\n<p><img loading=\"lazy\" decoding=\"async\" class=\"aligncenter wp-image-12232 size-full\" src=\"http:\/\/1001voyagesgourmands.com\/wp-content\/uploads\/2016\/10\/Penedes-3.jpg\" alt=\"V tomhle \u010dl\u00e1nku v\u00e1m tro\u0161ku p\u0159ibl\u00ed\u017e\u00edm, jak vypadala n\u00e1v\u0161t\u011bva Cava Codorn\u00edu a pod\u00edv\u00e1me se tak\u00e9 kr\u00e1tce do Villafranca del Pened\u00e8s.\" width=\"800\" height=\"530\" srcset=\"https:\/\/1001voyagesgourmands.com\/wp-content\/uploads\/2016\/10\/Penedes-3.jpg 800w, https:\/\/1001voyagesgourmands.com\/wp-content\/uploads\/2016\/10\/Penedes-3-300x199.jpg 300w, https:\/\/1001voyagesgourmands.com\/wp-content\/uploads\/2016\/10\/Penedes-3-768x509.jpg 768w, https:\/\/1001voyagesgourmands.com\/wp-content\/uploads\/2016\/10\/Penedes-3-780x516.jpg 780w, https:\/\/1001voyagesgourmands.com\/wp-content\/uploads\/2016\/10\/Penedes-3-585x388.jpg 585w\" sizes=\"auto, (max-width: 800px) 100vw, 800px\" \/><\/p>\n<p><img loading=\"lazy\" decoding=\"async\" class=\"aligncenter wp-image-12230 size-full\" src=\"http:\/\/1001voyagesgourmands.com\/wp-content\/uploads\/2016\/10\/Penedes-2.jpg\" alt=\"V tomhle \u010dl\u00e1nku v\u00e1m tro\u0161ku p\u0159ibl\u00ed\u017e\u00edm, jak vypadala n\u00e1v\u0161t\u011bva Cava Codorn\u00edu a pod\u00edv\u00e1me se tak\u00e9 kr\u00e1tce do Villafranca del Pened\u00e8s.\" width=\"800\" height=\"530\" srcset=\"https:\/\/1001voyagesgourmands.com\/wp-content\/uploads\/2016\/10\/Penedes-2.jpg 800w, https:\/\/1001voyagesgourmands.com\/wp-content\/uploads\/2016\/10\/Penedes-2-300x199.jpg 300w, https:\/\/1001voyagesgourmands.com\/wp-content\/uploads\/2016\/10\/Penedes-2-768x509.jpg 768w, https:\/\/1001voyagesgourmands.com\/wp-content\/uploads\/2016\/10\/Penedes-2-780x516.jpg 780w, https:\/\/1001voyagesgourmands.com\/wp-content\/uploads\/2016\/10\/Penedes-2-585x388.jpg 585w\" sizes=\"auto, (max-width: 800px) 100vw, 800px\" \/><\/p>\n<p style=\"text-align: justify;\">Na j\u00eddlo jsme ve Villafranca za\u0161li do <strong>Lizarran<\/strong> \u2013 pintxos bar, kter\u00fd najdete nedaleko hlavn\u00edho n\u00e1m\u011bst\u00ed. J\u00eddlo si vyberete na baru, kde jsou jednak slan\u00e1 pintxos, tak i sladk\u00e1. Dali jsme si p\u00e1r slan\u00fdch k ob\u011bdu a byly vynikaj\u00edc\u00ed (za m\u011b mohu doporu\u010dit tu\u0148\u00e1kov\u00e9 a s koz\u00edm s\u00fdrem a karamelizovanou cibul\u00ed). K tomu sklenku cavy a ve st\u00ednu strom\u016f jsme si tu na ter\u00e1sce dob\u0159e odpo\u010dinuli.<\/p>\n<p style=\"text-align: justify;\"><img loading=\"lazy\" decoding=\"async\" class=\"aligncenter wp-image-12236 size-full\" src=\"http:\/\/1001voyagesgourmands.com\/wp-content\/uploads\/2016\/10\/Penedes-8.jpg\" alt=\"V tomhle \u010dl\u00e1nku v\u00e1m tro\u0161ku p\u0159ibl\u00ed\u017e\u00edm, jak vypadala n\u00e1v\u0161t\u011bva Cava Codorn\u00edu a pod\u00edv\u00e1me se tak\u00e9 kr\u00e1tce do Villafranca del Pened\u00e8s.\" width=\"800\" height=\"530\" srcset=\"https:\/\/1001voyagesgourmands.com\/wp-content\/uploads\/2016\/10\/Penedes-8.jpg 800w, https:\/\/1001voyagesgourmands.com\/wp-content\/uploads\/2016\/10\/Penedes-8-300x199.jpg 300w, https:\/\/1001voyagesgourmands.com\/wp-content\/uploads\/2016\/10\/Penedes-8-768x509.jpg 768w, https:\/\/1001voyagesgourmands.com\/wp-content\/uploads\/2016\/10\/Penedes-8-780x516.jpg 780w, https:\/\/1001voyagesgourmands.com\/wp-content\/uploads\/2016\/10\/Penedes-8-585x388.jpg 585w\" sizes=\"auto, (max-width: 800px) 100vw, 800px\" \/><\/p>\n<p style=\"text-align: justify;\"><img loading=\"lazy\" decoding=\"async\" class=\"aligncenter wp-image-12238 size-full\" src=\"http:\/\/1001voyagesgourmands.com\/wp-content\/uploads\/2016\/10\/Penedes-9.jpg\" alt=\"V tomhle \u010dl\u00e1nku v\u00e1m tro\u0161ku p\u0159ibl\u00ed\u017e\u00edm, jak vypadala n\u00e1v\u0161t\u011bva Cava Codorn\u00edu a pod\u00edv\u00e1me se tak\u00e9 kr\u00e1tce do Villafranca del Pened\u00e8s.\" width=\"800\" height=\"530\" srcset=\"https:\/\/1001voyagesgourmands.com\/wp-content\/uploads\/2016\/10\/Penedes-9.jpg 800w, https:\/\/1001voyagesgourmands.com\/wp-content\/uploads\/2016\/10\/Penedes-9-300x199.jpg 300w, https:\/\/1001voyagesgourmands.com\/wp-content\/uploads\/2016\/10\/Penedes-9-768x509.jpg 768w, https:\/\/1001voyagesgourmands.com\/wp-content\/uploads\/2016\/10\/Penedes-9-780x516.jpg 780w, https:\/\/1001voyagesgourmands.com\/wp-content\/uploads\/2016\/10\/Penedes-9-585x388.jpg 585w\" sizes=\"auto, (max-width: 800px) 100vw, 800px\" \/><\/p>\n<p>&nbsp;<\/p>\n<h2>N\u00e1v\u0161t\u011bva Cava Codorn\u00edu<\/h2>\n<p style=\"text-align: justify;\">Z Villafranca jsme se vydali rovnou do&nbsp;<strong>Sant Sadurn\u00ed d\u2019Anoia<\/strong>. Tohle m\u011bsto produkuje&nbsp;70% \u0161pan\u011blsk\u00fdch \u0161umiv\u00fdch v\u00edn a najdete tu cca 80 z celkem&nbsp;300 vina\u0159stv\u00ed regionu Pened\u00e8s, mezi nimi i nejv\u011bt\u0161\u00ed producenty cavy jako Freixenet a Codorn\u00edu. A pr\u00e1v\u011b to druh\u00e9 jsme se&nbsp;rozhodli&nbsp;nav\u0161t\u00edvit, jeliko\u017e jejich&nbsp;cavu&nbsp;v Belgii b\u011b\u017en\u011b pijeme&nbsp;a je to na\u0161e obl\u00edben\u00e1.<\/p>\n<p style=\"text-align: justify;\">N\u00e1v\u0161t\u011bva&nbsp;<strong>Cava Codorn\u00edu&nbsp;<\/strong>v\u0161ak nen\u00ed jen o \u0161umiv\u00e9m v\u00edn\u011b, ale je&nbsp;zaj\u00edmav\u00e1 i pro milovn\u00edky architektury a zejm\u00e9na katal\u00e1nsk\u00e9ho modernismu. Prostory toti\u017e navrhoval zn\u00e1m\u00fd katal\u00e1nsk\u00fd architekt<strong>&nbsp;Josep Puig i Cadafalch<\/strong> a komplex je od roku 1976 na seznamu n\u00e1rodn\u00edch pam\u00e1tek.&nbsp;Cava Codorn\u00edu existuje n\u011bkolik stalet\u00ed a jako prvn\u00ed zavedla v roce 1872 ve \u0160pan\u011blsku <strong>tradi\u010dn\u00ed francouzskou metodou v\u00fdroby \u0161ampa\u0148sk\u00e9ho<\/strong>, tzn. princip druhotn\u00e9ho kva\u0161en\u00ed v l\u00e1hvi.<\/p>\n<p style=\"text-align: justify;\"><img loading=\"lazy\" decoding=\"async\" class=\"aligncenter wp-image-12260 size-full\" src=\"http:\/\/1001voyagesgourmands.com\/wp-content\/uploads\/2016\/10\/Penedes-41.jpg\" alt=\"V tomhle \u010dl\u00e1nku v\u00e1m tro\u0161ku p\u0159ibl\u00ed\u017e\u00edm, jak vypadala n\u00e1v\u0161t\u011bva Cava Codorn\u00edu a pod\u00edv\u00e1me se tak\u00e9 kr\u00e1tce do Villafranca del Pened\u00e8s.\" width=\"800\" height=\"530\" srcset=\"https:\/\/1001voyagesgourmands.com\/wp-content\/uploads\/2016\/10\/Penedes-41.jpg 800w, https:\/\/1001voyagesgourmands.com\/wp-content\/uploads\/2016\/10\/Penedes-41-300x199.jpg 300w, https:\/\/1001voyagesgourmands.com\/wp-content\/uploads\/2016\/10\/Penedes-41-768x509.jpg 768w, https:\/\/1001voyagesgourmands.com\/wp-content\/uploads\/2016\/10\/Penedes-41-780x516.jpg 780w, https:\/\/1001voyagesgourmands.com\/wp-content\/uploads\/2016\/10\/Penedes-41-585x388.jpg 585w\" sizes=\"auto, (max-width: 800px) 100vw, 800px\" \/><\/p>\n<p style=\"text-align: justify;\"><img loading=\"lazy\" decoding=\"async\" class=\"aligncenter wp-image-12240 size-full\" src=\"http:\/\/1001voyagesgourmands.com\/wp-content\/uploads\/2016\/10\/Penedes-10.jpg\" alt=\"V tomhle \u010dl\u00e1nku v\u00e1m tro\u0161ku p\u0159ibl\u00ed\u017e\u00edm, jak vypadala n\u00e1v\u0161t\u011bva Cava Codorn\u00edu a pod\u00edv\u00e1me se tak\u00e9 kr\u00e1tce do Villafranca del Pened\u00e8s.\" width=\"800\" height=\"530\" srcset=\"https:\/\/1001voyagesgourmands.com\/wp-content\/uploads\/2016\/10\/Penedes-10.jpg 800w, https:\/\/1001voyagesgourmands.com\/wp-content\/uploads\/2016\/10\/Penedes-10-300x199.jpg 300w, https:\/\/1001voyagesgourmands.com\/wp-content\/uploads\/2016\/10\/Penedes-10-768x509.jpg 768w, https:\/\/1001voyagesgourmands.com\/wp-content\/uploads\/2016\/10\/Penedes-10-780x516.jpg 780w, https:\/\/1001voyagesgourmands.com\/wp-content\/uploads\/2016\/10\/Penedes-10-585x388.jpg 585w\" sizes=\"auto, (max-width: 800px) 100vw, 800px\" \/><\/p>\n<p style=\"text-align: justify;\">Jen takov\u00e1 pozn\u00e1mka pro ty, kdo byste se tam r\u00e1di pod\u00edvali &#8211; n\u00e1v\u0161t\u011bvu je nutn\u00e9 si domluvit dop\u0159edu a je mo\u017en\u00e9 si vybrat i z jin\u00fdch jazyk\u016f jako t\u0159eba angli\u010dtina \u010di francouz\u0161tina. P\u0159ijeli jsme o n\u011bco v\u010das abychom tam m\u011bli malou rezervu, a t\u00edm p\u00e1dem jsme m\u011bli mo\u017enost na baru hned za\u010d\u00edt ko\u0161tovat. Do oka a pak i do chuti n\u00e1m padla Mari Christina, prvn\u00ed b\u00edl\u00e1 cava Codorn\u00edu vyprodukovan\u00e1 z \u010derven\u00fdch hrozn\u016f Pinot Noir.<\/p>\n<p style=\"text-align: justify;\"><img loading=\"lazy\" decoding=\"async\" class=\"aligncenter wp-image-12196\" src=\"http:\/\/1001voyagesgourmands.com\/wp-content\/uploads\/2016\/10\/Penedes_diptych-3.jpg\" alt=\"V tomhle \u010dl\u00e1nku v\u00e1m tro\u0161ku p\u0159ibl\u00ed\u017e\u00edm, jak vypadala n\u00e1v\u0161t\u011bva Cava Codorn\u00edu a pod\u00edv\u00e1me se tak\u00e9 kr\u00e1tce do Villafranca del Pened\u00e8s.\" width=\"961\" height=\"679\" srcset=\"https:\/\/1001voyagesgourmands.com\/wp-content\/uploads\/2016\/10\/Penedes_diptych-3.jpg 750w, https:\/\/1001voyagesgourmands.com\/wp-content\/uploads\/2016\/10\/Penedes_diptych-3-300x212.jpg 300w, https:\/\/1001voyagesgourmands.com\/wp-content\/uploads\/2016\/10\/Penedes_diptych-3-585x413.jpg 585w\" sizes=\"auto, (max-width: 961px) 100vw, 961px\" \/><\/p>\n<p style=\"text-align: justify;\">Ve 3 n\u00e1m za\u010dala prohl\u00eddka nejprve prom\u00edt\u00e1n\u00edm <strong>3D dokumentu<\/strong> o Cava Codorn\u00edu a pot\u00e9 jsme pokra\u010dovali venkovn\u00ed prohl\u00eddkou are\u00e1lu &#8211; jednotliv\u00fdch budov a kr\u00e1sn\u00e9 zahrady &#8211; nyn\u00ed nov\u011b <strong>ma\u0161inkou<\/strong>. \ud83d\ude42&nbsp;<\/p>\n<p style=\"text-align: justify;\"><img loading=\"lazy\" decoding=\"async\" class=\"aligncenter wp-image-12242 size-full\" src=\"http:\/\/1001voyagesgourmands.com\/wp-content\/uploads\/2016\/10\/Penedes-17.jpg\" alt=\"V tomhle \u010dl\u00e1nku v\u00e1m tro\u0161ku p\u0159ibl\u00ed\u017e\u00edm, jak vypadala n\u00e1v\u0161t\u011bva Cava Codorn\u00edu a pod\u00edv\u00e1me se tak\u00e9 kr\u00e1tce do Villafranca del Pened\u00e8s.\" width=\"800\" height=\"530\" srcset=\"https:\/\/1001voyagesgourmands.com\/wp-content\/uploads\/2016\/10\/Penedes-17.jpg 800w, https:\/\/1001voyagesgourmands.com\/wp-content\/uploads\/2016\/10\/Penedes-17-300x199.jpg 300w, https:\/\/1001voyagesgourmands.com\/wp-content\/uploads\/2016\/10\/Penedes-17-768x509.jpg 768w, https:\/\/1001voyagesgourmands.com\/wp-content\/uploads\/2016\/10\/Penedes-17-780x516.jpg 780w, https:\/\/1001voyagesgourmands.com\/wp-content\/uploads\/2016\/10\/Penedes-17-585x388.jpg 585w\" sizes=\"auto, (max-width: 800px) 100vw, 800px\" \/><\/p>\n<p style=\"text-align: justify;\"><img loading=\"lazy\" decoding=\"async\" class=\"aligncenter wp-image-12198\" src=\"http:\/\/1001voyagesgourmands.com\/wp-content\/uploads\/2016\/10\/Penedes_diptych-4.jpg\" alt=\"V tomhle \u010dl\u00e1nku v\u00e1m tro\u0161ku p\u0159ibl\u00ed\u017e\u00edm, jak vypadala n\u00e1v\u0161t\u011bva Cava Codorn\u00edu a pod\u00edv\u00e1me se tak\u00e9 kr\u00e1tce do Villafranca del Pened\u00e8s.\" width=\"848\" height=\"599\" srcset=\"https:\/\/1001voyagesgourmands.com\/wp-content\/uploads\/2016\/10\/Penedes_diptych-4.jpg 750w, https:\/\/1001voyagesgourmands.com\/wp-content\/uploads\/2016\/10\/Penedes_diptych-4-300x212.jpg 300w, https:\/\/1001voyagesgourmands.com\/wp-content\/uploads\/2016\/10\/Penedes_diptych-4-585x413.jpg 585w\" sizes=\"auto, (max-width: 848px) 100vw, 848px\" \/><\/p>\n<p style=\"text-align: justify;\"><img loading=\"lazy\" decoding=\"async\" class=\"aligncenter wp-image-12258 size-full\" src=\"http:\/\/1001voyagesgourmands.com\/wp-content\/uploads\/2016\/10\/Penedes-38.jpg\" alt=\"V tomhle \u010dl\u00e1nku v\u00e1m tro\u0161ku p\u0159ibl\u00ed\u017e\u00edm, jak vypadala n\u00e1v\u0161t\u011bva Cava Codorn\u00edu a pod\u00edv\u00e1me se tak\u00e9 kr\u00e1tce do Villafranca del Pened\u00e8s.\" width=\"800\" height=\"530\" srcset=\"https:\/\/1001voyagesgourmands.com\/wp-content\/uploads\/2016\/10\/Penedes-38.jpg 800w, https:\/\/1001voyagesgourmands.com\/wp-content\/uploads\/2016\/10\/Penedes-38-300x199.jpg 300w, https:\/\/1001voyagesgourmands.com\/wp-content\/uploads\/2016\/10\/Penedes-38-768x509.jpg 768w, https:\/\/1001voyagesgourmands.com\/wp-content\/uploads\/2016\/10\/Penedes-38-780x516.jpg 780w, https:\/\/1001voyagesgourmands.com\/wp-content\/uploads\/2016\/10\/Penedes-38-585x388.jpg 585w\" sizes=\"auto, (max-width: 800px) 100vw, 800px\" \/><\/p>\n<p style=\"text-align: justify;\">N\u00e1v\u0161t\u011bvn\u00edci pot\u00e9 s pr\u016fvodcem nav\u0161t\u00edv\u00ed&nbsp;<strong>Celler Gran Museum<\/strong> a sklepy. V muzeu jsou k vid\u011bn\u00ed d\u0159\u00edv\u011bj\u0161\u00ed lisy, sudy, nebo t\u0159eba tak\u00e9 <strong>aroma st\u016fl<\/strong>. Ten m\u011b zaujal ze v\u0161eho nejv\u00edc &#8211; ka\u017ed\u00e1 odr\u016fda, kter\u00e1 se zde pou\u017e\u00edv\u00e1 na v\u00fdrobu cavy tu m\u00e1 jak\u00fdsi kom\u00ednek, ke kter\u00e9mu si m\u016f\u017eete p\u0159i\u010dichnout &#8211; v\u016fn\u011b je hodn\u011b intenzivn\u00ed. Jedna odr\u016fda von\u00ed po jasm\u00ednu, druh\u00e1 po bonb\u00f3nech, je to pecka. Jinak hlavn\u00ed odr\u016fdy, ze kter\u00fdch tu vznik\u00e1 cava jsou <em>macabeu, parellada <\/em>a<em> xarel-lo.<\/em><\/p>\n<p style=\"text-align: justify;\"><img loading=\"lazy\" decoding=\"async\" class=\"aligncenter wp-image-12244 size-full\" src=\"http:\/\/1001voyagesgourmands.com\/wp-content\/uploads\/2016\/10\/Penedes-19.jpg\" alt=\"V tomhle \u010dl\u00e1nku v\u00e1m tro\u0161ku p\u0159ibl\u00ed\u017e\u00edm, jak vypadala n\u00e1v\u0161t\u011bva Cava Codorn\u00edu a pod\u00edv\u00e1me se tak\u00e9 kr\u00e1tce do Villafranca del Pened\u00e8s.\" width=\"800\" height=\"530\" srcset=\"https:\/\/1001voyagesgourmands.com\/wp-content\/uploads\/2016\/10\/Penedes-19.jpg 800w, https:\/\/1001voyagesgourmands.com\/wp-content\/uploads\/2016\/10\/Penedes-19-300x199.jpg 300w, https:\/\/1001voyagesgourmands.com\/wp-content\/uploads\/2016\/10\/Penedes-19-768x509.jpg 768w, https:\/\/1001voyagesgourmands.com\/wp-content\/uploads\/2016\/10\/Penedes-19-780x516.jpg 780w, https:\/\/1001voyagesgourmands.com\/wp-content\/uploads\/2016\/10\/Penedes-19-585x388.jpg 585w\" sizes=\"auto, (max-width: 800px) 100vw, 800px\" \/><\/p>\n<p style=\"text-align: justify;\"><img loading=\"lazy\" decoding=\"async\" class=\"aligncenter wp-image-12246 size-full\" src=\"http:\/\/1001voyagesgourmands.com\/wp-content\/uploads\/2016\/10\/Penedes-22.jpg\" alt=\"V tomhle \u010dl\u00e1nku v\u00e1m tro\u0161ku p\u0159ibl\u00ed\u017e\u00edm, jak vypadala n\u00e1v\u0161t\u011bva Cava Codorn\u00edu a pod\u00edv\u00e1me se tak\u00e9 kr\u00e1tce do Villafranca del Pened\u00e8s.\" width=\"800\" height=\"530\" srcset=\"https:\/\/1001voyagesgourmands.com\/wp-content\/uploads\/2016\/10\/Penedes-22.jpg 800w, https:\/\/1001voyagesgourmands.com\/wp-content\/uploads\/2016\/10\/Penedes-22-300x199.jpg 300w, https:\/\/1001voyagesgourmands.com\/wp-content\/uploads\/2016\/10\/Penedes-22-768x509.jpg 768w, https:\/\/1001voyagesgourmands.com\/wp-content\/uploads\/2016\/10\/Penedes-22-780x516.jpg 780w, https:\/\/1001voyagesgourmands.com\/wp-content\/uploads\/2016\/10\/Penedes-22-585x388.jpg 585w\" sizes=\"auto, (max-width: 800px) 100vw, 800px\" \/><\/p>\n<p style=\"text-align: justify;\"><img loading=\"lazy\" decoding=\"async\" class=\"aligncenter wp-image-12248 size-full\" src=\"http:\/\/1001voyagesgourmands.com\/wp-content\/uploads\/2016\/10\/Penedes-23.jpg\" alt=\"V tomhle \u010dl\u00e1nku v\u00e1m tro\u0161ku p\u0159ibl\u00ed\u017e\u00edm, jak vypadala n\u00e1v\u0161t\u011bva Cava Codorn\u00edu a pod\u00edv\u00e1me se tak\u00e9 kr\u00e1tce do Villafranca del Pened\u00e8s.\" width=\"800\" height=\"530\" srcset=\"https:\/\/1001voyagesgourmands.com\/wp-content\/uploads\/2016\/10\/Penedes-23.jpg 800w, https:\/\/1001voyagesgourmands.com\/wp-content\/uploads\/2016\/10\/Penedes-23-300x199.jpg 300w, https:\/\/1001voyagesgourmands.com\/wp-content\/uploads\/2016\/10\/Penedes-23-768x509.jpg 768w, https:\/\/1001voyagesgourmands.com\/wp-content\/uploads\/2016\/10\/Penedes-23-780x516.jpg 780w, https:\/\/1001voyagesgourmands.com\/wp-content\/uploads\/2016\/10\/Penedes-23-585x388.jpg 585w\" sizes=\"auto, (max-width: 800px) 100vw, 800px\" \/><\/p>\n<p style=\"text-align: justify;\"><img loading=\"lazy\" decoding=\"async\" class=\"aligncenter wp-image-12200\" src=\"http:\/\/1001voyagesgourmands.com\/wp-content\/uploads\/2016\/10\/Penedes_diptych-5.jpg\" alt=\"V tomhle \u010dl\u00e1nku v\u00e1m tro\u0161ku p\u0159ibl\u00ed\u017e\u00edm, jak vypadala n\u00e1v\u0161t\u011bva Cava Codorn\u00edu a pod\u00edv\u00e1me se tak\u00e9 kr\u00e1tce do Villafranca del Pened\u00e8s.\" width=\"884\" height=\"625\" srcset=\"https:\/\/1001voyagesgourmands.com\/wp-content\/uploads\/2016\/10\/Penedes_diptych-5.jpg 750w, https:\/\/1001voyagesgourmands.com\/wp-content\/uploads\/2016\/10\/Penedes_diptych-5-300x212.jpg 300w, https:\/\/1001voyagesgourmands.com\/wp-content\/uploads\/2016\/10\/Penedes_diptych-5-585x413.jpg 585w\" sizes=\"auto, (max-width: 884px) 100vw, 884px\" \/><\/p>\n<p style=\"text-align: justify;\">Sklepy jsou tu rozs\u00e1hl\u00e9, jedn\u00e1 se o kilometry uli\u010dek a tak je zde op\u011bt k dispozici ma\u0161inka, kterou v\u00e1s pr\u016fvodce proveze. Sklepn\u00ed uli\u010dky jsou pln\u00e9 lahv\u00ed v pozici, v jak\u00e9 d\u0159\u00edve prob\u00edhala manu\u00e1ln\u00ed <em>remuage<\/em> (set\u0159\u00e1s\u00e1n\u00ed sedliny na z\u00e1tku), av\u0161ak jde pouze o vizu\u00e1ln\u00ed demonstraci toho, jak to vypadalo d\u0159\u00edve a lahve tu jsou dnes pln\u011bn\u00e9 pouze vodou, aby n\u00e1hodou nevybouchly a neohrozily n\u00e1v\u0161t\u011bvn\u00edky. Opravdov\u00e9 \u0161umiv\u00e9 v\u00edno tu dnes zraje v nov\u00e9 \u010d\u00e1sti v nerezov\u00fdch ocelov\u00fdch tanc\u00edch, ze kter\u00fdch se pak v\u00edno pod tlakem st\u00e1\u010d\u00ed do lahv\u00ed.&nbsp;<\/p>\n<p style=\"text-align: justify;\"><img loading=\"lazy\" decoding=\"async\" class=\"aligncenter wp-image-12250 size-full\" src=\"http:\/\/1001voyagesgourmands.com\/wp-content\/uploads\/2016\/10\/Penedes-27.jpg\" alt=\"V tomhle \u010dl\u00e1nku v\u00e1m tro\u0161ku p\u0159ibl\u00ed\u017e\u00edm, jak vypadala n\u00e1v\u0161t\u011bva Cava Codorn\u00edu a pod\u00edv\u00e1me se tak\u00e9 kr\u00e1tce do Villafranca del Pened\u00e8s.\" width=\"800\" height=\"530\" srcset=\"https:\/\/1001voyagesgourmands.com\/wp-content\/uploads\/2016\/10\/Penedes-27.jpg 800w, https:\/\/1001voyagesgourmands.com\/wp-content\/uploads\/2016\/10\/Penedes-27-300x199.jpg 300w, https:\/\/1001voyagesgourmands.com\/wp-content\/uploads\/2016\/10\/Penedes-27-768x509.jpg 768w, https:\/\/1001voyagesgourmands.com\/wp-content\/uploads\/2016\/10\/Penedes-27-780x516.jpg 780w, https:\/\/1001voyagesgourmands.com\/wp-content\/uploads\/2016\/10\/Penedes-27-585x388.jpg 585w\" sizes=\"auto, (max-width: 800px) 100vw, 800px\" \/><\/p>\n<p style=\"text-align: justify;\"><img loading=\"lazy\" decoding=\"async\" class=\"aligncenter wp-image-12252 size-full\" src=\"http:\/\/1001voyagesgourmands.com\/wp-content\/uploads\/2016\/10\/Penedes-29.jpg\" alt=\"V tomhle \u010dl\u00e1nku v\u00e1m tro\u0161ku p\u0159ibl\u00ed\u017e\u00edm, jak vypadala n\u00e1v\u0161t\u011bva Cava Codorn\u00edu a pod\u00edv\u00e1me se tak\u00e9 kr\u00e1tce do Villafranca del Pened\u00e8s.\" width=\"800\" height=\"530\" srcset=\"https:\/\/1001voyagesgourmands.com\/wp-content\/uploads\/2016\/10\/Penedes-29.jpg 800w, https:\/\/1001voyagesgourmands.com\/wp-content\/uploads\/2016\/10\/Penedes-29-300x199.jpg 300w, https:\/\/1001voyagesgourmands.com\/wp-content\/uploads\/2016\/10\/Penedes-29-768x509.jpg 768w, https:\/\/1001voyagesgourmands.com\/wp-content\/uploads\/2016\/10\/Penedes-29-780x516.jpg 780w, https:\/\/1001voyagesgourmands.com\/wp-content\/uploads\/2016\/10\/Penedes-29-585x388.jpg 585w\" sizes=\"auto, (max-width: 800px) 100vw, 800px\" \/><\/p>\n<p style=\"text-align: justify;\">Na konci n\u00e1v\u0161t\u011bvy samoz\u0159ejm\u011b \u010dek\u00e1 n\u00e1v\u0161t\u011bvn\u00edky <strong>degustace<\/strong>. Dali n\u00e1m tu ochutnat <strong>Non Plus Ultra<\/strong> a jedno ros\u00e9 (nev\u00edm u\u017e p\u0159esn\u011b jak\u00e9). V\u00fdtahem se pak dostanete do obchodu, kde si m\u016f\u017eete koupit n\u011bjak\u00e9 lahve dom\u016f, nebo se vr\u00e1tit do degusta\u010dn\u00edho baru u vchodu, kde jsme si tak\u00e9 je\u0161t\u011b hodinku posed\u011bli s krajany z na\u0161\u00ed skupinky.<\/p>\n<p style=\"text-align: justify;\"><img loading=\"lazy\" decoding=\"async\" class=\"aligncenter wp-image-12254 size-full\" src=\"http:\/\/1001voyagesgourmands.com\/wp-content\/uploads\/2016\/10\/Penedes-31.jpg\" alt=\"V tomhle \u010dl\u00e1nku v\u00e1m tro\u0161ku p\u0159ibl\u00ed\u017e\u00edm, jak vypadala n\u00e1v\u0161t\u011bva Cava Codorn\u00edu a pod\u00edv\u00e1me se tak\u00e9 kr\u00e1tce do Villafranca del Pened\u00e8s.\" width=\"800\" height=\"530\" srcset=\"https:\/\/1001voyagesgourmands.com\/wp-content\/uploads\/2016\/10\/Penedes-31.jpg 800w, https:\/\/1001voyagesgourmands.com\/wp-content\/uploads\/2016\/10\/Penedes-31-300x199.jpg 300w, https:\/\/1001voyagesgourmands.com\/wp-content\/uploads\/2016\/10\/Penedes-31-768x509.jpg 768w, https:\/\/1001voyagesgourmands.com\/wp-content\/uploads\/2016\/10\/Penedes-31-780x516.jpg 780w, https:\/\/1001voyagesgourmands.com\/wp-content\/uploads\/2016\/10\/Penedes-31-585x388.jpg 585w\" sizes=\"auto, (max-width: 800px) 100vw, 800px\" \/><\/p>\n<p style=\"text-align: justify;\"><img loading=\"lazy\" decoding=\"async\" class=\"aligncenter wp-image-12256 size-full\" src=\"http:\/\/1001voyagesgourmands.com\/wp-content\/uploads\/2016\/10\/Penedes-36.jpg\" alt=\"V tomhle \u010dl\u00e1nku v\u00e1m tro\u0161ku p\u0159ibl\u00ed\u017e\u00edm, jak vypadala n\u00e1v\u0161t\u011bva Cava Codorn\u00edu a pod\u00edv\u00e1me se tak\u00e9 kr\u00e1tce do Villafranca del Pened\u00e8s.\" width=\"800\" height=\"530\" srcset=\"https:\/\/1001voyagesgourmands.com\/wp-content\/uploads\/2016\/10\/Penedes-36.jpg 800w, https:\/\/1001voyagesgourmands.com\/wp-content\/uploads\/2016\/10\/Penedes-36-300x199.jpg 300w, https:\/\/1001voyagesgourmands.com\/wp-content\/uploads\/2016\/10\/Penedes-36-768x509.jpg 768w, https:\/\/1001voyagesgourmands.com\/wp-content\/uploads\/2016\/10\/Penedes-36-780x516.jpg 780w, https:\/\/1001voyagesgourmands.com\/wp-content\/uploads\/2016\/10\/Penedes-36-585x388.jpg 585w\" sizes=\"auto, (max-width: 800px) 100vw, 800px\" \/><\/p>\n<p><img loading=\"lazy\" decoding=\"async\" class=\"aligncenter wp-image-24175\" src=\"http:\/\/1001voyagesgourmands.com\/wp-content\/uploads\/2016\/10\/Penedes_diptych-6.jpg\" alt=\"V tomhle \u010dl\u00e1nku v\u00e1m tro\u0161ku p\u0159ibl\u00ed\u017e\u00edm, jak vypadala n\u00e1v\u0161t\u011bva Cava Codorn\u00edu a pod\u00edv\u00e1me se tak\u00e9 kr\u00e1tce do Villafranca del Pened\u00e8s.\" width=\"790\" height=\"558\" srcset=\"https:\/\/1001voyagesgourmands.com\/wp-content\/uploads\/2016\/10\/Penedes_diptych-6.jpg 750w, https:\/\/1001voyagesgourmands.com\/wp-content\/uploads\/2016\/10\/Penedes_diptych-6-300x212.jpg 300w, https:\/\/1001voyagesgourmands.com\/wp-content\/uploads\/2016\/10\/Penedes_diptych-6-585x413.jpg 585w\" sizes=\"auto, (max-width: 790px) 100vw, 790px\" \/><\/p>\n<p style=\"text-align: justify;\">&nbsp;<\/p>\n<p style=\"text-align: justify;\"><img loading=\"lazy\" decoding=\"async\" class=\"aligncenter wp-image-12297 size-full\" src=\"http:\/\/1001voyagesgourmands.com\/wp-content\/uploads\/2016\/10\/Penedes-92.jpg\" alt=\"V tomhle \u010dl\u00e1nku v\u00e1m tro\u0161ku p\u0159ibl\u00ed\u017e\u00edm, jak vypadala n\u00e1v\u0161t\u011bva Cava Codorn\u00edu a pod\u00edv\u00e1me se tak\u00e9 kr\u00e1tce do Villafranca del Pened\u00e8s.\" width=\"800\" height=\"530\" srcset=\"https:\/\/1001voyagesgourmands.com\/wp-content\/uploads\/2016\/10\/Penedes-92.jpg 800w, https:\/\/1001voyagesgourmands.com\/wp-content\/uploads\/2016\/10\/Penedes-92-300x199.jpg 300w, https:\/\/1001voyagesgourmands.com\/wp-content\/uploads\/2016\/10\/Penedes-92-768x509.jpg 768w, https:\/\/1001voyagesgourmands.com\/wp-content\/uploads\/2016\/10\/Penedes-92-780x516.jpg 780w, https:\/\/1001voyagesgourmands.com\/wp-content\/uploads\/2016\/10\/Penedes-92-585x388.jpg 585w\" sizes=\"auto, (max-width: 800px) 100vw, 800px\" \/><\/p>\n<p style=\"text-align: justify;\">&nbsp;<\/p>\n<p style=\"text-align: justify;\"><strong><span style=\"text-decoration: underline;\">Cava Codorn\u00edu<\/span><br \/>\nAdresa:<\/strong> Avenida Jaume de Codorn\u00edu, s\/n, 08770 Sant Sadurn\u00ed d&#8217;Anoia, \u0160pan\u011blsko<br \/>\n<strong>Web:<\/strong>&nbsp;<strong><a href=\"http:\/\/www.visitascodorniu.com\/\" target=\"_blank\" rel=\"noopener\">www.visitascodorniu.com<\/a><\/strong><\/p>\n<p style=\"text-align: justify;\">Pokud se chyst\u00e1te nav\u0161t\u00edvit Cava Codorn\u00edu, pak si nezapome\u0148te domluvit prohl\u00eddku dop\u0159edu.<strong><a href=\"http:\/\/www.visitascodorniu.com\/\" target=\"_blank\" rel=\"noopener\"><br \/>\n<\/a><\/strong><\/p>\n<hr>\n<p style=\"text-align: justify;\">Tak to bylo kr\u00e1tce k prvn\u00ed \u010d\u00e1sti na\u0161eho v\u00fdletu do regionu Pened\u00e8s &#8211; pokra\u010dov\u00e1n\u00ed p\u0159\u00edst\u011b. \ud83d\ude42 A m\u011b by te\u010f zaj\u00edmalo, jak\u00e9 vina\u0159sk\u00e9 oblasti jste ve \u0160pan\u011blsku nav\u0161t\u00edvili vy? Dejte mi v\u011bd\u011bt prost\u0159ednictv\u00edm koment\u00e1\u0159\u016f pod textem.<\/p>\n<p style=\"text-align: justify;\">A pokud se v\u00e1m \u010dl\u00e1nek l\u00edbil, po\u0161lete ho do sv\u011bta prost\u0159ednictv\u00edm soci\u00e1ln\u00edch s\u00edt\u00ed!<\/p>\n<p style=\"text-align: justify;\"><img loading=\"lazy\" decoding=\"async\" class=\"aligncenter wp-image-12320\" src=\"http:\/\/1001voyagesgourmands.com\/wp-content\/uploads\/2016\/10\/Penedes_Navsteva_Cava_Codorniu_pin-683x1024.jpg\" alt=\"V tomhle \u010dl\u00e1nku v\u00e1m tro\u0161ku p\u0159ibl\u00ed\u017e\u00edm, jak vypadala n\u00e1v\u0161t\u011bva Cava Codorn\u00edu a pod\u00edv\u00e1me se tak\u00e9 kr\u00e1tce do Villafranca del Pened\u00e8s.\" width=\"500\" height=\"749\" srcset=\"https:\/\/1001voyagesgourmands.com\/wp-content\/uploads\/2016\/10\/Penedes_Navsteva_Cava_Codorniu_pin-683x1024.jpg 683w, https:\/\/1001voyagesgourmands.com\/wp-content\/uploads\/2016\/10\/Penedes_Navsteva_Cava_Codorniu_pin-200x300.jpg 200w, https:\/\/1001voyagesgourmands.com\/wp-content\/uploads\/2016\/10\/Penedes_Navsteva_Cava_Codorniu_pin-585x877.jpg 585w, https:\/\/1001voyagesgourmands.com\/wp-content\/uploads\/2016\/10\/Penedes_Navsteva_Cava_Codorniu_pin.jpg 735w\" sizes=\"auto, (max-width: 500px) 100vw, 500px\" \/><\/p>\n","protected":false},"excerpt":{"rendered":"<p>Na za\u010d\u00e1tku z\u00e1\u0159\u00ed jsme&nbsp;m\u011bli op\u011bt cestu do Barcelony,&nbsp;a tak jsme&nbsp;to spojili s p\u00e1r dny odpo\u010dinku uprost\u0159ed kr\u00e1sn\u00e9ho katal\u00e1nsk\u00e9ho hornat\u00e9ho regionu&nbsp;Pened\u00e8s, kde se produkuje \u0161pan\u011blsk\u00e9 \u0161umiv\u00e9 v\u00edno zn\u00e1m\u00e9 jako cava. V tomhle \u010dl\u00e1nku v\u00e1m tro\u0161ku p\u0159ibl\u00ed\u017e\u00edm, jak vypadala n\u00e1v\u0161t\u011bva Cava Codorn\u00edu a pod\u00edv\u00e1me se tak\u00e9 kr\u00e1tce do Villafranca del Pened\u00e8s, hlavn\u00edho&hellip;<\/p>\n","protected":false},"author":1,"featured_media":12262,"comment_status":"open","ping_status":"open","sticky":false,"template":"","format":"standard","meta":{"_exactmetrics_skip_tracking":false,"_exactmetrics_sitenote_active":false,"_exactmetrics_sitenote_note":"","_exactmetrics_sitenote_category":0,"_lmt_disableupdate":"","_lmt_disable":"","footnotes":""},"categories":[4,18],"tags":[470,203,257,255],"class_list":["post-12169","post","type-post","status-publish","format-standard","has-post-thumbnail","hentry","category-cestovani","category-spanelsko","tag-foodie-na-cestach","tag-spanelsko","tag-vikendove-vylety","tag-vino"],"yoast_head":"<!-- This site is optimized with the Yoast SEO plugin v26.1.1 - https:\/\/yoast.com\/wordpress\/plugins\/seo\/ -->\n<title>Za v\u00ednem na Pened\u00e8s: N\u00e1v\u0161t\u011bva Cava Codorn\u00edu - 1001 Voyages Gourmands<\/title>\n<meta name=\"description\" content=\"V tomhle \u010dl\u00e1nku v\u00e1m tro\u0161ku p\u0159ibl\u00ed\u017e\u00edm, jak vypadala n\u00e1v\u0161t\u011bva Cava Codorn\u00edu a pod\u00edv\u00e1me se tak\u00e9 kr\u00e1tce do Villafranca del Pened\u00e8s.\" \/>\n<meta name=\"robots\" content=\"index, follow, max-snippet:-1, max-image-preview:large, max-video-preview:-1\" \/>\n<link rel=\"canonical\" href=\"https:\/\/1001voyagesgourmands.com\/cs\/penedes-navsteva-cava-codorniu\/\" \/>\n<meta property=\"og:locale\" content=\"cs_CZ\" \/>\n<meta property=\"og:type\" content=\"article\" \/>\n<meta property=\"og:title\" content=\"Za v\u00ednem na Pened\u00e8s: N\u00e1v\u0161t\u011bva Cava Codorn\u00edu - 1001 Voyages Gourmands\" \/>\n<meta property=\"og:description\" content=\"V tomhle \u010dl\u00e1nku v\u00e1m tro\u0161ku p\u0159ibl\u00ed\u017e\u00edm, jak vypadala n\u00e1v\u0161t\u011bva Cava Codorn\u00edu a pod\u00edv\u00e1me se tak\u00e9 kr\u00e1tce do Villafranca del Pened\u00e8s.\" \/>\n<meta property=\"og:url\" content=\"https:\/\/1001voyagesgourmands.com\/cs\/penedes-navsteva-cava-codorniu\/\" \/>\n<meta property=\"og:site_name\" content=\"1001 Voyages Gourmands\" \/>\n<meta property=\"article:publisher\" content=\"https:\/\/www.facebook.com\/1001voyagesgourmands\" \/>\n<meta property=\"article:published_time\" content=\"2016-10-03T19:45:49+00:00\" \/>\n<meta property=\"article:modified_time\" content=\"2019-02-26T16:31:26+00:00\" \/>\n<meta property=\"og:image\" content=\"https:\/\/1001voyagesgourmands.com\/wp-content\/uploads\/2016\/10\/Penedes-42.jpg\" \/>\n\t<meta property=\"og:image:width\" content=\"800\" \/>\n\t<meta property=\"og:image:height\" content=\"530\" \/>\n\t<meta property=\"og:image:type\" content=\"image\/jpeg\" \/>\n<meta name=\"author\" content=\"Michaela\" \/>\n<meta name=\"twitter:card\" content=\"summary_large_image\" \/>\n<meta name=\"twitter:creator\" content=\"@michaela_1001vg\" \/>\n<meta name=\"twitter:site\" content=\"@michaela_1001vg\" \/>\n<meta name=\"twitter:label1\" content=\"Napsal(a)\" \/>\n\t<meta name=\"twitter:data1\" content=\"Michaela\" \/>\n\t<meta name=\"twitter:label2\" content=\"Odhadovan\u00e1 doba \u010dten\u00ed\" \/>\n\t<meta name=\"twitter:data2\" content=\"5 minut\" \/>\n<script type=\"application\/ld+json\" class=\"yoast-schema-graph\">{\"@context\":\"https:\/\/schema.org\",\"@graph\":[{\"@type\":\"WebPage\",\"@id\":\"https:\/\/1001voyagesgourmands.com\/cs\/penedes-navsteva-cava-codorniu\/\",\"url\":\"https:\/\/1001voyagesgourmands.com\/cs\/penedes-navsteva-cava-codorniu\/\",\"name\":\"Za v\u00ednem na Pened\u00e8s: N\u00e1v\u0161t\u011bva Cava Codorn\u00edu - 1001 Voyages Gourmands\",\"isPartOf\":{\"@id\":\"https:\/\/1001voyagesgourmands.com\/cs\/#website\"},\"primaryImageOfPage\":{\"@id\":\"https:\/\/1001voyagesgourmands.com\/cs\/penedes-navsteva-cava-codorniu\/#primaryimage\"},\"image\":{\"@id\":\"https:\/\/1001voyagesgourmands.com\/cs\/penedes-navsteva-cava-codorniu\/#primaryimage\"},\"thumbnailUrl\":\"https:\/\/1001voyagesgourmands.com\/wp-content\/uploads\/2016\/10\/Penedes-42.jpg\",\"datePublished\":\"2016-10-03T19:45:49+00:00\",\"dateModified\":\"2019-02-26T16:31:26+00:00\",\"author\":{\"@id\":\"https:\/\/1001voyagesgourmands.com\/cs\/#\/schema\/person\/62e0e7238fcf7482b23bf83e1b72ff1b\"},\"description\":\"V tomhle \u010dl\u00e1nku v\u00e1m tro\u0161ku p\u0159ibl\u00ed\u017e\u00edm, jak vypadala n\u00e1v\u0161t\u011bva Cava Codorn\u00edu a pod\u00edv\u00e1me se tak\u00e9 kr\u00e1tce do Villafranca del Pened\u00e8s.\",\"breadcrumb\":{\"@id\":\"https:\/\/1001voyagesgourmands.com\/cs\/penedes-navsteva-cava-codorniu\/#breadcrumb\"},\"inLanguage\":\"cs\",\"potentialAction\":[{\"@type\":\"ReadAction\",\"target\":[\"https:\/\/1001voyagesgourmands.com\/cs\/penedes-navsteva-cava-codorniu\/\"]}]},{\"@type\":\"ImageObject\",\"inLanguage\":\"cs\",\"@id\":\"https:\/\/1001voyagesgourmands.com\/cs\/penedes-navsteva-cava-codorniu\/#primaryimage\",\"url\":\"https:\/\/1001voyagesgourmands.com\/wp-content\/uploads\/2016\/10\/Penedes-42.jpg\",\"contentUrl\":\"https:\/\/1001voyagesgourmands.com\/wp-content\/uploads\/2016\/10\/Penedes-42.jpg\",\"width\":800,\"height\":530,\"caption\":\"V tomhle \u010dl\u00e1nku v\u00e1m tro\u0161ku p\u0159ibl\u00ed\u017e\u00edm, jak vypadala n\u00e1v\u0161t\u011bva Cava Codorn\u00edu a pod\u00edv\u00e1me se tak\u00e9 kr\u00e1tce do Villafranca del Pened\u00e8s.\"},{\"@type\":\"BreadcrumbList\",\"@id\":\"https:\/\/1001voyagesgourmands.com\/cs\/penedes-navsteva-cava-codorniu\/#breadcrumb\",\"itemListElement\":[{\"@type\":\"ListItem\",\"position\":1,\"name\":\"Dom\u016f\",\"item\":\"https:\/\/1001voyagesgourmands.com\/cs\/\"},{\"@type\":\"ListItem\",\"position\":2,\"name\":\"Za v\u00ednem na Pened\u00e8s: N\u00e1v\u0161t\u011bva Cava Codorn\u00edu\"}]},{\"@type\":\"WebSite\",\"@id\":\"https:\/\/1001voyagesgourmands.com\/cs\/#website\",\"url\":\"https:\/\/1001voyagesgourmands.com\/cs\/\",\"name\":\"1001 Voyages Gourmands\",\"description\":\"Food | Travel | Photography\",\"potentialAction\":[{\"@type\":\"SearchAction\",\"target\":{\"@type\":\"EntryPoint\",\"urlTemplate\":\"https:\/\/1001voyagesgourmands.com\/cs\/?s={search_term_string}\"},\"query-input\":{\"@type\":\"PropertyValueSpecification\",\"valueRequired\":true,\"valueName\":\"search_term_string\"}}],\"inLanguage\":\"cs\"},{\"@type\":\"Person\",\"@id\":\"https:\/\/1001voyagesgourmands.com\/cs\/#\/schema\/person\/62e0e7238fcf7482b23bf83e1b72ff1b\",\"name\":\"Michaela\",\"image\":{\"@type\":\"ImageObject\",\"inLanguage\":\"cs\",\"@id\":\"https:\/\/1001voyagesgourmands.com\/cs\/#\/schema\/person\/image\/\",\"url\":\"https:\/\/secure.gravatar.com\/avatar\/73fa562a5b0ce269ca480f67de504b8ecac054a121d170e226f1b79e02024cb8?s=96&d=mm&r=g\",\"contentUrl\":\"https:\/\/secure.gravatar.com\/avatar\/73fa562a5b0ce269ca480f67de504b8ecac054a121d170e226f1b79e02024cb8?s=96&d=mm&r=g\",\"caption\":\"Michaela\"},\"sameAs\":[\"http:\/\/1001voyagesgourmands.com\"]}]}<\/script>\n<!-- \/ Yoast SEO plugin. -->","yoast_head_json":{"title":"Za v\u00ednem na Pened\u00e8s: N\u00e1v\u0161t\u011bva Cava Codorn\u00edu - 1001 Voyages Gourmands","description":"V tomhle \u010dl\u00e1nku v\u00e1m tro\u0161ku p\u0159ibl\u00ed\u017e\u00edm, jak vypadala n\u00e1v\u0161t\u011bva Cava Codorn\u00edu a pod\u00edv\u00e1me se tak\u00e9 kr\u00e1tce do Villafranca del Pened\u00e8s.","robots":{"index":"index","follow":"follow","max-snippet":"max-snippet:-1","max-image-preview":"max-image-preview:large","max-video-preview":"max-video-preview:-1"},"canonical":"https:\/\/1001voyagesgourmands.com\/cs\/penedes-navsteva-cava-codorniu\/","og_locale":"cs_CZ","og_type":"article","og_title":"Za v\u00ednem na Pened\u00e8s: N\u00e1v\u0161t\u011bva Cava Codorn\u00edu - 1001 Voyages Gourmands","og_description":"V tomhle \u010dl\u00e1nku v\u00e1m tro\u0161ku p\u0159ibl\u00ed\u017e\u00edm, jak vypadala n\u00e1v\u0161t\u011bva Cava Codorn\u00edu a pod\u00edv\u00e1me se tak\u00e9 kr\u00e1tce do Villafranca del Pened\u00e8s.","og_url":"https:\/\/1001voyagesgourmands.com\/cs\/penedes-navsteva-cava-codorniu\/","og_site_name":"1001 Voyages Gourmands","article_publisher":"https:\/\/www.facebook.com\/1001voyagesgourmands","article_published_time":"2016-10-03T19:45:49+00:00","article_modified_time":"2019-02-26T16:31:26+00:00","og_image":[{"width":800,"height":530,"url":"https:\/\/1001voyagesgourmands.com\/wp-content\/uploads\/2016\/10\/Penedes-42.jpg","type":"image\/jpeg"}],"author":"Michaela","twitter_card":"summary_large_image","twitter_creator":"@michaela_1001vg","twitter_site":"@michaela_1001vg","twitter_misc":{"Napsal(a)":"Michaela","Odhadovan\u00e1 doba \u010dten\u00ed":"5 minut"},"schema":{"@context":"https:\/\/schema.org","@graph":[{"@type":"WebPage","@id":"https:\/\/1001voyagesgourmands.com\/cs\/penedes-navsteva-cava-codorniu\/","url":"https:\/\/1001voyagesgourmands.com\/cs\/penedes-navsteva-cava-codorniu\/","name":"Za v\u00ednem na Pened\u00e8s: N\u00e1v\u0161t\u011bva Cava Codorn\u00edu - 1001 Voyages Gourmands","isPartOf":{"@id":"https:\/\/1001voyagesgourmands.com\/cs\/#website"},"primaryImageOfPage":{"@id":"https:\/\/1001voyagesgourmands.com\/cs\/penedes-navsteva-cava-codorniu\/#primaryimage"},"image":{"@id":"https:\/\/1001voyagesgourmands.com\/cs\/penedes-navsteva-cava-codorniu\/#primaryimage"},"thumbnailUrl":"https:\/\/1001voyagesgourmands.com\/wp-content\/uploads\/2016\/10\/Penedes-42.jpg","datePublished":"2016-10-03T19:45:49+00:00","dateModified":"2019-02-26T16:31:26+00:00","author":{"@id":"https:\/\/1001voyagesgourmands.com\/cs\/#\/schema\/person\/62e0e7238fcf7482b23bf83e1b72ff1b"},"description":"V tomhle \u010dl\u00e1nku v\u00e1m tro\u0161ku p\u0159ibl\u00ed\u017e\u00edm, jak vypadala n\u00e1v\u0161t\u011bva Cava Codorn\u00edu a pod\u00edv\u00e1me se tak\u00e9 kr\u00e1tce do Villafranca del Pened\u00e8s.","breadcrumb":{"@id":"https:\/\/1001voyagesgourmands.com\/cs\/penedes-navsteva-cava-codorniu\/#breadcrumb"},"inLanguage":"cs","potentialAction":[{"@type":"ReadAction","target":["https:\/\/1001voyagesgourmands.com\/cs\/penedes-navsteva-cava-codorniu\/"]}]},{"@type":"ImageObject","inLanguage":"cs","@id":"https:\/\/1001voyagesgourmands.com\/cs\/penedes-navsteva-cava-codorniu\/#primaryimage","url":"https:\/\/1001voyagesgourmands.com\/wp-content\/uploads\/2016\/10\/Penedes-42.jpg","contentUrl":"https:\/\/1001voyagesgourmands.com\/wp-content\/uploads\/2016\/10\/Penedes-42.jpg","width":800,"height":530,"caption":"V tomhle \u010dl\u00e1nku v\u00e1m tro\u0161ku p\u0159ibl\u00ed\u017e\u00edm, jak vypadala n\u00e1v\u0161t\u011bva Cava Codorn\u00edu a pod\u00edv\u00e1me se tak\u00e9 kr\u00e1tce do Villafranca del Pened\u00e8s."},{"@type":"BreadcrumbList","@id":"https:\/\/1001voyagesgourmands.com\/cs\/penedes-navsteva-cava-codorniu\/#breadcrumb","itemListElement":[{"@type":"ListItem","position":1,"name":"Dom\u016f","item":"https:\/\/1001voyagesgourmands.com\/cs\/"},{"@type":"ListItem","position":2,"name":"Za v\u00ednem na Pened\u00e8s: N\u00e1v\u0161t\u011bva Cava Codorn\u00edu"}]},{"@type":"WebSite","@id":"https:\/\/1001voyagesgourmands.com\/cs\/#website","url":"https:\/\/1001voyagesgourmands.com\/cs\/","name":"1001 Voyages Gourmands","description":"Food | Travel | Photography","potentialAction":[{"@type":"SearchAction","target":{"@type":"EntryPoint","urlTemplate":"https:\/\/1001voyagesgourmands.com\/cs\/?s={search_term_string}"},"query-input":{"@type":"PropertyValueSpecification","valueRequired":true,"valueName":"search_term_string"}}],"inLanguage":"cs"},{"@type":"Person","@id":"https:\/\/1001voyagesgourmands.com\/cs\/#\/schema\/person\/62e0e7238fcf7482b23bf83e1b72ff1b","name":"Michaela","image":{"@type":"ImageObject","inLanguage":"cs","@id":"https:\/\/1001voyagesgourmands.com\/cs\/#\/schema\/person\/image\/","url":"https:\/\/secure.gravatar.com\/avatar\/73fa562a5b0ce269ca480f67de504b8ecac054a121d170e226f1b79e02024cb8?s=96&d=mm&r=g","contentUrl":"https:\/\/secure.gravatar.com\/avatar\/73fa562a5b0ce269ca480f67de504b8ecac054a121d170e226f1b79e02024cb8?s=96&d=mm&r=g","caption":"Michaela"},"sameAs":["http:\/\/1001voyagesgourmands.com"]}]}},"_links":{"self":[{"href":"https:\/\/1001voyagesgourmands.com\/cs\/wp-json\/wp\/v2\/posts\/12169","targetHints":{"allow":["GET"]}}],"collection":[{"href":"https:\/\/1001voyagesgourmands.com\/cs\/wp-json\/wp\/v2\/posts"}],"about":[{"href":"https:\/\/1001voyagesgourmands.com\/cs\/wp-json\/wp\/v2\/types\/post"}],"author":[{"embeddable":true,"href":"https:\/\/1001voyagesgourmands.com\/cs\/wp-json\/wp\/v2\/users\/1"}],"replies":[{"embeddable":true,"href":"https:\/\/1001voyagesgourmands.com\/cs\/wp-json\/wp\/v2\/comments?post=12169"}],"version-history":[{"count":2,"href":"https:\/\/1001voyagesgourmands.com\/cs\/wp-json\/wp\/v2\/posts\/12169\/revisions"}],"predecessor-version":[{"id":24180,"href":"https:\/\/1001voyagesgourmands.com\/cs\/wp-json\/wp\/v2\/posts\/12169\/revisions\/24180"}],"wp:featuredmedia":[{"embeddable":true,"href":"https:\/\/1001voyagesgourmands.com\/cs\/wp-json\/wp\/v2\/media\/12262"}],"wp:attachment":[{"href":"https:\/\/1001voyagesgourmands.com\/cs\/wp-json\/wp\/v2\/media?parent=12169"}],"wp:term":[{"taxonomy":"category","embeddable":true,"href":"https:\/\/1001voyagesgourmands.com\/cs\/wp-json\/wp\/v2\/categories?post=12169"},{"taxonomy":"post_tag","embeddable":true,"href":"https:\/\/1001voyagesgourmands.com\/cs\/wp-json\/wp\/v2\/tags?post=12169"}],"curies":[{"name":"wp","href":"https:\/\/api.w.org\/{rel}","templated":true}]}}