{"id":11057,"date":"2016-09-19T08:00:31","date_gmt":"2016-09-19T06:00:31","guid":{"rendered":"http:\/\/1001voyagesgourmands.com\/?p=11057"},"modified":"2019-02-27T18:37:09","modified_gmt":"2019-02-27T17:37:09","slug":"vylet-za-vinem-na-jizni-moravu","status":"publish","type":"post","link":"https:\/\/1001voyagesgourmands.com\/cs\/vylet-za-vinem-na-jizni-moravu\/","title":{"rendered":"V\u00fdlet za v\u00ednem na Ji\u017en\u00ed Moravu"},"content":{"rendered":"<p style=\"margin-bottom: 12.75pt; line-height: 21pt; text-align: justify;\"><span style=\"font-size: 10.5pt; color: #313131;\">Tento tok jsme se rozhodli vz\u00edt kola a str\u00e1vit p\u00e1r letn\u00edch dn\u00ed v&nbsp;domovin\u011b trochu sportovn\u011b s&nbsp;t\u00edm, \u017ee s&nbsp;m\u00fdm Belgi\u010danem prozkoum\u00e1me tak\u00e9 \u010desk\u00e1 v\u00edna. No a kam jinam ho za t\u00edmto \u00fa\u010delem vz\u00edt ne\u017e na Moravu! Ji\u017en\u00ed Morava m\u00e1 krom cyklostezek, z\u00e1mk\u016f a p\u0159\u00edrodn\u00edch kr\u00e1s tak\u00e9 ide\u00e1ln\u00ed podm\u00ednky pro p\u011bstov\u00e1n\u00ed vinn\u00e9 r\u00e9vy a tak si tu tak\u00e9 milovn\u00edci v\u00edna p\u0159ijdou na sv\u00e9. Vybrali jsme konkr\u00e9tn\u011b oblast Mikulova a Pavlovsk\u00fdch vrch\u016f, tedy jednu z&nbsp;hlavn\u00edch vina\u0159sk\u00fdch oblast\u00ed v&nbsp;\u010cesk\u00e9 republice, a v\u00fdlet jsme zakon\u010dili n\u00e1v\u0161t\u011bvou Lednicko-Valtick\u00e9ho are\u00e1lu.<\/span><\/p>\n<p style=\"margin-bottom: 12.75pt; line-height: 21pt; text-align: justify;\"><img loading=\"lazy\" decoding=\"async\" class=\"aligncenter size-full wp-image-11577\" src=\"http:\/\/1001voyagesgourmands.com\/wp-content\/uploads\/2016\/09\/Jizni_Morava-13.jpg\" alt=\"Ji\u017en\u00ed Morava m\u00e1 krom cyklostezek, z\u00e1mk\u016f a p\u0159\u00edrodn\u00edch kr\u00e1s tak\u00e9 ide\u00e1ln\u00ed podm\u00ednky pro p\u011bstov\u00e1n\u00ed vinn\u00e9 r\u00e9vy a tak si tu tak\u00e9 milovn\u00edci v\u00edna p\u0159ijdou na sv\u00e9.\" width=\"800\" height=\"530\" srcset=\"https:\/\/1001voyagesgourmands.com\/wp-content\/uploads\/2016\/09\/Jizni_Morava-13.jpg 800w, https:\/\/1001voyagesgourmands.com\/wp-content\/uploads\/2016\/09\/Jizni_Morava-13-300x199.jpg 300w, https:\/\/1001voyagesgourmands.com\/wp-content\/uploads\/2016\/09\/Jizni_Morava-13-768x509.jpg 768w, https:\/\/1001voyagesgourmands.com\/wp-content\/uploads\/2016\/09\/Jizni_Morava-13-780x516.jpg 780w, https:\/\/1001voyagesgourmands.com\/wp-content\/uploads\/2016\/09\/Jizni_Morava-13-585x388.jpg 585w, https:\/\/1001voyagesgourmands.com\/wp-content\/uploads\/2016\/09\/Jizni_Morava-13-263x175.jpg 263w\" sizes=\"auto, (max-width: 800px) 100vw, 800px\" \/><\/p>\n<p style=\"margin-bottom: 12.75pt; line-height: 21pt; text-align: justify;\">&nbsp;<\/p>\n<p style=\"margin-bottom: 12.75pt; line-height: 21pt; text-align: justify;\"><span style=\"font-size: 10.5pt; color: #313131;\">Spali jsme v&nbsp;<strong>Hustope\u010d\u00edch<\/strong>, co\u017e byla d\u0159\u00edve jedna z&nbsp;nejd\u016fle\u017eit\u011bj\u0161\u00edch vina\u0159sk\u00fdch oblast\u00ed a i dnes tu najdete plno skl\u00edpk\u016f. Byli jsme tu ubytovan\u00ed v&nbsp;hotelu <strong><a href=\"http:\/\/www.rustikal.cz\/\" target=\"_blank\" rel=\"noopener\">Rustikal<\/a><\/strong>, kter\u00fd m\u00e1 jednak svou vlastn\u00ed restauraci, kde se naj\u00edte celkem dob\u0159e za fajn ceny, maj\u00ed tu dokonce i vlastn\u00ed skl\u00edpek a jejich v\u00edna, kter\u00e1 jsme tu ochutnali, byla v\u00fdborn\u00e1 \u2013 nejv\u00edc jsme si obl\u00edbili jejich Rulandsk\u00e9 \u0161ed\u00e9. L\u00edbilo se n\u00e1m, \u017ee tu \u010dlov\u011bk ve\u010der m\u016f\u017ee tu v&nbsp;kl\u00eddku ko\u0161tovat a pak jen trefit na pokoj. Hotel m\u00e1 sv\u016fj parking, zamykac\u00ed \u00faschovnu kol, mal\u00fd kryt\u00fd baz\u00e9n, saunu a z\u00e1kladn\u00ed posilovnu. Sn\u00eddan\u011b jsou formou bufetu a najdete tam v\u0161e z\u00e1kladn\u00ed.<\/span><\/p>\n<p style=\"margin-bottom: 12.75pt; line-height: 21pt; text-align: justify;\"><img loading=\"lazy\" decoding=\"async\" class=\"aligncenter size-full wp-image-11589\" src=\"http:\/\/1001voyagesgourmands.com\/wp-content\/uploads\/2016\/09\/Jizni_Morava-18.jpg\" alt=\"Ji\u017en\u00ed Morava m\u00e1 krom cyklostezek, z\u00e1mk\u016f a p\u0159\u00edrodn\u00edch kr\u00e1s tak\u00e9 ide\u00e1ln\u00ed podm\u00ednky pro p\u011bstov\u00e1n\u00ed vinn\u00e9 r\u00e9vy a tak si tu tak\u00e9 milovn\u00edci v\u00edna p\u0159ijdou na sv\u00e9.\" width=\"800\" height=\"530\" srcset=\"https:\/\/1001voyagesgourmands.com\/wp-content\/uploads\/2016\/09\/Jizni_Morava-18.jpg 800w, https:\/\/1001voyagesgourmands.com\/wp-content\/uploads\/2016\/09\/Jizni_Morava-18-263x175.jpg 263w, https:\/\/1001voyagesgourmands.com\/wp-content\/uploads\/2016\/09\/Jizni_Morava-18-300x199.jpg 300w, https:\/\/1001voyagesgourmands.com\/wp-content\/uploads\/2016\/09\/Jizni_Morava-18-768x509.jpg 768w, https:\/\/1001voyagesgourmands.com\/wp-content\/uploads\/2016\/09\/Jizni_Morava-18-780x516.jpg 780w, https:\/\/1001voyagesgourmands.com\/wp-content\/uploads\/2016\/09\/Jizni_Morava-18-585x388.jpg 585w\" sizes=\"auto, (max-width: 800px) 100vw, 800px\" \/><\/p>\n<p style=\"margin-bottom: 12.75pt; line-height: 21pt;\"><img loading=\"lazy\" decoding=\"async\" class=\"wp-image-11585\" src=\"http:\/\/1001voyagesgourmands.com\/wp-content\/uploads\/2016\/09\/Jizni_Morava-17-678x1024.jpg\" alt=\"Ji\u017en\u00ed Morava m\u00e1 krom cyklostezek, z\u00e1mk\u016f a p\u0159\u00edrodn\u00edch kr\u00e1s tak\u00e9 ide\u00e1ln\u00ed podm\u00ednky pro p\u011bstov\u00e1n\u00ed vinn\u00e9 r\u00e9vy a tak si tu tak\u00e9 milovn\u00edci v\u00edna p\u0159ijdou na sv\u00e9.\" width=\"378\" height=\"571\" srcset=\"https:\/\/1001voyagesgourmands.com\/wp-content\/uploads\/2016\/09\/Jizni_Morava-17-678x1024.jpg 678w, https:\/\/1001voyagesgourmands.com\/wp-content\/uploads\/2016\/09\/Jizni_Morava-17-199x300.jpg 199w, https:\/\/1001voyagesgourmands.com\/wp-content\/uploads\/2016\/09\/Jizni_Morava-17-768x1159.jpg 768w, https:\/\/1001voyagesgourmands.com\/wp-content\/uploads\/2016\/09\/Jizni_Morava-17-585x883.jpg 585w, https:\/\/1001voyagesgourmands.com\/wp-content\/uploads\/2016\/09\/Jizni_Morava-17.jpg 795w\" sizes=\"auto, (max-width: 378px) 100vw, 378px\" \/>&nbsp; &nbsp;&nbsp;<img loading=\"lazy\" decoding=\"async\" class=\"wp-image-11583\" src=\"http:\/\/1001voyagesgourmands.com\/wp-content\/uploads\/2016\/09\/Jizni_Morava-16-678x1024.jpg\" alt=\"Ji\u017en\u00ed Morava m\u00e1 krom cyklostezek, z\u00e1mk\u016f a p\u0159\u00edrodn\u00edch kr\u00e1s tak\u00e9 ide\u00e1ln\u00ed podm\u00ednky pro p\u011bstov\u00e1n\u00ed vinn\u00e9 r\u00e9vy a tak si tu tak\u00e9 milovn\u00edci v\u00edna p\u0159ijdou na sv\u00e9.\" width=\"378\" height=\"571\" srcset=\"https:\/\/1001voyagesgourmands.com\/wp-content\/uploads\/2016\/09\/Jizni_Morava-16-678x1024.jpg 678w, https:\/\/1001voyagesgourmands.com\/wp-content\/uploads\/2016\/09\/Jizni_Morava-16-199x300.jpg 199w, https:\/\/1001voyagesgourmands.com\/wp-content\/uploads\/2016\/09\/Jizni_Morava-16-768x1159.jpg 768w, https:\/\/1001voyagesgourmands.com\/wp-content\/uploads\/2016\/09\/Jizni_Morava-16-585x883.jpg 585w, https:\/\/1001voyagesgourmands.com\/wp-content\/uploads\/2016\/09\/Jizni_Morava-16.jpg 795w\" sizes=\"auto, (max-width: 378px) 100vw, 378px\" \/><\/p>\n<p style=\"margin-bottom: 12.75pt; line-height: 21pt; text-align: justify;\">&nbsp;<\/p>\n<p style=\"margin-bottom: 12.75pt; line-height: 21pt; text-align: justify;\">P\u0159esto\u017ee po\u010das\u00ed n\u00e1m nakonec nep\u0159\u00e1lo, u\u017eili jsme si v\u00fdlet naplno. Prvn\u00ed den jsme dojeli do Strachot\u00edna a odtamtud jsme se napojili na vinnou cyklostezku Mikulov. Projeli jsme p\u0159es <strong>Doln\u00ed V\u011bstonice<\/strong>, vesnici zn\u00e1mou pro objev sochy tzv. V\u011bstonick\u00e9 Venu\u0161e. Po cest\u011b skrz vesnici jsme m\u00edjeli dost skl\u00edpk\u016f a tak\u00e9 kr\u00e1sn\u00e9 renesan\u010dn\u00ed a barokn\u00ed domy. Ji\u017en\u00ed Morava a jej\u00ed vesni\u010dky jsou prost\u011b n\u00e1dhern\u00e9!<\/p>\n<p style=\"margin-bottom: 12.75pt; line-height: 21pt; text-align: justify;\"><img loading=\"lazy\" decoding=\"async\" class=\"aligncenter size-full wp-image-11588\" src=\"http:\/\/1001voyagesgourmands.com\/wp-content\/uploads\/2016\/09\/South_Moravia-100.jpg\" alt=\"south_moravia-100\" width=\"800\" height=\"530\" srcset=\"https:\/\/1001voyagesgourmands.com\/wp-content\/uploads\/2016\/09\/South_Moravia-100.jpg 800w, https:\/\/1001voyagesgourmands.com\/wp-content\/uploads\/2016\/09\/South_Moravia-100-263x175.jpg 263w, https:\/\/1001voyagesgourmands.com\/wp-content\/uploads\/2016\/09\/South_Moravia-100-300x199.jpg 300w, https:\/\/1001voyagesgourmands.com\/wp-content\/uploads\/2016\/09\/South_Moravia-100-768x509.jpg 768w, https:\/\/1001voyagesgourmands.com\/wp-content\/uploads\/2016\/09\/South_Moravia-100-780x516.jpg 780w, https:\/\/1001voyagesgourmands.com\/wp-content\/uploads\/2016\/09\/South_Moravia-100-585x388.jpg 585w\" sizes=\"auto, (max-width: 800px) 100vw, 800px\" \/><\/p>\n<p style=\"margin-bottom: 12.75pt; line-height: 21pt;\"><img loading=\"lazy\" decoding=\"async\" class=\"wp-image-11557\" src=\"http:\/\/1001voyagesgourmands.com\/wp-content\/uploads\/2016\/09\/Jizni_Morava-3-678x1024.jpg\" alt=\"Ji\u017en\u00ed Morava m\u00e1 krom cyklostezek, z\u00e1mk\u016f a p\u0159\u00edrodn\u00edch kr\u00e1s tak\u00e9 ide\u00e1ln\u00ed podm\u00ednky pro p\u011bstov\u00e1n\u00ed vinn\u00e9 r\u00e9vy a tak si tu tak\u00e9 milovn\u00edci v\u00edna p\u0159ijdou na sv\u00e9.\" width=\"378\" height=\"571\" srcset=\"https:\/\/1001voyagesgourmands.com\/wp-content\/uploads\/2016\/09\/Jizni_Morava-3-678x1024.jpg 678w, https:\/\/1001voyagesgourmands.com\/wp-content\/uploads\/2016\/09\/Jizni_Morava-3-199x300.jpg 199w, https:\/\/1001voyagesgourmands.com\/wp-content\/uploads\/2016\/09\/Jizni_Morava-3-768x1159.jpg 768w, https:\/\/1001voyagesgourmands.com\/wp-content\/uploads\/2016\/09\/Jizni_Morava-3-585x883.jpg 585w, https:\/\/1001voyagesgourmands.com\/wp-content\/uploads\/2016\/09\/Jizni_Morava-3.jpg 795w\" sizes=\"auto, (max-width: 378px) 100vw, 378px\" \/>&nbsp; &nbsp;&nbsp;<img loading=\"lazy\" decoding=\"async\" class=\"wp-image-11555\" src=\"http:\/\/1001voyagesgourmands.com\/wp-content\/uploads\/2016\/09\/Jizni_Morava-2-682x1024.jpg\" alt=\"Ji\u017en\u00ed Morava m\u00e1 krom cyklostezek, z\u00e1mk\u016f a p\u0159\u00edrodn\u00edch kr\u00e1s tak\u00e9 ide\u00e1ln\u00ed podm\u00ednky pro p\u011bstov\u00e1n\u00ed vinn\u00e9 r\u00e9vy a tak si tu tak\u00e9 milovn\u00edci v\u00edna p\u0159ijdou na sv\u00e9.\" width=\"378\" height=\"568\" srcset=\"https:\/\/1001voyagesgourmands.com\/wp-content\/uploads\/2016\/09\/Jizni_Morava-2-682x1024.jpg 682w, https:\/\/1001voyagesgourmands.com\/wp-content\/uploads\/2016\/09\/Jizni_Morava-2-200x300.jpg 200w, https:\/\/1001voyagesgourmands.com\/wp-content\/uploads\/2016\/09\/Jizni_Morava-2-768x1153.jpg 768w, https:\/\/1001voyagesgourmands.com\/wp-content\/uploads\/2016\/09\/Jizni_Morava-2-585x879.jpg 585w, https:\/\/1001voyagesgourmands.com\/wp-content\/uploads\/2016\/09\/Jizni_Morava-2.jpg 799w\" sizes=\"auto, (max-width: 378px) 100vw, 378px\" \/><\/p>\n<p style=\"text-align: justify;\">&nbsp;<\/p>\n<p style=\"text-align: justify;\">Z&nbsp;V\u011bstonic jsme pak jeli pod\u00e9l soustavy 3 n\u00e1dr\u017e\u00ed <strong>Velk\u00e9 Ml\u00fdny<\/strong>, je\u017e slou\u017e\u00ed k&nbsp;regulaci z\u00e1plav, zavla\u017eov\u00e1n\u00ed, ryba\u0159en\u00ed a rekreaci. Na cest\u011b tam jsme potkali ryb\u00e1\u0159e, kte\u0159\u00ed pr\u00e1v\u011b tahali kapra, kter\u00fd jim zabral na n\u00e1vnadu, a kdy\u017e jsme se vraceli po p\u00e1r hodin\u00e1ch, tak u\u017e ho m\u011bli na grilu k&nbsp;ve\u010de\u0159i. To jsou ty momenty, kdy si \u0159\u00edk\u00e1m, \u017ee u\u017e ani ty ryby j\u00edst nebudu. \ud83d\ude41&nbsp;<\/p>\n<p style=\"text-align: justify;\"><img loading=\"lazy\" decoding=\"async\" class=\"aligncenter size-full wp-image-11579\" src=\"http:\/\/1001voyagesgourmands.com\/wp-content\/uploads\/2016\/09\/Jizni_Morava-14.jpg\" alt=\"Ji\u017en\u00ed Morava m\u00e1 krom cyklostezek, z\u00e1mk\u016f a p\u0159\u00edrodn\u00edch kr\u00e1s tak\u00e9 ide\u00e1ln\u00ed podm\u00ednky pro p\u011bstov\u00e1n\u00ed vinn\u00e9 r\u00e9vy a tak si tu tak\u00e9 milovn\u00edci v\u00edna p\u0159ijdou na sv\u00e9.\" width=\"800\" height=\"530\" srcset=\"https:\/\/1001voyagesgourmands.com\/wp-content\/uploads\/2016\/09\/Jizni_Morava-14.jpg 800w, https:\/\/1001voyagesgourmands.com\/wp-content\/uploads\/2016\/09\/Jizni_Morava-14-263x175.jpg 263w, https:\/\/1001voyagesgourmands.com\/wp-content\/uploads\/2016\/09\/Jizni_Morava-14-300x199.jpg 300w, https:\/\/1001voyagesgourmands.com\/wp-content\/uploads\/2016\/09\/Jizni_Morava-14-768x509.jpg 768w, https:\/\/1001voyagesgourmands.com\/wp-content\/uploads\/2016\/09\/Jizni_Morava-14-780x516.jpg 780w, https:\/\/1001voyagesgourmands.com\/wp-content\/uploads\/2016\/09\/Jizni_Morava-14-585x388.jpg 585w\" sizes=\"auto, (max-width: 800px) 100vw, 800px\" \/><\/p>\n<p style=\"text-align: justify;\"><img loading=\"lazy\" decoding=\"async\" class=\"aligncenter size-full wp-image-11561\" src=\"http:\/\/1001voyagesgourmands.com\/wp-content\/uploads\/2016\/09\/Jizni_Morava-5.jpg\" alt=\"Ji\u017en\u00ed Morava m\u00e1 krom cyklostezek, z\u00e1mk\u016f a p\u0159\u00edrodn\u00edch kr\u00e1s tak\u00e9 ide\u00e1ln\u00ed podm\u00ednky pro p\u011bstov\u00e1n\u00ed vinn\u00e9 r\u00e9vy a tak si tu tak\u00e9 milovn\u00edci v\u00edna p\u0159ijdou na sv\u00e9.\" width=\"800\" height=\"530\" srcset=\"https:\/\/1001voyagesgourmands.com\/wp-content\/uploads\/2016\/09\/Jizni_Morava-5.jpg 800w, https:\/\/1001voyagesgourmands.com\/wp-content\/uploads\/2016\/09\/Jizni_Morava-5-263x175.jpg 263w, https:\/\/1001voyagesgourmands.com\/wp-content\/uploads\/2016\/09\/Jizni_Morava-5-300x199.jpg 300w, https:\/\/1001voyagesgourmands.com\/wp-content\/uploads\/2016\/09\/Jizni_Morava-5-768x509.jpg 768w, https:\/\/1001voyagesgourmands.com\/wp-content\/uploads\/2016\/09\/Jizni_Morava-5-780x516.jpg 780w, https:\/\/1001voyagesgourmands.com\/wp-content\/uploads\/2016\/09\/Jizni_Morava-5-585x388.jpg 585w\" sizes=\"auto, (max-width: 800px) 100vw, 800px\" \/><\/p>\n<p style=\"text-align: justify;\">&nbsp;<\/p>\n<p style=\"margin-bottom: 12.75pt; line-height: 21pt; text-align: justify;\"><strong><span style=\"font-size: 10.5pt; color: #313131;\">Pavlov<\/span><\/strong><span class=\"apple-converted-space\"><span style=\"font-size: 10.5pt; color: #313131;\">&nbsp;<\/span><\/span><span style=\"font-size: 10.5pt; color: #313131;\">je tradi\u010dn\u00ed vina\u0159sk\u00e1 obec le\u017e\u00edc\u00ed na \u00fapat\u00ed kopce D\u011bv\u00edn. Okoln\u00ed kopce jsou os\u00e1zen\u00e9 vinicemi a v&nbsp;obci najdeme nespo\u010det vinn\u00fdch skl\u00edpk\u016f. V\u00edna z&nbsp;Pavlova jsou charakteristick\u00e1 ovocnou sv\u011b\u017eest\u00ed, aromati\u010dnost\u00ed a ko\u0159en\u011bnost\u00ed, nezn\u00ed to l\u00e1kav\u011b? Tady se prost\u011b mus\u00edte zastavit a p\u00e1r jich ochutnat! Pavlov je takt\u00e9\u017e architektonick\u00e1 rezervace, kter\u00e1 se chlub\u00ed mnoha kr\u00e1sn\u00fdmi renesan\u010dn\u00edmi a barokn\u00edmi dome\u010dky ze 16. a 17. stolet\u00ed. Za m\u011b tedy skvost, kam bych se jednou r\u00e1da vr\u00e1tila a nav\u0161t\u00edvila skl\u00edpk\u016f v\u00edce. Ve <strong><a href=\"http:\/\/www.vinarstvipaulus.cz\/\" target=\"_blank\" rel=\"noopener\">vina\u0159stv\u00ed Paulus<\/a><\/strong> jsme ochutnali jejich Frankovku a n\u011bjak\u00e9 ros\u00e9, pot\u00e9 jsme se pod\u00edvali do <strong><a href=\"http:\/\/www.palavskagalerievin.cz\/\" target=\"_blank\" rel=\"noopener\">Venu\u0161e, P\u00e1lavsk\u00e9 galerie v\u00edn<\/a><\/strong>. Za m\u011b je Pavlov opravu m\u00edsto, kter\u00e9 byste nem\u011bli minout a\u017e budete na Ji\u017en\u00ed Morav\u011b.<\/span><\/p>\n<p style=\"margin-bottom: 12.75pt; line-height: 21pt; text-align: justify;\"><img loading=\"lazy\" decoding=\"async\" class=\"aligncenter size-full wp-image-11581\" src=\"http:\/\/1001voyagesgourmands.com\/wp-content\/uploads\/2016\/09\/Jizni_Morava-15.jpg\" alt=\"Ji\u017en\u00ed Morava m\u00e1 krom cyklostezek, z\u00e1mk\u016f a p\u0159\u00edrodn\u00edch kr\u00e1s tak\u00e9 ide\u00e1ln\u00ed podm\u00ednky pro p\u011bstov\u00e1n\u00ed vinn\u00e9 r\u00e9vy a tak si tu tak\u00e9 milovn\u00edci v\u00edna p\u0159ijdou na sv\u00e9.\" width=\"800\" height=\"530\" srcset=\"https:\/\/1001voyagesgourmands.com\/wp-content\/uploads\/2016\/09\/Jizni_Morava-15.jpg 800w, https:\/\/1001voyagesgourmands.com\/wp-content\/uploads\/2016\/09\/Jizni_Morava-15-263x175.jpg 263w, https:\/\/1001voyagesgourmands.com\/wp-content\/uploads\/2016\/09\/Jizni_Morava-15-300x199.jpg 300w, https:\/\/1001voyagesgourmands.com\/wp-content\/uploads\/2016\/09\/Jizni_Morava-15-768x509.jpg 768w, https:\/\/1001voyagesgourmands.com\/wp-content\/uploads\/2016\/09\/Jizni_Morava-15-780x516.jpg 780w, https:\/\/1001voyagesgourmands.com\/wp-content\/uploads\/2016\/09\/Jizni_Morava-15-585x388.jpg 585w\" sizes=\"auto, (max-width: 800px) 100vw, 800px\" \/><\/p>\n<p style=\"margin-bottom: 12.75pt; line-height: 21pt;\"><img loading=\"lazy\" decoding=\"async\" class=\"wp-image-11541\" src=\"http:\/\/1001voyagesgourmands.com\/wp-content\/uploads\/2016\/08\/South_Moravia-78-678x1024.jpg\" alt=\"south_moravia-78\" width=\"378\" height=\"571\" srcset=\"https:\/\/1001voyagesgourmands.com\/wp-content\/uploads\/2016\/08\/South_Moravia-78-678x1024.jpg 678w, https:\/\/1001voyagesgourmands.com\/wp-content\/uploads\/2016\/08\/South_Moravia-78-199x300.jpg 199w, https:\/\/1001voyagesgourmands.com\/wp-content\/uploads\/2016\/08\/South_Moravia-78-768x1159.jpg 768w, https:\/\/1001voyagesgourmands.com\/wp-content\/uploads\/2016\/08\/South_Moravia-78-585x883.jpg 585w, https:\/\/1001voyagesgourmands.com\/wp-content\/uploads\/2016\/08\/South_Moravia-78.jpg 795w\" sizes=\"auto, (max-width: 378px) 100vw, 378px\" \/>&nbsp; &nbsp;&nbsp;<img loading=\"lazy\" decoding=\"async\" class=\"wp-image-11537\" src=\"http:\/\/1001voyagesgourmands.com\/wp-content\/uploads\/2016\/08\/South_Moravia-76-678x1024.jpg\" alt=\"south_moravia-76\" width=\"378\" height=\"571\" srcset=\"https:\/\/1001voyagesgourmands.com\/wp-content\/uploads\/2016\/08\/South_Moravia-76-678x1024.jpg 678w, https:\/\/1001voyagesgourmands.com\/wp-content\/uploads\/2016\/08\/South_Moravia-76-199x300.jpg 199w, https:\/\/1001voyagesgourmands.com\/wp-content\/uploads\/2016\/08\/South_Moravia-76-768x1159.jpg 768w, https:\/\/1001voyagesgourmands.com\/wp-content\/uploads\/2016\/08\/South_Moravia-76-585x883.jpg 585w, https:\/\/1001voyagesgourmands.com\/wp-content\/uploads\/2016\/08\/South_Moravia-76.jpg 795w\" sizes=\"auto, (max-width: 378px) 100vw, 378px\" \/><\/p>\n<p style=\"margin-bottom: 12.75pt; line-height: 21pt;\">&nbsp;<\/p>\n<p style=\"margin-bottom: 12.75pt; line-height: 21pt; text-align: justify;\"><span style=\"font-size: 10.5pt; color: #313131;\">V&nbsp;jednu chv\u00edli jsme m\u011bli dost stoup\u00e1n\u00ed do kopce po velice frekventovan\u00e9 silnici a tak jsme sjeli z \u201ecyklostezky\u201c a vydali se poln\u00ed cestou sm\u011b\u0159uj\u00edc\u00ed k vinic\u00edm. Za n\u00e1mi se ty\u010dil kopec D\u011bv\u00edn se z\u0159\u00edceninou D\u011bv\u010di\u010dky a p\u0159ed n\u00e1mi se rozprost\u00edraly vinice, svah sm\u011b\u0159oval dol\u016f sm\u011brem k&nbsp;Velk\u00fdm Ml\u00fdn\u016fm. N\u00e1dhern\u00e1 to krajina pro milovn\u00edky v\u00edna!<\/span><\/p>\n<p style=\"margin-bottom: 12.75pt; line-height: 21pt; text-align: justify;\"><img loading=\"lazy\" decoding=\"async\" class=\"aligncenter size-full wp-image-11563\" src=\"http:\/\/1001voyagesgourmands.com\/wp-content\/uploads\/2016\/09\/Jizni_Morava-6.jpg\" alt=\"Ji\u017en\u00ed Morava m\u00e1 krom cyklostezek, z\u00e1mk\u016f a p\u0159\u00edrodn\u00edch kr\u00e1s tak\u00e9 ide\u00e1ln\u00ed podm\u00ednky pro p\u011bstov\u00e1n\u00ed vinn\u00e9 r\u00e9vy a tak si tu tak\u00e9 milovn\u00edci v\u00edna p\u0159ijdou na sv\u00e9.\" width=\"800\" height=\"530\" srcset=\"https:\/\/1001voyagesgourmands.com\/wp-content\/uploads\/2016\/09\/Jizni_Morava-6.jpg 800w, https:\/\/1001voyagesgourmands.com\/wp-content\/uploads\/2016\/09\/Jizni_Morava-6-263x175.jpg 263w, https:\/\/1001voyagesgourmands.com\/wp-content\/uploads\/2016\/09\/Jizni_Morava-6-300x199.jpg 300w, https:\/\/1001voyagesgourmands.com\/wp-content\/uploads\/2016\/09\/Jizni_Morava-6-768x509.jpg 768w, https:\/\/1001voyagesgourmands.com\/wp-content\/uploads\/2016\/09\/Jizni_Morava-6-780x516.jpg 780w, https:\/\/1001voyagesgourmands.com\/wp-content\/uploads\/2016\/09\/Jizni_Morava-6-585x388.jpg 585w\" sizes=\"auto, (max-width: 800px) 100vw, 800px\" \/><\/p>\n<p style=\"margin-bottom: 12.75pt; line-height: 21pt; text-align: justify;\"><img loading=\"lazy\" decoding=\"async\" class=\"aligncenter size-full wp-image-11565\" src=\"http:\/\/1001voyagesgourmands.com\/wp-content\/uploads\/2016\/09\/Jizni_Morava-7.jpg\" alt=\"Ji\u017en\u00ed Morava m\u00e1 krom cyklostezek, z\u00e1mk\u016f a p\u0159\u00edrodn\u00edch kr\u00e1s tak\u00e9 ide\u00e1ln\u00ed podm\u00ednky pro p\u011bstov\u00e1n\u00ed vinn\u00e9 r\u00e9vy a tak si tu tak\u00e9 milovn\u00edci v\u00edna p\u0159ijdou na sv\u00e9.\" width=\"800\" height=\"530\" srcset=\"https:\/\/1001voyagesgourmands.com\/wp-content\/uploads\/2016\/09\/Jizni_Morava-7.jpg 800w, https:\/\/1001voyagesgourmands.com\/wp-content\/uploads\/2016\/09\/Jizni_Morava-7-263x175.jpg 263w, https:\/\/1001voyagesgourmands.com\/wp-content\/uploads\/2016\/09\/Jizni_Morava-7-300x199.jpg 300w, https:\/\/1001voyagesgourmands.com\/wp-content\/uploads\/2016\/09\/Jizni_Morava-7-768x509.jpg 768w, https:\/\/1001voyagesgourmands.com\/wp-content\/uploads\/2016\/09\/Jizni_Morava-7-780x516.jpg 780w, https:\/\/1001voyagesgourmands.com\/wp-content\/uploads\/2016\/09\/Jizni_Morava-7-585x388.jpg 585w\" sizes=\"auto, (max-width: 800px) 100vw, 800px\" \/><\/p>\n<p style=\"margin-bottom: 12.75pt; line-height: 21pt; text-align: justify;\"><img loading=\"lazy\" decoding=\"async\" class=\"aligncenter size-full wp-image-11567\" src=\"http:\/\/1001voyagesgourmands.com\/wp-content\/uploads\/2016\/09\/Jizni_Morava-8.jpg\" alt=\"Ji\u017en\u00ed Morava m\u00e1 krom cyklostezek, z\u00e1mk\u016f a p\u0159\u00edrodn\u00edch kr\u00e1s tak\u00e9 ide\u00e1ln\u00ed podm\u00ednky pro p\u011bstov\u00e1n\u00ed vinn\u00e9 r\u00e9vy a tak si tu tak\u00e9 milovn\u00edci v\u00edna p\u0159ijdou na sv\u00e9.\" width=\"800\" height=\"530\" srcset=\"https:\/\/1001voyagesgourmands.com\/wp-content\/uploads\/2016\/09\/Jizni_Morava-8.jpg 800w, https:\/\/1001voyagesgourmands.com\/wp-content\/uploads\/2016\/09\/Jizni_Morava-8-263x175.jpg 263w, https:\/\/1001voyagesgourmands.com\/wp-content\/uploads\/2016\/09\/Jizni_Morava-8-300x199.jpg 300w, https:\/\/1001voyagesgourmands.com\/wp-content\/uploads\/2016\/09\/Jizni_Morava-8-768x509.jpg 768w, https:\/\/1001voyagesgourmands.com\/wp-content\/uploads\/2016\/09\/Jizni_Morava-8-780x516.jpg 780w, https:\/\/1001voyagesgourmands.com\/wp-content\/uploads\/2016\/09\/Jizni_Morava-8-585x388.jpg 585w\" sizes=\"auto, (max-width: 800px) 100vw, 800px\" \/><\/p>\n<p style=\"margin-bottom: 12.75pt; line-height: 21pt; text-align: justify;\"><img loading=\"lazy\" decoding=\"async\" class=\"aligncenter size-full wp-image-11575\" src=\"http:\/\/1001voyagesgourmands.com\/wp-content\/uploads\/2016\/09\/Jizni_Morava-12.jpg\" alt=\"Ji\u017en\u00ed Morava m\u00e1 krom cyklostezek, z\u00e1mk\u016f a p\u0159\u00edrodn\u00edch kr\u00e1s tak\u00e9 ide\u00e1ln\u00ed podm\u00ednky pro p\u011bstov\u00e1n\u00ed vinn\u00e9 r\u00e9vy a tak si tu tak\u00e9 milovn\u00edci v\u00edna p\u0159ijdou na sv\u00e9.\" width=\"800\" height=\"530\" srcset=\"https:\/\/1001voyagesgourmands.com\/wp-content\/uploads\/2016\/09\/Jizni_Morava-12.jpg 800w, https:\/\/1001voyagesgourmands.com\/wp-content\/uploads\/2016\/09\/Jizni_Morava-12-263x175.jpg 263w, https:\/\/1001voyagesgourmands.com\/wp-content\/uploads\/2016\/09\/Jizni_Morava-12-300x199.jpg 300w, https:\/\/1001voyagesgourmands.com\/wp-content\/uploads\/2016\/09\/Jizni_Morava-12-768x509.jpg 768w, https:\/\/1001voyagesgourmands.com\/wp-content\/uploads\/2016\/09\/Jizni_Morava-12-780x516.jpg 780w, https:\/\/1001voyagesgourmands.com\/wp-content\/uploads\/2016\/09\/Jizni_Morava-12-585x388.jpg 585w\" sizes=\"auto, (max-width: 800px) 100vw, 800px\" \/><\/p>\n<p style=\"margin-bottom: 12.75pt; line-height: 21pt; text-align: justify;\">Hlavn\u00ed odr\u016fdy, kter\u00e9 se p\u011bstuj\u00ed v&nbsp;okol\u00ed Pavlova jsou Ryzlink vla\u0161sk\u00fd, Velt\u00ednsk\u00e9 zelen\u00e9, M\u00fcller-Thurgau, P\u00e1lava, Aurelius, Rulandsk\u00e9 \u0161ed\u00e9, Chardonnay, Sauvignon a z&nbsp;\u010derven\u00fdch pak Svatovav\u0159ineck\u00e9, Frankovka a Rulandsk\u00e9&nbsp;modr\u00e9.&nbsp;<\/p>\n<p style=\"margin-bottom: 12.75pt; line-height: 21pt; text-align: justify;\"><img loading=\"lazy\" decoding=\"async\" class=\"aligncenter size-full wp-image-11569\" src=\"http:\/\/1001voyagesgourmands.com\/wp-content\/uploads\/2016\/09\/Jizni_Morava-9.jpg\" alt=\"Ji\u017en\u00ed Morava m\u00e1 krom cyklostezek, z\u00e1mk\u016f a p\u0159\u00edrodn\u00edch kr\u00e1s tak\u00e9 ide\u00e1ln\u00ed podm\u00ednky pro p\u011bstov\u00e1n\u00ed vinn\u00e9 r\u00e9vy a tak si tu tak\u00e9 milovn\u00edci v\u00edna p\u0159ijdou na sv\u00e9.\" width=\"800\" height=\"530\" srcset=\"https:\/\/1001voyagesgourmands.com\/wp-content\/uploads\/2016\/09\/Jizni_Morava-9.jpg 800w, https:\/\/1001voyagesgourmands.com\/wp-content\/uploads\/2016\/09\/Jizni_Morava-9-263x175.jpg 263w, https:\/\/1001voyagesgourmands.com\/wp-content\/uploads\/2016\/09\/Jizni_Morava-9-300x199.jpg 300w, https:\/\/1001voyagesgourmands.com\/wp-content\/uploads\/2016\/09\/Jizni_Morava-9-768x509.jpg 768w, https:\/\/1001voyagesgourmands.com\/wp-content\/uploads\/2016\/09\/Jizni_Morava-9-780x516.jpg 780w, https:\/\/1001voyagesgourmands.com\/wp-content\/uploads\/2016\/09\/Jizni_Morava-9-585x388.jpg 585w\" sizes=\"auto, (max-width: 800px) 100vw, 800px\" \/><\/p>\n<p style=\"margin-bottom: 12.75pt; line-height: 21pt; text-align: justify;\"><img loading=\"lazy\" decoding=\"async\" class=\"wp-image-11573\" src=\"http:\/\/1001voyagesgourmands.com\/wp-content\/uploads\/2016\/09\/Jizni_Morava-11-678x1024.jpg\" alt=\"Ji\u017en\u00ed Morava m\u00e1 krom cyklostezek, z\u00e1mk\u016f a p\u0159\u00edrodn\u00edch kr\u00e1s tak\u00e9 ide\u00e1ln\u00ed podm\u00ednky pro p\u011bstov\u00e1n\u00ed vinn\u00e9 r\u00e9vy a tak si tu tak\u00e9 milovn\u00edci v\u00edna p\u0159ijdou na sv\u00e9.\" width=\"378\" height=\"570\" srcset=\"https:\/\/1001voyagesgourmands.com\/wp-content\/uploads\/2016\/09\/Jizni_Morava-11-678x1024.jpg 678w, https:\/\/1001voyagesgourmands.com\/wp-content\/uploads\/2016\/09\/Jizni_Morava-11-199x300.jpg 199w, https:\/\/1001voyagesgourmands.com\/wp-content\/uploads\/2016\/09\/Jizni_Morava-11-768x1159.jpg 768w, https:\/\/1001voyagesgourmands.com\/wp-content\/uploads\/2016\/09\/Jizni_Morava-11-585x883.jpg 585w, https:\/\/1001voyagesgourmands.com\/wp-content\/uploads\/2016\/09\/Jizni_Morava-11.jpg 795w\" sizes=\"auto, (max-width: 378px) 100vw, 378px\" \/>&nbsp; &nbsp;&nbsp;<img loading=\"lazy\" decoding=\"async\" class=\"wp-image-11571\" src=\"http:\/\/1001voyagesgourmands.com\/wp-content\/uploads\/2016\/09\/Jizni_Morava-10-678x1024.jpg\" alt=\"Ji\u017en\u00ed Morava m\u00e1 krom cyklostezek, z\u00e1mk\u016f a p\u0159\u00edrodn\u00edch kr\u00e1s tak\u00e9 ide\u00e1ln\u00ed podm\u00ednky pro p\u011bstov\u00e1n\u00ed vinn\u00e9 r\u00e9vy a tak si tu tak\u00e9 milovn\u00edci v\u00edna p\u0159ijdou na sv\u00e9.\" width=\"378\" height=\"571\" srcset=\"https:\/\/1001voyagesgourmands.com\/wp-content\/uploads\/2016\/09\/Jizni_Morava-10-678x1024.jpg 678w, https:\/\/1001voyagesgourmands.com\/wp-content\/uploads\/2016\/09\/Jizni_Morava-10-199x300.jpg 199w, https:\/\/1001voyagesgourmands.com\/wp-content\/uploads\/2016\/09\/Jizni_Morava-10-768x1159.jpg 768w, https:\/\/1001voyagesgourmands.com\/wp-content\/uploads\/2016\/09\/Jizni_Morava-10-585x883.jpg 585w, https:\/\/1001voyagesgourmands.com\/wp-content\/uploads\/2016\/09\/Jizni_Morava-10.jpg 795w\" sizes=\"auto, (max-width: 378px) 100vw, 378px\" \/><\/p>\n<p style=\"margin-bottom: 12.75pt; line-height: 21pt; text-align: justify;\">Co je sm\u011b\u0161n\u00e9, je \u017ee ne\u017e jsme stihli dojet do Mikulova, dost se rozpr\u0161elo, a tak jsme se vr\u00e1tili do Pavlova a oko\u0161tovali dal\u0161\u00ed v\u00edna. Ne, \u017ee jsem byla proti \ud83d\ude09<\/p>\n<p style=\"margin-bottom: 12.75pt; line-height: 21pt; text-align: justify;\">&nbsp;<\/p>\n<p style=\"margin-bottom: 12.75pt; line-height: 21pt; font-variant-ligatures: normal; font-variant-caps: normal; orphans: 2; widows: 2; -webkit-text-stroke-width: 0px; word-spacing: 0px; text-align: justify;\"><span style=\"font-size: 10.5pt; color: #313131;\">Dal\u0161\u00ed \u010d\u00e1ste\u010dn\u011b rozpr\u0161en\u00fd den jsme str\u00e1vili v <strong>Mikulov\u011b<\/strong>. Dominantou m\u011bsta je barokn\u00ed z\u00e1mek, n\u00e1dhern\u00e9 barevn\u00e9 dome\u010dky v&nbsp;centru m\u011bsta a tak\u00e9 Svat\u00fd kope\u010dek. Nicm\u00e9n\u011b Mikulov je p\u0159edev\u0161\u00edm zn\u00e1m\u00fd jako tradi\u010dn\u00ed vina\u0159sk\u00e9 centrum, jeliko\u017e tu jsou ide\u00e1ln\u00ed podm\u00ednky pro p\u011bstov\u00e1n\u00ed vinn\u00e9 r\u00e9vy a to ji\u017e v\u011bd\u011bli sta\u0159\u00ed \u0158\u00edman\u00e9. Toho si ostatn\u011b n\u00e1v\u0161t\u011bvn\u00edk hned v\u0161imne &#8211; okol\u00ed m\u011bsta je os\u00e1zen\u00e9 vinicemi a v&nbsp;centru najdete plno skl\u00edpk\u016f a vinn\u00fdch bar\u016f. Tady rozhodn\u011b doporu\u010duji nav\u0161t\u00edvit vinot\u00e9ku \u010di p\u0159\u00edmo vina\u0159stv\u00ed&nbsp;<strong><a href=\"http:\/\/www.vinarstvivolarik.cz\/cs\" target=\"_blank\" rel=\"noopener\">Vola\u0159\u00edk<\/a><\/strong> a ochutnat t\u0159eba jejich P\u00e1lavu! Pokud si chcete o na\u0161\u00ed zku\u0161enosti v Mikulov\u011b p\u0159e\u010d\u00edst v\u00edce, tak jukn\u011bte na <strong><a href=\"http:\/\/1001voyagesgourmands.com\/2016\/09\/01\/pohadkovy-mikulov\/\" target=\"_blank\" rel=\"noopener\">Poh\u00e1dkov\u00fd Mikulov<\/a><\/strong>.<\/span><\/p>\n<p style=\"margin-bottom: 12.75pt; line-height: 21pt; font-variant-ligatures: normal; font-variant-caps: normal; orphans: 2; widows: 2; -webkit-text-stroke-width: 0px; word-spacing: 0px; text-align: justify;\"><img loading=\"lazy\" decoding=\"async\" class=\"aligncenter size-full wp-image-11104\" src=\"http:\/\/1001voyagesgourmands.com\/wp-content\/uploads\/2016\/08\/Mikulov-15.jpg\" alt=\"Mikulov je velice \u0161armantn\u00ed jihomoravsk\u00e9 m\u011bste\u010dko, kde se snoub\u00ed vinn\u00e1 kultura s p\u0159\u00edrodou a histori\u00ed. Nechte se inspirovat, co se tu d\u00e1 vid\u011bt a podniknout!\" width=\"999\" height=\"662\" srcset=\"https:\/\/1001voyagesgourmands.com\/wp-content\/uploads\/2016\/08\/Mikulov-15.jpg 999w, https:\/\/1001voyagesgourmands.com\/wp-content\/uploads\/2016\/08\/Mikulov-15-800x530.jpg 800w, https:\/\/1001voyagesgourmands.com\/wp-content\/uploads\/2016\/08\/Mikulov-15-300x199.jpg 300w, https:\/\/1001voyagesgourmands.com\/wp-content\/uploads\/2016\/08\/Mikulov-15-768x509.jpg 768w, https:\/\/1001voyagesgourmands.com\/wp-content\/uploads\/2016\/08\/Mikulov-15-780x516.jpg 780w, https:\/\/1001voyagesgourmands.com\/wp-content\/uploads\/2016\/08\/Mikulov-15-585x388.jpg 585w, https:\/\/1001voyagesgourmands.com\/wp-content\/uploads\/2016\/08\/Mikulov-15-263x175.jpg 263w\" sizes=\"auto, (max-width: 999px) 100vw, 999px\" \/><\/p>\n<p style=\"text-align: justify;\"><img loading=\"lazy\" decoding=\"async\" class=\"wp-image-11148\" src=\"http:\/\/1001voyagesgourmands.com\/wp-content\/uploads\/2016\/08\/Mikulov-37-678x1024.jpg\" alt=\"Mikulov je velice \u0161armantn\u00ed jihomoravsk\u00e9 m\u011bste\u010dko, kde se snoub\u00ed vinn\u00e1 kultura s p\u0159\u00edrodou a histori\u00ed. Nechte se inspirovat, co se tu d\u00e1 vid\u011bt a podniknout!\" width=\"378\" height=\"571\" srcset=\"https:\/\/1001voyagesgourmands.com\/wp-content\/uploads\/2016\/08\/Mikulov-37-678x1024.jpg 678w, https:\/\/1001voyagesgourmands.com\/wp-content\/uploads\/2016\/08\/Mikulov-37-199x300.jpg 199w, https:\/\/1001voyagesgourmands.com\/wp-content\/uploads\/2016\/08\/Mikulov-37-768x1159.jpg 768w, https:\/\/1001voyagesgourmands.com\/wp-content\/uploads\/2016\/08\/Mikulov-37-585x883.jpg 585w, https:\/\/1001voyagesgourmands.com\/wp-content\/uploads\/2016\/08\/Mikulov-37.jpg 999w\" sizes=\"auto, (max-width: 378px) 100vw, 378px\" \/>&nbsp; &nbsp; <img loading=\"lazy\" decoding=\"async\" class=\"wp-image-11140\" src=\"http:\/\/1001voyagesgourmands.com\/wp-content\/uploads\/2016\/08\/Mikulov-33-678x1024.jpg\" alt=\"Mikulov je velice \u0161armantn\u00ed jihomoravsk\u00e9 m\u011bste\u010dko, kde se snoub\u00ed vinn\u00e1 kultura s p\u0159\u00edrodou a histori\u00ed. Nechte se inspirovat, co se tu d\u00e1 vid\u011bt a podniknout!\" width=\"378\" height=\"571\" srcset=\"https:\/\/1001voyagesgourmands.com\/wp-content\/uploads\/2016\/08\/Mikulov-33-678x1024.jpg 678w, https:\/\/1001voyagesgourmands.com\/wp-content\/uploads\/2016\/08\/Mikulov-33-199x300.jpg 199w, https:\/\/1001voyagesgourmands.com\/wp-content\/uploads\/2016\/08\/Mikulov-33-768x1159.jpg 768w, https:\/\/1001voyagesgourmands.com\/wp-content\/uploads\/2016\/08\/Mikulov-33-585x883.jpg 585w, https:\/\/1001voyagesgourmands.com\/wp-content\/uploads\/2016\/08\/Mikulov-33.jpg 999w\" sizes=\"auto, (max-width: 378px) 100vw, 378px\" \/><\/p>\n<p style=\"text-align: justify;\"><img loading=\"lazy\" decoding=\"async\" class=\"alignleft size-full wp-image-11199\" src=\"http:\/\/1001voyagesgourmands.com\/wp-content\/uploads\/2016\/08\/Mikulov-25.jpg\" alt=\"Mikulov-25\" width=\"999\" height=\"662\" srcset=\"https:\/\/1001voyagesgourmands.com\/wp-content\/uploads\/2016\/08\/Mikulov-25.jpg 999w, https:\/\/1001voyagesgourmands.com\/wp-content\/uploads\/2016\/08\/Mikulov-25-800x530.jpg 800w, https:\/\/1001voyagesgourmands.com\/wp-content\/uploads\/2016\/08\/Mikulov-25-300x199.jpg 300w, https:\/\/1001voyagesgourmands.com\/wp-content\/uploads\/2016\/08\/Mikulov-25-768x509.jpg 768w, https:\/\/1001voyagesgourmands.com\/wp-content\/uploads\/2016\/08\/Mikulov-25-780x516.jpg 780w, https:\/\/1001voyagesgourmands.com\/wp-content\/uploads\/2016\/08\/Mikulov-25-585x388.jpg 585w, https:\/\/1001voyagesgourmands.com\/wp-content\/uploads\/2016\/08\/Mikulov-25-263x175.jpg 263w\" sizes=\"auto, (max-width: 999px) 100vw, 999px\" \/><\/p>\n<p style=\"text-align: justify;\">&nbsp;<\/p>\n<p style=\"text-align: justify;\"><strong>&nbsp;<\/strong><\/p>\n<p style=\"text-align: justify;\"><strong>Lednice&nbsp;<\/strong>je jeden z&nbsp;nejkr\u00e1sn\u011bj\u0161\u00edch z\u00e1mk\u016f a jedno z&nbsp;nejnav\u0161t\u011bvovan\u011bj\u0161\u00edch m\u00edst \u010cesk\u00e9 republiky. Z\u00e1mek postaven\u00fd v&nbsp;neogotick\u00e9m Tudorovsk\u00e9m stylu se nach\u00e1z\u00ed v&nbsp;barokn\u00ed zahrad\u011b a p\u0159\u00edrodn\u00ed rezervaci dekorovan\u00e9 romantick\u00fdmi v\u00fdtvory jako t\u0159eba Minaret, ruiny rom\u00e1nsk\u00e9ho akvaduktu a r\u016fzn\u00fdmi jez\u00edrky s&nbsp;ostr\u016fvky.<\/p>\n<p style=\"text-align: justify;\"><img loading=\"lazy\" decoding=\"async\" class=\"aligncenter size-full wp-image-12646\" src=\"http:\/\/1001voyagesgourmands.com\/wp-content\/uploads\/2016\/10\/Lednice_Valtice-29-2.jpg\" alt=\"Two beautiful castles and a vast natural park of 283 km\u00b2 which is supposed to be one of the largest castle parks in Europe, create a fairytale place.\" width=\"800\" height=\"530\" srcset=\"https:\/\/1001voyagesgourmands.com\/wp-content\/uploads\/2016\/10\/Lednice_Valtice-29-2.jpg 800w, https:\/\/1001voyagesgourmands.com\/wp-content\/uploads\/2016\/10\/Lednice_Valtice-29-2-300x199.jpg 300w, https:\/\/1001voyagesgourmands.com\/wp-content\/uploads\/2016\/10\/Lednice_Valtice-29-2-768x509.jpg 768w, https:\/\/1001voyagesgourmands.com\/wp-content\/uploads\/2016\/10\/Lednice_Valtice-29-2-780x516.jpg 780w, https:\/\/1001voyagesgourmands.com\/wp-content\/uploads\/2016\/10\/Lednice_Valtice-29-2-585x388.jpg 585w\" sizes=\"auto, (max-width: 800px) 100vw, 800px\" \/><\/p>\n<p style=\"text-align: justify;\">&nbsp;<\/p>\n<p style=\"text-align: justify;\">Z\u00e1mek<strong> Valtice<\/strong> a jeho rozlehl\u00fd park mi p\u0159i\u0161el m\u00e9n\u011b noblesn\u00ed ne\u017e Lednice, ale za to odsud poch\u00e1z\u00ed n\u011bjak\u00e1 z&nbsp;nejlep\u0161\u00edch \u010desk\u00fdch v\u00edn a z\u00e1mek je domovem <strong><a href=\"http:\/\/www.vinarskecentrum.cz\/\" target=\"_blank\" rel=\"noopener\">N\u00e1rodn\u00edho vina\u0159sk\u00e9ho centra<\/a><\/strong>. Ve skl\u00edpku se nach\u00e1z\u00ed celoro\u010dn\u011b otev\u0159en\u00e1 degusta\u010dn\u00ed expozice nejl\u00e9pe hodnocen\u00fdch v\u00edn v&nbsp;N\u00e1rodn\u00ed sout\u011b\u017ei v\u00edn. <a href=\"http:\/\/1001voyagesgourmands.com\/lednicko-valticky-areal\/\">Lednicko-Valtick\u00fd are\u00e1l<\/a> pro n\u00e1s byl t\u0159e\u0161ni\u010dkou na dortu a ka\u017ed\u00e9mu, kdo se na Ji\u017en\u00ed Moravu chyst\u00e1, ho ur\u010dit\u011b doporu\u010duji!<\/p>\n<p style=\"text-align: justify;\"><img loading=\"lazy\" decoding=\"async\" class=\"alignleft size-full wp-image-11595\" src=\"http:\/\/1001voyagesgourmands.com\/wp-content\/uploads\/2016\/09\/Jizni_Morava-20.jpg\" alt=\"Ji\u017en\u00ed Morava m\u00e1 krom cyklostezek, z\u00e1mk\u016f a p\u0159\u00edrodn\u00edch kr\u00e1s tak\u00e9 ide\u00e1ln\u00ed podm\u00ednky pro p\u011bstov\u00e1n\u00ed vinn\u00e9 r\u00e9vy a tak si tu tak\u00e9 milovn\u00edci v\u00edna p\u0159ijdou na sv\u00e9.\" width=\"800\" height=\"530\" srcset=\"https:\/\/1001voyagesgourmands.com\/wp-content\/uploads\/2016\/09\/Jizni_Morava-20.jpg 800w, https:\/\/1001voyagesgourmands.com\/wp-content\/uploads\/2016\/09\/Jizni_Morava-20-263x175.jpg 263w, https:\/\/1001voyagesgourmands.com\/wp-content\/uploads\/2016\/09\/Jizni_Morava-20-300x199.jpg 300w, https:\/\/1001voyagesgourmands.com\/wp-content\/uploads\/2016\/09\/Jizni_Morava-20-768x509.jpg 768w, https:\/\/1001voyagesgourmands.com\/wp-content\/uploads\/2016\/09\/Jizni_Morava-20-780x516.jpg 780w, https:\/\/1001voyagesgourmands.com\/wp-content\/uploads\/2016\/09\/Jizni_Morava-20-585x388.jpg 585w\" sizes=\"auto, (max-width: 800px) 100vw, 800px\" \/> <img loading=\"lazy\" decoding=\"async\" class=\"alignleft size-full wp-image-11597\" src=\"http:\/\/1001voyagesgourmands.com\/wp-content\/uploads\/2016\/09\/Jizni_Morava-21.jpg\" alt=\"Ji\u017en\u00ed Morava m\u00e1 krom cyklostezek, z\u00e1mk\u016f a p\u0159\u00edrodn\u00edch kr\u00e1s tak\u00e9 ide\u00e1ln\u00ed podm\u00ednky pro p\u011bstov\u00e1n\u00ed vinn\u00e9 r\u00e9vy a tak si tu tak\u00e9 milovn\u00edci v\u00edna p\u0159ijdou na sv\u00e9.\" width=\"800\" height=\"530\" srcset=\"https:\/\/1001voyagesgourmands.com\/wp-content\/uploads\/2016\/09\/Jizni_Morava-21.jpg 800w, https:\/\/1001voyagesgourmands.com\/wp-content\/uploads\/2016\/09\/Jizni_Morava-21-263x175.jpg 263w, https:\/\/1001voyagesgourmands.com\/wp-content\/uploads\/2016\/09\/Jizni_Morava-21-300x199.jpg 300w, https:\/\/1001voyagesgourmands.com\/wp-content\/uploads\/2016\/09\/Jizni_Morava-21-768x509.jpg 768w, https:\/\/1001voyagesgourmands.com\/wp-content\/uploads\/2016\/09\/Jizni_Morava-21-780x516.jpg 780w, https:\/\/1001voyagesgourmands.com\/wp-content\/uploads\/2016\/09\/Jizni_Morava-21-585x388.jpg 585w\" sizes=\"auto, (max-width: 800px) 100vw, 800px\" \/><\/p>\n<p style=\"text-align: justify;\">&nbsp;<\/p>\n<p style=\"text-align: justify;\">Zaj\u00edmalo by m\u011b, jak\u00e9 vina\u0159sk\u00e9 oblasti jste v na Ji\u017en\u00ed Morav\u011b a v \u010cech\u00e1ch obecn\u011b nav\u0161t\u00edvili vy a zda m\u00e1te n\u011bjak\u00e1 doporu\u010den\u00ed? Dejte mi v\u011bd\u011bt prost\u0159ednictv\u00edm koment\u00e1\u0159\u016f pod \u010dl\u00e1nkem \ud83d\ude42<\/p>\n<p style=\"text-align: justify;\">&nbsp;<\/p>\n<p style=\"text-align: justify;\"><img loading=\"lazy\" decoding=\"async\" class=\"wp-image-11616 aligncenter\" src=\"http:\/\/1001voyagesgourmands.com\/wp-content\/uploads\/2016\/09\/Jizni_Morava-pin-683x1024.jpg\" alt=\"Ji\u017en\u00ed Morava m\u00e1 krom cyklostezek, z\u00e1mk\u016f a p\u0159\u00edrodn\u00edch kr\u00e1s tak\u00e9 ide\u00e1ln\u00ed podm\u00ednky pro p\u011bstov\u00e1n\u00ed vinn\u00e9 r\u00e9vy a tak si tu tak\u00e9 milovn\u00edci v\u00edna p\u0159ijdou na sv\u00e9.\" width=\"550\" height=\"825\" srcset=\"https:\/\/1001voyagesgourmands.com\/wp-content\/uploads\/2016\/09\/Jizni_Morava-pin-683x1024.jpg 683w, https:\/\/1001voyagesgourmands.com\/wp-content\/uploads\/2016\/09\/Jizni_Morava-pin-200x300.jpg 200w, https:\/\/1001voyagesgourmands.com\/wp-content\/uploads\/2016\/09\/Jizni_Morava-pin-585x877.jpg 585w, https:\/\/1001voyagesgourmands.com\/wp-content\/uploads\/2016\/09\/Jizni_Morava-pin.jpg 735w\" sizes=\"auto, (max-width: 550px) 100vw, 550px\" \/><\/p>\n","protected":false},"excerpt":{"rendered":"<p>Tento tok jsme se rozhodli vz\u00edt kola a str\u00e1vit p\u00e1r letn\u00edch dn\u00ed v&nbsp;domovin\u011b trochu sportovn\u011b s&nbsp;t\u00edm, \u017ee s&nbsp;m\u00fdm Belgi\u010danem prozkoum\u00e1me tak\u00e9 \u010desk\u00e1 v\u00edna. No a kam jinam ho za t\u00edmto \u00fa\u010delem vz\u00edt ne\u017e na Moravu! Ji\u017en\u00ed Morava m\u00e1 krom cyklostezek, z\u00e1mk\u016f a p\u0159\u00edrodn\u00edch kr\u00e1s tak\u00e9 ide\u00e1ln\u00ed podm\u00ednky pro p\u011bstov\u00e1n\u00ed vinn\u00e9&hellip;<\/p>\n","protected":false},"author":1,"featured_media":11577,"comment_status":"open","ping_status":"open","sticky":false,"template":"","format":"standard","meta":{"_exactmetrics_skip_tracking":false,"_exactmetrics_sitenote_active":false,"_exactmetrics_sitenote_note":"","_exactmetrics_sitenote_category":0,"_lmt_disableupdate":"","_lmt_disable":"","footnotes":""},"categories":[422,4],"tags":[423,257,328,372],"class_list":["post-11057","post","type-post","status-publish","format-standard","has-post-thumbnail","hentry","category-cechy-2","category-cestovani","tag-cechy","tag-vikendove-vylety","tag-vylety-do-mesta","tag-vylety-do-prirody"],"yoast_head":"<!-- This site is optimized with the Yoast SEO plugin v26.1.1 - https:\/\/yoast.com\/wordpress\/plugins\/seo\/ -->\n<title>V\u00fdlet za v\u00ednem na Ji\u017en\u00ed Moravu - 1001 Voyages Gourmands<\/title>\n<meta name=\"description\" content=\"Ji\u017en\u00ed Morava m\u00e1 krom cyklostezek, z\u00e1mk\u016f a p\u0159\u00edrodn\u00edch kr\u00e1s tak\u00e9 ide\u00e1ln\u00ed podm\u00ednky pro p\u011bstov\u00e1n\u00ed vinn\u00e9 r\u00e9vy a tak si tu tak\u00e9 milovn\u00edci v\u00edna p\u0159ijdou na sv\u00e9.\" \/>\n<meta name=\"robots\" content=\"index, follow, max-snippet:-1, max-image-preview:large, max-video-preview:-1\" \/>\n<link rel=\"canonical\" href=\"https:\/\/1001voyagesgourmands.com\/cs\/vylet-za-vinem-na-jizni-moravu\/\" \/>\n<meta property=\"og:locale\" content=\"cs_CZ\" \/>\n<meta property=\"og:type\" content=\"article\" \/>\n<meta property=\"og:title\" content=\"V\u00fdlet za v\u00ednem na Ji\u017en\u00ed Moravu - 1001 Voyages Gourmands\" \/>\n<meta property=\"og:description\" content=\"Ji\u017en\u00ed Morava m\u00e1 krom cyklostezek, z\u00e1mk\u016f a p\u0159\u00edrodn\u00edch kr\u00e1s tak\u00e9 ide\u00e1ln\u00ed podm\u00ednky pro p\u011bstov\u00e1n\u00ed vinn\u00e9 r\u00e9vy a tak si tu tak\u00e9 milovn\u00edci v\u00edna p\u0159ijdou na sv\u00e9.\" \/>\n<meta property=\"og:url\" content=\"https:\/\/1001voyagesgourmands.com\/cs\/vylet-za-vinem-na-jizni-moravu\/\" \/>\n<meta property=\"og:site_name\" content=\"1001 Voyages Gourmands\" \/>\n<meta property=\"article:publisher\" content=\"https:\/\/www.facebook.com\/1001voyagesgourmands\" \/>\n<meta property=\"article:published_time\" content=\"2016-09-19T06:00:31+00:00\" \/>\n<meta property=\"article:modified_time\" content=\"2019-02-27T17:37:09+00:00\" \/>\n<meta property=\"og:image\" content=\"https:\/\/1001voyagesgourmands.com\/wp-content\/uploads\/2016\/09\/Jizni_Morava-13.jpg\" \/>\n\t<meta property=\"og:image:width\" content=\"800\" \/>\n\t<meta property=\"og:image:height\" content=\"530\" \/>\n\t<meta property=\"og:image:type\" content=\"image\/jpeg\" \/>\n<meta name=\"author\" content=\"Michaela\" \/>\n<meta name=\"twitter:card\" content=\"summary_large_image\" \/>\n<meta name=\"twitter:creator\" content=\"@michaela_1001vg\" \/>\n<meta name=\"twitter:site\" content=\"@michaela_1001vg\" \/>\n<meta name=\"twitter:label1\" content=\"Napsal(a)\" \/>\n\t<meta name=\"twitter:data1\" content=\"Michaela\" \/>\n\t<meta name=\"twitter:label2\" content=\"Odhadovan\u00e1 doba \u010dten\u00ed\" \/>\n\t<meta name=\"twitter:data2\" content=\"6 minut\" \/>\n<script type=\"application\/ld+json\" class=\"yoast-schema-graph\">{\"@context\":\"https:\/\/schema.org\",\"@graph\":[{\"@type\":\"WebPage\",\"@id\":\"https:\/\/1001voyagesgourmands.com\/cs\/vylet-za-vinem-na-jizni-moravu\/\",\"url\":\"https:\/\/1001voyagesgourmands.com\/cs\/vylet-za-vinem-na-jizni-moravu\/\",\"name\":\"V\u00fdlet za v\u00ednem na Ji\u017en\u00ed Moravu - 1001 Voyages Gourmands\",\"isPartOf\":{\"@id\":\"https:\/\/1001voyagesgourmands.com\/cs\/#website\"},\"primaryImageOfPage\":{\"@id\":\"https:\/\/1001voyagesgourmands.com\/cs\/vylet-za-vinem-na-jizni-moravu\/#primaryimage\"},\"image\":{\"@id\":\"https:\/\/1001voyagesgourmands.com\/cs\/vylet-za-vinem-na-jizni-moravu\/#primaryimage\"},\"thumbnailUrl\":\"https:\/\/1001voyagesgourmands.com\/wp-content\/uploads\/2016\/09\/Jizni_Morava-13.jpg\",\"datePublished\":\"2016-09-19T06:00:31+00:00\",\"dateModified\":\"2019-02-27T17:37:09+00:00\",\"author\":{\"@id\":\"https:\/\/1001voyagesgourmands.com\/cs\/#\/schema\/person\/62e0e7238fcf7482b23bf83e1b72ff1b\"},\"description\":\"Ji\u017en\u00ed Morava m\u00e1 krom cyklostezek, z\u00e1mk\u016f a p\u0159\u00edrodn\u00edch kr\u00e1s tak\u00e9 ide\u00e1ln\u00ed podm\u00ednky pro p\u011bstov\u00e1n\u00ed vinn\u00e9 r\u00e9vy a tak si tu tak\u00e9 milovn\u00edci v\u00edna p\u0159ijdou na sv\u00e9.\",\"breadcrumb\":{\"@id\":\"https:\/\/1001voyagesgourmands.com\/cs\/vylet-za-vinem-na-jizni-moravu\/#breadcrumb\"},\"inLanguage\":\"cs\",\"potentialAction\":[{\"@type\":\"ReadAction\",\"target\":[\"https:\/\/1001voyagesgourmands.com\/cs\/vylet-za-vinem-na-jizni-moravu\/\"]}]},{\"@type\":\"ImageObject\",\"inLanguage\":\"cs\",\"@id\":\"https:\/\/1001voyagesgourmands.com\/cs\/vylet-za-vinem-na-jizni-moravu\/#primaryimage\",\"url\":\"https:\/\/1001voyagesgourmands.com\/wp-content\/uploads\/2016\/09\/Jizni_Morava-13.jpg\",\"contentUrl\":\"https:\/\/1001voyagesgourmands.com\/wp-content\/uploads\/2016\/09\/Jizni_Morava-13.jpg\",\"width\":800,\"height\":530,\"caption\":\"Ji\u017en\u00ed Morava m\u00e1 krom cyklostezek, z\u00e1mk\u016f a p\u0159\u00edrodn\u00edch kr\u00e1s tak\u00e9 ide\u00e1ln\u00ed podm\u00ednky pro p\u011bstov\u00e1n\u00ed vinn\u00e9 r\u00e9vy a tak si tu tak\u00e9 milovn\u00edci v\u00edna p\u0159ijdou na sv\u00e9.\"},{\"@type\":\"BreadcrumbList\",\"@id\":\"https:\/\/1001voyagesgourmands.com\/cs\/vylet-za-vinem-na-jizni-moravu\/#breadcrumb\",\"itemListElement\":[{\"@type\":\"ListItem\",\"position\":1,\"name\":\"Dom\u016f\",\"item\":\"https:\/\/1001voyagesgourmands.com\/cs\/\"},{\"@type\":\"ListItem\",\"position\":2,\"name\":\"V\u00fdlet za v\u00ednem na Ji\u017en\u00ed Moravu\"}]},{\"@type\":\"WebSite\",\"@id\":\"https:\/\/1001voyagesgourmands.com\/cs\/#website\",\"url\":\"https:\/\/1001voyagesgourmands.com\/cs\/\",\"name\":\"1001 Voyages Gourmands\",\"description\":\"Food | Travel | Photography\",\"potentialAction\":[{\"@type\":\"SearchAction\",\"target\":{\"@type\":\"EntryPoint\",\"urlTemplate\":\"https:\/\/1001voyagesgourmands.com\/cs\/?s={search_term_string}\"},\"query-input\":{\"@type\":\"PropertyValueSpecification\",\"valueRequired\":true,\"valueName\":\"search_term_string\"}}],\"inLanguage\":\"cs\"},{\"@type\":\"Person\",\"@id\":\"https:\/\/1001voyagesgourmands.com\/cs\/#\/schema\/person\/62e0e7238fcf7482b23bf83e1b72ff1b\",\"name\":\"Michaela\",\"image\":{\"@type\":\"ImageObject\",\"inLanguage\":\"cs\",\"@id\":\"https:\/\/1001voyagesgourmands.com\/cs\/#\/schema\/person\/image\/\",\"url\":\"https:\/\/secure.gravatar.com\/avatar\/73fa562a5b0ce269ca480f67de504b8ecac054a121d170e226f1b79e02024cb8?s=96&d=mm&r=g\",\"contentUrl\":\"https:\/\/secure.gravatar.com\/avatar\/73fa562a5b0ce269ca480f67de504b8ecac054a121d170e226f1b79e02024cb8?s=96&d=mm&r=g\",\"caption\":\"Michaela\"},\"sameAs\":[\"http:\/\/1001voyagesgourmands.com\"]}]}<\/script>\n<!-- \/ Yoast SEO plugin. -->","yoast_head_json":{"title":"V\u00fdlet za v\u00ednem na Ji\u017en\u00ed Moravu - 1001 Voyages Gourmands","description":"Ji\u017en\u00ed Morava m\u00e1 krom cyklostezek, z\u00e1mk\u016f a p\u0159\u00edrodn\u00edch kr\u00e1s tak\u00e9 ide\u00e1ln\u00ed podm\u00ednky pro p\u011bstov\u00e1n\u00ed vinn\u00e9 r\u00e9vy a tak si tu tak\u00e9 milovn\u00edci v\u00edna p\u0159ijdou na sv\u00e9.","robots":{"index":"index","follow":"follow","max-snippet":"max-snippet:-1","max-image-preview":"max-image-preview:large","max-video-preview":"max-video-preview:-1"},"canonical":"https:\/\/1001voyagesgourmands.com\/cs\/vylet-za-vinem-na-jizni-moravu\/","og_locale":"cs_CZ","og_type":"article","og_title":"V\u00fdlet za v\u00ednem na Ji\u017en\u00ed Moravu - 1001 Voyages Gourmands","og_description":"Ji\u017en\u00ed Morava m\u00e1 krom cyklostezek, z\u00e1mk\u016f a p\u0159\u00edrodn\u00edch kr\u00e1s tak\u00e9 ide\u00e1ln\u00ed podm\u00ednky pro p\u011bstov\u00e1n\u00ed vinn\u00e9 r\u00e9vy a tak si tu tak\u00e9 milovn\u00edci v\u00edna p\u0159ijdou na sv\u00e9.","og_url":"https:\/\/1001voyagesgourmands.com\/cs\/vylet-za-vinem-na-jizni-moravu\/","og_site_name":"1001 Voyages Gourmands","article_publisher":"https:\/\/www.facebook.com\/1001voyagesgourmands","article_published_time":"2016-09-19T06:00:31+00:00","article_modified_time":"2019-02-27T17:37:09+00:00","og_image":[{"width":800,"height":530,"url":"https:\/\/1001voyagesgourmands.com\/wp-content\/uploads\/2016\/09\/Jizni_Morava-13.jpg","type":"image\/jpeg"}],"author":"Michaela","twitter_card":"summary_large_image","twitter_creator":"@michaela_1001vg","twitter_site":"@michaela_1001vg","twitter_misc":{"Napsal(a)":"Michaela","Odhadovan\u00e1 doba \u010dten\u00ed":"6 minut"},"schema":{"@context":"https:\/\/schema.org","@graph":[{"@type":"WebPage","@id":"https:\/\/1001voyagesgourmands.com\/cs\/vylet-za-vinem-na-jizni-moravu\/","url":"https:\/\/1001voyagesgourmands.com\/cs\/vylet-za-vinem-na-jizni-moravu\/","name":"V\u00fdlet za v\u00ednem na Ji\u017en\u00ed Moravu - 1001 Voyages Gourmands","isPartOf":{"@id":"https:\/\/1001voyagesgourmands.com\/cs\/#website"},"primaryImageOfPage":{"@id":"https:\/\/1001voyagesgourmands.com\/cs\/vylet-za-vinem-na-jizni-moravu\/#primaryimage"},"image":{"@id":"https:\/\/1001voyagesgourmands.com\/cs\/vylet-za-vinem-na-jizni-moravu\/#primaryimage"},"thumbnailUrl":"https:\/\/1001voyagesgourmands.com\/wp-content\/uploads\/2016\/09\/Jizni_Morava-13.jpg","datePublished":"2016-09-19T06:00:31+00:00","dateModified":"2019-02-27T17:37:09+00:00","author":{"@id":"https:\/\/1001voyagesgourmands.com\/cs\/#\/schema\/person\/62e0e7238fcf7482b23bf83e1b72ff1b"},"description":"Ji\u017en\u00ed Morava m\u00e1 krom cyklostezek, z\u00e1mk\u016f a p\u0159\u00edrodn\u00edch kr\u00e1s tak\u00e9 ide\u00e1ln\u00ed podm\u00ednky pro p\u011bstov\u00e1n\u00ed vinn\u00e9 r\u00e9vy a tak si tu tak\u00e9 milovn\u00edci v\u00edna p\u0159ijdou na sv\u00e9.","breadcrumb":{"@id":"https:\/\/1001voyagesgourmands.com\/cs\/vylet-za-vinem-na-jizni-moravu\/#breadcrumb"},"inLanguage":"cs","potentialAction":[{"@type":"ReadAction","target":["https:\/\/1001voyagesgourmands.com\/cs\/vylet-za-vinem-na-jizni-moravu\/"]}]},{"@type":"ImageObject","inLanguage":"cs","@id":"https:\/\/1001voyagesgourmands.com\/cs\/vylet-za-vinem-na-jizni-moravu\/#primaryimage","url":"https:\/\/1001voyagesgourmands.com\/wp-content\/uploads\/2016\/09\/Jizni_Morava-13.jpg","contentUrl":"https:\/\/1001voyagesgourmands.com\/wp-content\/uploads\/2016\/09\/Jizni_Morava-13.jpg","width":800,"height":530,"caption":"Ji\u017en\u00ed Morava m\u00e1 krom cyklostezek, z\u00e1mk\u016f a p\u0159\u00edrodn\u00edch kr\u00e1s tak\u00e9 ide\u00e1ln\u00ed podm\u00ednky pro p\u011bstov\u00e1n\u00ed vinn\u00e9 r\u00e9vy a tak si tu tak\u00e9 milovn\u00edci v\u00edna p\u0159ijdou na sv\u00e9."},{"@type":"BreadcrumbList","@id":"https:\/\/1001voyagesgourmands.com\/cs\/vylet-za-vinem-na-jizni-moravu\/#breadcrumb","itemListElement":[{"@type":"ListItem","position":1,"name":"Dom\u016f","item":"https:\/\/1001voyagesgourmands.com\/cs\/"},{"@type":"ListItem","position":2,"name":"V\u00fdlet za v\u00ednem na Ji\u017en\u00ed Moravu"}]},{"@type":"WebSite","@id":"https:\/\/1001voyagesgourmands.com\/cs\/#website","url":"https:\/\/1001voyagesgourmands.com\/cs\/","name":"1001 Voyages Gourmands","description":"Food | Travel | Photography","potentialAction":[{"@type":"SearchAction","target":{"@type":"EntryPoint","urlTemplate":"https:\/\/1001voyagesgourmands.com\/cs\/?s={search_term_string}"},"query-input":{"@type":"PropertyValueSpecification","valueRequired":true,"valueName":"search_term_string"}}],"inLanguage":"cs"},{"@type":"Person","@id":"https:\/\/1001voyagesgourmands.com\/cs\/#\/schema\/person\/62e0e7238fcf7482b23bf83e1b72ff1b","name":"Michaela","image":{"@type":"ImageObject","inLanguage":"cs","@id":"https:\/\/1001voyagesgourmands.com\/cs\/#\/schema\/person\/image\/","url":"https:\/\/secure.gravatar.com\/avatar\/73fa562a5b0ce269ca480f67de504b8ecac054a121d170e226f1b79e02024cb8?s=96&d=mm&r=g","contentUrl":"https:\/\/secure.gravatar.com\/avatar\/73fa562a5b0ce269ca480f67de504b8ecac054a121d170e226f1b79e02024cb8?s=96&d=mm&r=g","caption":"Michaela"},"sameAs":["http:\/\/1001voyagesgourmands.com"]}]}},"_links":{"self":[{"href":"https:\/\/1001voyagesgourmands.com\/cs\/wp-json\/wp\/v2\/posts\/11057","targetHints":{"allow":["GET"]}}],"collection":[{"href":"https:\/\/1001voyagesgourmands.com\/cs\/wp-json\/wp\/v2\/posts"}],"about":[{"href":"https:\/\/1001voyagesgourmands.com\/cs\/wp-json\/wp\/v2\/types\/post"}],"author":[{"embeddable":true,"href":"https:\/\/1001voyagesgourmands.com\/cs\/wp-json\/wp\/v2\/users\/1"}],"replies":[{"embeddable":true,"href":"https:\/\/1001voyagesgourmands.com\/cs\/wp-json\/wp\/v2\/comments?post=11057"}],"version-history":[{"count":2,"href":"https:\/\/1001voyagesgourmands.com\/cs\/wp-json\/wp\/v2\/posts\/11057\/revisions"}],"predecessor-version":[{"id":24287,"href":"https:\/\/1001voyagesgourmands.com\/cs\/wp-json\/wp\/v2\/posts\/11057\/revisions\/24287"}],"wp:featuredmedia":[{"embeddable":true,"href":"https:\/\/1001voyagesgourmands.com\/cs\/wp-json\/wp\/v2\/media\/11577"}],"wp:attachment":[{"href":"https:\/\/1001voyagesgourmands.com\/cs\/wp-json\/wp\/v2\/media?parent=11057"}],"wp:term":[{"taxonomy":"category","embeddable":true,"href":"https:\/\/1001voyagesgourmands.com\/cs\/wp-json\/wp\/v2\/categories?post=11057"},{"taxonomy":"post_tag","embeddable":true,"href":"https:\/\/1001voyagesgourmands.com\/cs\/wp-json\/wp\/v2\/tags?post=11057"}],"curies":[{"name":"wp","href":"https:\/\/api.w.org\/{rel}","templated":true}]}}