{"id":1086,"date":"2015-04-12T21:13:04","date_gmt":"2015-04-12T21:13:04","guid":{"rendered":"http:\/\/voyagegourmand.org\/?p=1086"},"modified":"2016-04-26T23:53:15","modified_gmt":"2016-04-26T21:53:15","slug":"tenerife-na-vrchol-nejvyssiho-bodu-spanelska","status":"publish","type":"post","link":"https:\/\/1001voyagesgourmands.com\/cs\/tenerife-na-vrchol-nejvyssiho-bodu-spanelska\/","title":{"rendered":"Tenerife &#8211; na vrchol nejvy\u0161\u0161\u00edho bodu \u0160pan\u011blska"},"content":{"rendered":"<p style=\"text-align: justify;\">To bylo takhle jednou na ja\u0159e&#8230; sedli jsme si se dv\u011bma kamar\u00e1dy, co by n\u011bkam jeli na p\u00e1r dn\u00ed, kdy\u017e m\u00e1me v kv\u011btnu voln\u00e9 4 dny. Bylo n\u00e1m celkem fuk kam, prost\u011b jsme cht\u011bli vypadnout n\u011bkam do hezk\u00e9 p\u0159\u00edrody a objevit nov\u00fd kout sv\u011bta. Vy\u0161lo z toho Tenerife.<\/p>\n<p style=\"text-align: justify;\">Tenerife je nejv\u011bt\u0161\u00edm ostrovem Kan\u00e1rsk\u00fdch ostrov\u016f, pat\u0159\u00edc\u00edm ke \u0160pan\u011blsku a le\u017e\u00edc\u00edm v Atlantick\u00e9m oce\u00e1nu, p\u0159ibli\u017en\u011b 100 km od&nbsp;pob\u0159e\u017e\u00ed Maroka.&nbsp;Ostrovy jsou sope\u010dn\u00e9ho p\u016fvodu, o \u010dem\u017e vypov\u00edd\u00e1 m\u00edstn\u00ed krajina, je\u017e m\u00edsty p\u0159ipom\u00edn\u00e1 m\u011bs\u00ed\u010dn\u00ed krajinu, nebo i \u010dern\u00fd p\u00edsek na n\u011bkter\u00fdch pl\u00e1\u017e\u00edch. Na ostrov\u011b najdete nejvy\u0161\u0161\u00ed bod \u0160pan\u011blska, Pico del Teide (3718 m n.m.), le\u017e\u00edc\u00ed v n\u00e1rodn\u00edm parku El Teide.<\/p>\n<p style=\"text-align: justify;\"><a href=\"http:\/\/1001voyagesgourmands.com\/?p=1086\"><img loading=\"lazy\" decoding=\"async\" class=\"aligncenter wp-image-1239 \" src=\"http:\/\/1001voyagesgourmands.com\/wp-content\/uploads\/2015\/04\/dscn9560-1024x768.jpg\" alt=\"N\u00e1rodn\u00ed park El Teide, v pozad\u00ed se ty\u010d\u00ed sopka Pico del Teide\" width=\"891\" height=\"668\" srcset=\"https:\/\/1001voyagesgourmands.com\/wp-content\/uploads\/2015\/04\/dscn9560-1024x768.jpg 1024w, https:\/\/1001voyagesgourmands.com\/wp-content\/uploads\/2015\/04\/dscn9560-300x225.jpg 300w, https:\/\/1001voyagesgourmands.com\/wp-content\/uploads\/2015\/04\/dscn9560-768x576.jpg 768w, https:\/\/1001voyagesgourmands.com\/wp-content\/uploads\/2015\/04\/dscn9560-1170x878.jpg 1170w, https:\/\/1001voyagesgourmands.com\/wp-content\/uploads\/2015\/04\/dscn9560-1920x1440.jpg 1920w, https:\/\/1001voyagesgourmands.com\/wp-content\/uploads\/2015\/04\/dscn9560-585x439.jpg 585w\" sizes=\"auto, (max-width: 891px) 100vw, 891px\" \/><\/a><br \/>\nLet\u011bli jsme z Bruselu p\u0159ibli\u017en\u011b 5 hodin. Hned na leti\u0161ti jsme si pronajali auto a jeli do hotelu. Kamar\u00e1d sehnal n\u011bjak v\u00fdhodn\u011b \u00fa\u017easn\u00fd&nbsp;hotel p\u0159\u00edmo u pl\u00e1\u017ee, kde n\u00e1m p\u016fvodn\u011b omylem p\u0159id\u011blili \u0161patn\u00fd pokoj, a pak jako omluvu rovnou apartm\u00e1n pro 6 (my byli 3) s dlouh\u00fdm balkonem a v\u00fdhledem na mo\u0159e. Takov\u00e1 omluva mi dok\u00e1\u017ee zcela vygumovat dlouh\u00e9 \u010dek\u00e1n\u00ed a probl\u00e9my spojen\u00e9 s po\u010d\u00e1te\u010dn\u00ed frustrac\u00ed \ud83d\ude09<\/p>\n<p><img loading=\"lazy\" decoding=\"async\" class=\"aligncenter size-large wp-image-1416\" src=\"http:\/\/1001voyagesgourmands.com\/wp-content\/uploads\/2015\/04\/DSCN9477-1024x777.jpg\" alt=\"\" width=\"1024\" height=\"777\" srcset=\"https:\/\/1001voyagesgourmands.com\/wp-content\/uploads\/2015\/04\/DSCN9477-1024x777.jpg 1024w, https:\/\/1001voyagesgourmands.com\/wp-content\/uploads\/2015\/04\/DSCN9477-300x228.jpg 300w, https:\/\/1001voyagesgourmands.com\/wp-content\/uploads\/2015\/04\/DSCN9477-768x582.jpg 768w, https:\/\/1001voyagesgourmands.com\/wp-content\/uploads\/2015\/04\/DSCN9477-1170x887.jpg 1170w, https:\/\/1001voyagesgourmands.com\/wp-content\/uploads\/2015\/04\/DSCN9477-1920x1456.jpg 1920w, https:\/\/1001voyagesgourmands.com\/wp-content\/uploads\/2015\/04\/DSCN9477-585x444.jpg 585w\" sizes=\"auto, (max-width: 1024px) 100vw, 1024px\" \/><img loading=\"lazy\" decoding=\"async\" class=\"aligncenter size-large wp-image-1413\" src=\"http:\/\/1001voyagesgourmands.com\/wp-content\/uploads\/2015\/04\/DSCN9470-1024x768.jpg\" alt=\"\" width=\"1024\" height=\"768\" srcset=\"https:\/\/1001voyagesgourmands.com\/wp-content\/uploads\/2015\/04\/DSCN9470-1024x768.jpg 1024w, https:\/\/1001voyagesgourmands.com\/wp-content\/uploads\/2015\/04\/DSCN9470-300x225.jpg 300w, https:\/\/1001voyagesgourmands.com\/wp-content\/uploads\/2015\/04\/DSCN9470-768x576.jpg 768w, https:\/\/1001voyagesgourmands.com\/wp-content\/uploads\/2015\/04\/DSCN9470-1170x878.jpg 1170w, https:\/\/1001voyagesgourmands.com\/wp-content\/uploads\/2015\/04\/DSCN9470-1920x1440.jpg 1920w, https:\/\/1001voyagesgourmands.com\/wp-content\/uploads\/2015\/04\/DSCN9470-585x439.jpg 585w\" sizes=\"auto, (max-width: 1024px) 100vw, 1024px\" \/><img loading=\"lazy\" decoding=\"async\" class=\"aligncenter size-large wp-image-1410\" src=\"http:\/\/1001voyagesgourmands.com\/wp-content\/uploads\/2015\/04\/DSCN9469-\u2013-kopie-1024x768.jpg\" alt=\"\" width=\"1024\" height=\"768\" srcset=\"https:\/\/1001voyagesgourmands.com\/wp-content\/uploads\/2015\/04\/DSCN9469-\u2013-kopie-1024x768.jpg 1024w, https:\/\/1001voyagesgourmands.com\/wp-content\/uploads\/2015\/04\/DSCN9469-\u2013-kopie-300x225.jpg 300w, https:\/\/1001voyagesgourmands.com\/wp-content\/uploads\/2015\/04\/DSCN9469-\u2013-kopie-768x576.jpg 768w, https:\/\/1001voyagesgourmands.com\/wp-content\/uploads\/2015\/04\/DSCN9469-\u2013-kopie-1170x878.jpg 1170w, https:\/\/1001voyagesgourmands.com\/wp-content\/uploads\/2015\/04\/DSCN9469-\u2013-kopie-1920x1440.jpg 1920w, https:\/\/1001voyagesgourmands.com\/wp-content\/uploads\/2015\/04\/DSCN9469-\u2013-kopie-585x439.jpg 585w\" sizes=\"auto, (max-width: 1024px) 100vw, 1024px\" \/><\/p>\n<p style=\"text-align: justify;\">Jak je patrn\u00e9 z fotek na\u0161eho p\u0159\u00edbytku, probuzen\u00ed bylo naprosto luxusn\u00ed! Kr\u00e1tce po sn\u00eddani vyr\u00e1\u017e\u00edme na prozkoum\u00e1v\u00e1n\u00ed ostrova.<\/p>\n<p style=\"text-align: justify;\">Prvn\u00ed den se vyd\u00e1v\u00e1me na v\u00fdchodn\u00ed pob\u0159e\u017e\u00ed ostrova. Jako prvn\u00ed m\u00edj\u00edme&nbsp;<span style=\"color: #54c499;\"><strong>pyramidy v m\u011bste\u010dku G\u00fc\u00edmar<\/strong><\/span>.&nbsp;Jedn\u00e1 se o etnologick\u00fd park se \u0161esti pyramidami postaven\u00fdmi&nbsp;z l\u00e1vov\u00fdch kamen\u016f. Kdy byly postaveny se p\u0159esn\u011b nev\u00ed a kolem jejich p\u016fvodu je dost spekulac\u00ed. (Dovnit\u0159 jsme ne\u0161li, jeliko\u017e n\u00e1s \u010dekal nabit\u00fd program, tak\u017ee v\u00e1m je p\u0159esn\u011bji nepop\u00ed\u0161u.)<\/p>\n<p style=\"text-align: justify;\"><img loading=\"lazy\" decoding=\"async\" class=\"aligncenter wp-image-1092 \" title=\"Pyramidy G\u00fc\u00edmar\" src=\"https:\/\/voyagegourmanddotorg.files.wordpress.com\/2015\/04\/dscn9355.jpg?w=660\" alt=\"\" width=\"969\" height=\"727\"><\/p>\n<p style=\"text-align: justify;\">&nbsp;<\/p>\n<p style=\"text-align: justify;\">Pokra\u010dujeme sm\u011brem <span style=\"color: #dc0a39;\"><span style=\"color: #000000;\">pl\u00e1\u017e<\/span><span style=\"color: #54c499;\"><strong> Las Teresitas<\/strong><\/span><\/span> na koup\u00e1n\u00ed.&nbsp;Vzhledem k tomu, \u017ee dopoledne bylo dost o\u0161klivo, se to po ob\u011bd\u011b vy\u010dasilo. Na pl\u00e1\u017ei je p\u011bkn\u011b, jsou tam st\u00e1nky, kde m\u00edchaj\u00ed koktejly a hrajou latinsko-americkou hudbu &#8211; bailamos!!<\/p>\n<p style=\"text-align: justify;\"><img loading=\"lazy\" decoding=\"async\" class=\"aligncenter wp-image-1094 \" title=\"Las Teresitas\" src=\"https:\/\/voyagegourmanddotorg.files.wordpress.com\/2015\/04\/dscn9436.jpg?w=660\" alt=\"Las Teresitas\" width=\"1001\" height=\"751\"><\/p>\n<p style=\"text-align: justify;\">Ve\u010der jsme si pak pro\u0161li hlavn\u00ed m\u011bsto ostrova, <span style=\"color: #54c499;\"><strong>Santa Cruz de Tenerife<\/strong><\/span>. Plno obchod\u016f, bar\u016f a restaurac\u00ed. Za\u0161li jsme na ve\u010de\u0159i, a jeliko\u017e nem\u011bli \u017e\u00e1dn\u00e9 vegetari\u00e1nsk\u00e9 j\u00eddlo, byla jsem nucena d\u00e1t si rybu&#8230; No co, ob\u010das jsem si j\u00ed v zim\u011b dala, kdy\u017e si o n\u00ed t\u011blo \u0159eklo, ale stejn\u011b mi to bylo trochu proti srsti. Ryba byla dle m\u00e9ho p\u0159esolen\u00e1, tak\u017ee nic moc.<\/p>\n<p><img loading=\"lazy\" decoding=\"async\" class=\"aligncenter size-large wp-image-1165\" src=\"http:\/\/1001voyagesgourmands.com\/wp-content\/uploads\/2015\/04\/sam_97582-1024x576.jpg\" alt=\"Santa Cruz de Tenerife\" width=\"1024\" height=\"576\" srcset=\"https:\/\/1001voyagesgourmands.com\/wp-content\/uploads\/2015\/04\/sam_97582-1024x576.jpg 1024w, https:\/\/1001voyagesgourmands.com\/wp-content\/uploads\/2015\/04\/sam_97582-300x169.jpg 300w, https:\/\/1001voyagesgourmands.com\/wp-content\/uploads\/2015\/04\/sam_97582-768x432.jpg 768w, https:\/\/1001voyagesgourmands.com\/wp-content\/uploads\/2015\/04\/sam_97582-1170x658.jpg 1170w, https:\/\/1001voyagesgourmands.com\/wp-content\/uploads\/2015\/04\/sam_97582-1920x1080.jpg 1920w, https:\/\/1001voyagesgourmands.com\/wp-content\/uploads\/2015\/04\/sam_97582-585x329.jpg 585w\" sizes=\"auto, (max-width: 1024px) 100vw, 1024px\" \/><img loading=\"lazy\" decoding=\"async\" class=\"aligncenter size-large wp-image-1407\" src=\"http:\/\/1001voyagesgourmands.com\/wp-content\/uploads\/2015\/04\/DSCN9450-1024x768.jpg\" alt=\"\" width=\"1024\" height=\"768\" srcset=\"https:\/\/1001voyagesgourmands.com\/wp-content\/uploads\/2015\/04\/DSCN9450-1024x768.jpg 1024w, https:\/\/1001voyagesgourmands.com\/wp-content\/uploads\/2015\/04\/DSCN9450-300x225.jpg 300w, https:\/\/1001voyagesgourmands.com\/wp-content\/uploads\/2015\/04\/DSCN9450-768x576.jpg 768w, https:\/\/1001voyagesgourmands.com\/wp-content\/uploads\/2015\/04\/DSCN9450-1170x878.jpg 1170w, https:\/\/1001voyagesgourmands.com\/wp-content\/uploads\/2015\/04\/DSCN9450-1920x1440.jpg 1920w, https:\/\/1001voyagesgourmands.com\/wp-content\/uploads\/2015\/04\/DSCN9450-585x439.jpg 585w\" sizes=\"auto, (max-width: 1024px) 100vw, 1024px\" \/><\/p>\n<p style=\"text-align: justify;\">&nbsp;<\/p>\n<p style=\"text-align: justify;\">Druh\u00fd den r\u00e1no vst\u00e1v\u00e1me a vyd\u00e1v\u00e1me se do <span style=\"color: #54c499;\"><strong>n\u00e1rodn\u00edho parku El Teide<\/strong><\/span> a na v\u00fd\u0161lap na sopku. Kone\u010dn\u011b uvid\u00edm sopku, a co v\u00edc, vylezu na n\u00ed (nebo sp\u00ed\u0161 budu vyvezena lanovkou)! Jsem \u0161\u00edlen\u011b \u0161\u0165astn\u00e1 a kluci jsou tak\u00e9 motivovan\u00ed&#8230;<\/p>\n<p style=\"text-align: justify;\"><img loading=\"lazy\" decoding=\"async\" class=\"aligncenter size-large wp-image-1273\" src=\"http:\/\/1001voyagesgourmands.com\/wp-content\/uploads\/2015\/04\/dscn95132-1024x768.jpg\" alt=\"\" width=\"1024\" height=\"768\" srcset=\"https:\/\/1001voyagesgourmands.com\/wp-content\/uploads\/2015\/04\/dscn95132-1024x768.jpg 1024w, https:\/\/1001voyagesgourmands.com\/wp-content\/uploads\/2015\/04\/dscn95132-300x225.jpg 300w, https:\/\/1001voyagesgourmands.com\/wp-content\/uploads\/2015\/04\/dscn95132-768x576.jpg 768w, https:\/\/1001voyagesgourmands.com\/wp-content\/uploads\/2015\/04\/dscn95132-1170x878.jpg 1170w, https:\/\/1001voyagesgourmands.com\/wp-content\/uploads\/2015\/04\/dscn95132-1920x1440.jpg 1920w, https:\/\/1001voyagesgourmands.com\/wp-content\/uploads\/2015\/04\/dscn95132-585x439.jpg 585w\" sizes=\"auto, (max-width: 1024px) 100vw, 1024px\" \/><img loading=\"lazy\" decoding=\"async\" class=\"aligncenter size-large wp-image-1778\" src=\"http:\/\/1001voyagesgourmands.com\/wp-content\/uploads\/2015\/04\/DSCN9525-1024x632.jpg\" alt=\"\" width=\"1024\" height=\"632\" srcset=\"https:\/\/1001voyagesgourmands.com\/wp-content\/uploads\/2015\/04\/DSCN9525-1024x632.jpg 1024w, https:\/\/1001voyagesgourmands.com\/wp-content\/uploads\/2015\/04\/DSCN9525-300x185.jpg 300w, https:\/\/1001voyagesgourmands.com\/wp-content\/uploads\/2015\/04\/DSCN9525-768x474.jpg 768w, https:\/\/1001voyagesgourmands.com\/wp-content\/uploads\/2015\/04\/DSCN9525-1170x722.jpg 1170w, https:\/\/1001voyagesgourmands.com\/wp-content\/uploads\/2015\/04\/DSCN9525-1920x1184.jpg 1920w, https:\/\/1001voyagesgourmands.com\/wp-content\/uploads\/2015\/04\/DSCN9525-585x361.jpg 585w\" sizes=\"auto, (max-width: 1024px) 100vw, 1024px\" \/><img loading=\"lazy\" decoding=\"async\" class=\"aligncenter size-large wp-image-1782\" src=\"http:\/\/1001voyagesgourmands.com\/wp-content\/uploads\/2015\/04\/DSCN9605-1024x768.jpg\" alt=\"\" width=\"1024\" height=\"768\" srcset=\"https:\/\/1001voyagesgourmands.com\/wp-content\/uploads\/2015\/04\/DSCN9605-1024x768.jpg 1024w, https:\/\/1001voyagesgourmands.com\/wp-content\/uploads\/2015\/04\/DSCN9605-300x225.jpg 300w, https:\/\/1001voyagesgourmands.com\/wp-content\/uploads\/2015\/04\/DSCN9605-768x576.jpg 768w, https:\/\/1001voyagesgourmands.com\/wp-content\/uploads\/2015\/04\/DSCN9605-1170x878.jpg 1170w, https:\/\/1001voyagesgourmands.com\/wp-content\/uploads\/2015\/04\/DSCN9605-1920x1440.jpg 1920w, https:\/\/1001voyagesgourmands.com\/wp-content\/uploads\/2015\/04\/DSCN9605-585x439.jpg 585w\" sizes=\"auto, (max-width: 1024px) 100vw, 1024px\" \/><img loading=\"lazy\" decoding=\"async\" class=\"aligncenter size-large wp-image-1780\" src=\"http:\/\/1001voyagesgourmands.com\/wp-content\/uploads\/2015\/04\/DSCN9588-1024x768.jpg\" alt=\"\" width=\"1024\" height=\"768\" srcset=\"https:\/\/1001voyagesgourmands.com\/wp-content\/uploads\/2015\/04\/DSCN9588-1024x768.jpg 1024w, https:\/\/1001voyagesgourmands.com\/wp-content\/uploads\/2015\/04\/DSCN9588-300x225.jpg 300w, https:\/\/1001voyagesgourmands.com\/wp-content\/uploads\/2015\/04\/DSCN9588-768x576.jpg 768w, https:\/\/1001voyagesgourmands.com\/wp-content\/uploads\/2015\/04\/DSCN9588-1170x878.jpg 1170w, https:\/\/1001voyagesgourmands.com\/wp-content\/uploads\/2015\/04\/DSCN9588-1920x1440.jpg 1920w, https:\/\/1001voyagesgourmands.com\/wp-content\/uploads\/2015\/04\/DSCN9588-585x439.jpg 585w\" sizes=\"auto, (max-width: 1024px) 100vw, 1024px\" \/><img loading=\"lazy\" decoding=\"async\" class=\"aligncenter size-large wp-image-1240\" src=\"http:\/\/1001voyagesgourmands.com\/wp-content\/uploads\/2015\/04\/dscn9585-1024x768.jpg\" alt=\"\" width=\"1024\" height=\"768\" srcset=\"https:\/\/1001voyagesgourmands.com\/wp-content\/uploads\/2015\/04\/dscn9585-1024x768.jpg 1024w, https:\/\/1001voyagesgourmands.com\/wp-content\/uploads\/2015\/04\/dscn9585-300x225.jpg 300w, https:\/\/1001voyagesgourmands.com\/wp-content\/uploads\/2015\/04\/dscn9585-768x576.jpg 768w, https:\/\/1001voyagesgourmands.com\/wp-content\/uploads\/2015\/04\/dscn9585-1170x878.jpg 1170w, https:\/\/1001voyagesgourmands.com\/wp-content\/uploads\/2015\/04\/dscn9585-1920x1440.jpg 1920w, https:\/\/1001voyagesgourmands.com\/wp-content\/uploads\/2015\/04\/dscn9585-585x439.jpg 585w\" sizes=\"auto, (max-width: 1024px) 100vw, 1024px\" \/><img loading=\"lazy\" decoding=\"async\" class=\"aligncenter size-large wp-image-1282\" src=\"http:\/\/1001voyagesgourmands.com\/wp-content\/uploads\/2015\/04\/dscn9533-1024x768.jpg\" alt=\"\" width=\"1024\" height=\"768\" srcset=\"https:\/\/1001voyagesgourmands.com\/wp-content\/uploads\/2015\/04\/dscn9533-1024x768.jpg 1024w, https:\/\/1001voyagesgourmands.com\/wp-content\/uploads\/2015\/04\/dscn9533-300x225.jpg 300w, https:\/\/1001voyagesgourmands.com\/wp-content\/uploads\/2015\/04\/dscn9533-768x576.jpg 768w, https:\/\/1001voyagesgourmands.com\/wp-content\/uploads\/2015\/04\/dscn9533-1170x878.jpg 1170w, https:\/\/1001voyagesgourmands.com\/wp-content\/uploads\/2015\/04\/dscn9533-1920x1440.jpg 1920w, https:\/\/1001voyagesgourmands.com\/wp-content\/uploads\/2015\/04\/dscn9533-585x439.jpg 585w\" sizes=\"auto, (max-width: 1024px) 100vw, 1024px\" \/><\/p>\n<p style=\"text-align: justify;\">Stoup\u00e1me v\u00fd\u0161 a v\u00fd\u0161 a postupn\u011b se dost\u00e1v\u00e1me nad mraky, ten vzduch, ta nekompromisn\u011b modr\u00e1 obloha &#8211; tohle se v Belgii hned tak nevid\u00ed. Ano, jsem tady a te\u010f opravdu hrozn\u011b \u0161\u0165astn\u00e1! U\u017e\u00edv\u00e1m si ka\u017ed\u00fd mal\u00fd moment a douf\u00e1m, \u017ee hned tak neskon\u010d\u00ed&#8230;<\/p>\n<p style=\"text-align: justify;\"><img loading=\"lazy\" decoding=\"async\" class=\"wp-image-1146 aligncenter\" src=\"https:\/\/voyagegourmanddotorg.files.wordpress.com\/2015\/04\/sam_9893.jpg?w=660\" alt=\"\" width=\"1016\" height=\"571\"><\/p>\n<p style=\"text-align: justify;\">&nbsp;<\/p>\n<p style=\"text-align: justify;\">A kone\u010dn\u011b, tady je na\u0161e <span style=\"color: #54c499;\"><strong>sopka Pico del Teide<\/strong><\/span>! Je to komplex dvou vulk\u00e1n\u016f: Pico el Tejde (3718 m) a Pico Viejo (3134 m) a jedn\u00e1 se o t\u0159et\u00ed nejv\u011bt\u0161\u00ed sopku na sv\u011bt\u011b. Sopka byla naposledy aktivn\u00ed na po\u010d\u00e1tku 20. stolet\u00ed.<\/p>\n<p style=\"text-align: justify;\"><img loading=\"lazy\" decoding=\"async\" class=\"wp-image-1103 aligncenter\" title=\"Pico del Teide\" src=\"https:\/\/voyagegourmanddotorg.files.wordpress.com\/2015\/04\/dscn9608.jpg?w=660\" alt=\"Pico del Teide\" width=\"899\" height=\"674\"><\/p>\n<p style=\"text-align: justify;\">Barva l\u00e1vy z\u00e1vis\u00ed na jej\u00edm slo\u017een\u00ed, ale hlavn\u011b na v\u011bku. S v\u011bkem oxiduje a \u010d\u00edm star\u0161\u00ed, t\u00edm nab\u00edr\u00e1 zrzav\u00fd n\u00e1dech.<\/p>\n<p style=\"text-align: justify;\"><img loading=\"lazy\" decoding=\"async\" class=\"aligncenter wp-image-1104 \" title=\"Pico del Teide\" src=\"https:\/\/voyagegourmanddotorg.files.wordpress.com\/2015\/04\/dscn9624.jpg?w=660\" alt=\"Pico del Teide\" width=\"955\" height=\"716\"> V pokladn\u011b na lanovku se dozv\u00edd\u00e1me, \u017ee na samotn\u00fd vrchol sopky mohou jen lid\u00e9, kte\u0159\u00ed si zarezervuj\u00ed prohl\u00eddku po internetu. Jsem trochu smutn\u00e1, ale s klukama&nbsp;si \u0159\u00edk\u00e1me, \u017ee na ostrov\u011b nejsme naposledy, a \u017ee tedy p\u0159\u00ed\u0161t\u011b :). Stoup\u00e1me tedy zat\u00edm alespo\u0148 tam, kam n\u00e1s pust\u00ed lanovkou, a koch\u00e1me se kr\u00e1terem.<\/p>\n<p style=\"text-align: justify;\"><img loading=\"lazy\" decoding=\"async\" class=\"aligncenter size-large wp-image-1791\" src=\"http:\/\/1001voyagesgourmands.com\/wp-content\/uploads\/2015\/04\/DSCN9650-1024x768.jpg\" alt=\"\" width=\"1024\" height=\"768\" srcset=\"https:\/\/1001voyagesgourmands.com\/wp-content\/uploads\/2015\/04\/DSCN9650-1024x768.jpg 1024w, https:\/\/1001voyagesgourmands.com\/wp-content\/uploads\/2015\/04\/DSCN9650-300x225.jpg 300w, https:\/\/1001voyagesgourmands.com\/wp-content\/uploads\/2015\/04\/DSCN9650-768x576.jpg 768w, https:\/\/1001voyagesgourmands.com\/wp-content\/uploads\/2015\/04\/DSCN9650-1170x878.jpg 1170w, https:\/\/1001voyagesgourmands.com\/wp-content\/uploads\/2015\/04\/DSCN9650-1920x1440.jpg 1920w, https:\/\/1001voyagesgourmands.com\/wp-content\/uploads\/2015\/04\/DSCN9650-585x439.jpg 585w\" sizes=\"auto, (max-width: 1024px) 100vw, 1024px\" \/><img loading=\"lazy\" decoding=\"async\" class=\"aligncenter size-large wp-image-1793\" src=\"http:\/\/1001voyagesgourmands.com\/wp-content\/uploads\/2015\/04\/DSCN9655-1024x768.jpg\" alt=\"\" width=\"1024\" height=\"768\" srcset=\"https:\/\/1001voyagesgourmands.com\/wp-content\/uploads\/2015\/04\/DSCN9655-1024x768.jpg 1024w, https:\/\/1001voyagesgourmands.com\/wp-content\/uploads\/2015\/04\/DSCN9655-300x225.jpg 300w, https:\/\/1001voyagesgourmands.com\/wp-content\/uploads\/2015\/04\/DSCN9655-768x576.jpg 768w, https:\/\/1001voyagesgourmands.com\/wp-content\/uploads\/2015\/04\/DSCN9655-1170x878.jpg 1170w, https:\/\/1001voyagesgourmands.com\/wp-content\/uploads\/2015\/04\/DSCN9655-1920x1440.jpg 1920w, https:\/\/1001voyagesgourmands.com\/wp-content\/uploads\/2015\/04\/DSCN9655-585x439.jpg 585w\" sizes=\"auto, (max-width: 1024px) 100vw, 1024px\" \/><\/p>\n<p style=\"text-align: justify;\">Tahleta zvl\u00e1\u0161tn\u00ed rostlina je se naz\u00fdv\u00e1 latinsky&nbsp;<span style=\"color: #54c499;\"><strong>Echium wildpretii<\/strong>,<\/span>&nbsp;anglicky bugloss. Je to zdej\u0161\u00ed endemit a dor\u016fst\u00e1 a\u017e 3 metr\u016f.<\/p>\n<p style=\"text-align: justify;\"><img loading=\"lazy\" decoding=\"async\" class=\"aligncenter wp-image-1105\" src=\"https:\/\/voyagegourmanddotorg.files.wordpress.com\/2015\/04\/dscn9642.jpg?w=660\" alt=\"Echium wildpretii\" width=\"1020\" height=\"765\"> Naho\u0159e je bo\u017esky, sice trochu zima a p\u0159i popob\u011bhnut\u00ed se&nbsp;u\u017e malinko&nbsp;h\u016f\u0159 d\u00fdch\u00e1, modr\u00e1 barva oblohy se mi dost l\u00edb\u00ed a c\u00edt\u00edme se v\u0161ichni skv\u011ble.<\/p>\n<p style=\"text-align: justify;\"><img loading=\"lazy\" decoding=\"async\" class=\"aligncenter size-large wp-image-2375\" src=\"http:\/\/1001voyagesgourmands.com\/wp-content\/uploads\/2015\/04\/DSCN9706-1024x768.jpg\" alt=\"\" width=\"1024\" height=\"768\" srcset=\"https:\/\/1001voyagesgourmands.com\/wp-content\/uploads\/2015\/04\/DSCN9706-1024x768.jpg 1024w, https:\/\/1001voyagesgourmands.com\/wp-content\/uploads\/2015\/04\/DSCN9706-300x225.jpg 300w, https:\/\/1001voyagesgourmands.com\/wp-content\/uploads\/2015\/04\/DSCN9706-768x576.jpg 768w, https:\/\/1001voyagesgourmands.com\/wp-content\/uploads\/2015\/04\/DSCN9706-1170x878.jpg 1170w, https:\/\/1001voyagesgourmands.com\/wp-content\/uploads\/2015\/04\/DSCN9706-1920x1440.jpg 1920w, https:\/\/1001voyagesgourmands.com\/wp-content\/uploads\/2015\/04\/DSCN9706-585x439.jpg 585w\" sizes=\"auto, (max-width: 1024px) 100vw, 1024px\" \/><img loading=\"lazy\" decoding=\"async\" class=\"aligncenter size-large wp-image-2373\" src=\"http:\/\/1001voyagesgourmands.com\/wp-content\/uploads\/2015\/04\/DSCN9700-1024x768.jpg\" alt=\"\" width=\"1024\" height=\"768\" srcset=\"https:\/\/1001voyagesgourmands.com\/wp-content\/uploads\/2015\/04\/DSCN9700-1024x768.jpg 1024w, https:\/\/1001voyagesgourmands.com\/wp-content\/uploads\/2015\/04\/DSCN9700-300x225.jpg 300w, https:\/\/1001voyagesgourmands.com\/wp-content\/uploads\/2015\/04\/DSCN9700-768x576.jpg 768w, https:\/\/1001voyagesgourmands.com\/wp-content\/uploads\/2015\/04\/DSCN9700-1170x878.jpg 1170w, https:\/\/1001voyagesgourmands.com\/wp-content\/uploads\/2015\/04\/DSCN9700-1920x1440.jpg 1920w, https:\/\/1001voyagesgourmands.com\/wp-content\/uploads\/2015\/04\/DSCN9700-585x439.jpg 585w\" sizes=\"auto, (max-width: 1024px) 100vw, 1024px\" \/><img loading=\"lazy\" decoding=\"async\" class=\"aligncenter size-large wp-image-2377\" src=\"http:\/\/1001voyagesgourmands.com\/wp-content\/uploads\/2015\/04\/DSCN9719-1024x768.jpg\" alt=\"\" width=\"1024\" height=\"768\" srcset=\"https:\/\/1001voyagesgourmands.com\/wp-content\/uploads\/2015\/04\/DSCN9719-1024x768.jpg 1024w, https:\/\/1001voyagesgourmands.com\/wp-content\/uploads\/2015\/04\/DSCN9719-300x225.jpg 300w, https:\/\/1001voyagesgourmands.com\/wp-content\/uploads\/2015\/04\/DSCN9719-768x576.jpg 768w, https:\/\/1001voyagesgourmands.com\/wp-content\/uploads\/2015\/04\/DSCN9719-1170x878.jpg 1170w, https:\/\/1001voyagesgourmands.com\/wp-content\/uploads\/2015\/04\/DSCN9719-1920x1440.jpg 1920w, https:\/\/1001voyagesgourmands.com\/wp-content\/uploads\/2015\/04\/DSCN9719-585x439.jpg 585w\" sizes=\"auto, (max-width: 1024px) 100vw, 1024px\" \/><img loading=\"lazy\" decoding=\"async\" class=\"aligncenter size-large wp-image-2371\" src=\"http:\/\/1001voyagesgourmands.com\/wp-content\/uploads\/2015\/04\/DSCN9678-768x1024.jpg\" alt=\"\" width=\"768\" height=\"1024\" srcset=\"https:\/\/1001voyagesgourmands.com\/wp-content\/uploads\/2015\/04\/DSCN9678-768x1024.jpg 768w, https:\/\/1001voyagesgourmands.com\/wp-content\/uploads\/2015\/04\/DSCN9678-225x300.jpg 225w, https:\/\/1001voyagesgourmands.com\/wp-content\/uploads\/2015\/04\/DSCN9678-1170x1560.jpg 1170w, https:\/\/1001voyagesgourmands.com\/wp-content\/uploads\/2015\/04\/DSCN9678-1920x2560.jpg 1920w, https:\/\/1001voyagesgourmands.com\/wp-content\/uploads\/2015\/04\/DSCN9678-585x780.jpg 585w\" sizes=\"auto, (max-width: 768px) 100vw, 768px\" \/><\/p>\n<p style=\"text-align: justify;\">M\u00e1me to jen tak blizou\u010dko, p\u0159esto nem\u016f\u017eeme j\u00edt za oplocenou \u010d\u00e1st, jeliko\u017e jsme se nezaregistrovali na tom blb\u00e9m internetu. No, m\u011bli jsme si holt l\u00e9pe prostudovat ter\u00e9n p\u0159ed cestou. Pou\u010den\u00ed pro p\u0159\u00ed\u0161t\u011b!<\/p>\n<p style=\"text-align: justify;\"><img loading=\"lazy\" decoding=\"async\" class=\"aligncenter wp-image-1108\" src=\"https:\/\/voyagegourmanddotorg.files.wordpress.com\/2015\/04\/dscn9657.jpg?w=660\" alt=\"\" width=\"1131\" height=\"848\"> Nased\u00e1me do lanovky a sj\u00ed\u017ed\u00edme dol\u016f. Proj\u00ed\u017ed\u00edme d\u00e1le parkem a koch\u00e1me se m\u00edstn\u00ed &#8222;m\u011bs\u00ed\u010dn\u00ed krajinou&#8220;.<\/p>\n<p style=\"text-align: justify;\"><img loading=\"lazy\" decoding=\"async\" class=\"aligncenter size-large wp-image-2401\" src=\"http:\/\/1001voyagesgourmands.com\/wp-content\/uploads\/2015\/04\/DSCN97502-1024x768.jpg\" alt=\"DSCN9750\" width=\"1024\" height=\"768\" srcset=\"https:\/\/1001voyagesgourmands.com\/wp-content\/uploads\/2015\/04\/DSCN97502-1024x768.jpg 1024w, https:\/\/1001voyagesgourmands.com\/wp-content\/uploads\/2015\/04\/DSCN97502-300x225.jpg 300w, https:\/\/1001voyagesgourmands.com\/wp-content\/uploads\/2015\/04\/DSCN97502-768x576.jpg 768w, https:\/\/1001voyagesgourmands.com\/wp-content\/uploads\/2015\/04\/DSCN97502-1170x878.jpg 1170w, https:\/\/1001voyagesgourmands.com\/wp-content\/uploads\/2015\/04\/DSCN97502-1920x1440.jpg 1920w, https:\/\/1001voyagesgourmands.com\/wp-content\/uploads\/2015\/04\/DSCN97502-585x439.jpg 585w\" sizes=\"auto, (max-width: 1024px) 100vw, 1024px\" \/><img loading=\"lazy\" decoding=\"async\" class=\"aligncenter size-large wp-image-2403\" src=\"http:\/\/1001voyagesgourmands.com\/wp-content\/uploads\/2015\/04\/DSCN97571-1024x768.jpg\" alt=\"DSCN9757\" width=\"1024\" height=\"768\" srcset=\"https:\/\/1001voyagesgourmands.com\/wp-content\/uploads\/2015\/04\/DSCN97571-1024x768.jpg 1024w, https:\/\/1001voyagesgourmands.com\/wp-content\/uploads\/2015\/04\/DSCN97571-300x225.jpg 300w, https:\/\/1001voyagesgourmands.com\/wp-content\/uploads\/2015\/04\/DSCN97571-768x576.jpg 768w, https:\/\/1001voyagesgourmands.com\/wp-content\/uploads\/2015\/04\/DSCN97571-1170x878.jpg 1170w, https:\/\/1001voyagesgourmands.com\/wp-content\/uploads\/2015\/04\/DSCN97571-1920x1440.jpg 1920w, https:\/\/1001voyagesgourmands.com\/wp-content\/uploads\/2015\/04\/DSCN97571-585x439.jpg 585w\" sizes=\"auto, (max-width: 1024px) 100vw, 1024px\" \/><\/p>\n<p style=\"text-align: justify;\">A samoz\u0159ejm\u011b mus\u00edme zanechat stopu \ud83d\ude42<\/p>\n<p style=\"text-align: justify;\"><img loading=\"lazy\" decoding=\"async\" class=\"aligncenter wp-image-1120 \" src=\"https:\/\/voyagegourmanddotorg.files.wordpress.com\/2015\/04\/dscn9763.jpg?w=660\" alt=\"\" width=\"979\" height=\"734\"><\/p>\n<p style=\"text-align: justify;\">Pomalu kles\u00e1me a m\u00e1v\u00e1me Picu del Teide&#8230;<\/p>\n<p style=\"text-align: justify;\"><img loading=\"lazy\" decoding=\"async\" class=\"aligncenter size-large wp-image-1275\" src=\"http:\/\/1001voyagesgourmands.com\/wp-content\/uploads\/2015\/04\/dscn97772-768x1024.jpg\" alt=\"\" width=\"768\" height=\"1024\" srcset=\"https:\/\/1001voyagesgourmands.com\/wp-content\/uploads\/2015\/04\/dscn97772-768x1024.jpg 768w, https:\/\/1001voyagesgourmands.com\/wp-content\/uploads\/2015\/04\/dscn97772-225x300.jpg 225w, https:\/\/1001voyagesgourmands.com\/wp-content\/uploads\/2015\/04\/dscn97772-1170x1560.jpg 1170w, https:\/\/1001voyagesgourmands.com\/wp-content\/uploads\/2015\/04\/dscn97772-1920x2560.jpg 1920w, https:\/\/1001voyagesgourmands.com\/wp-content\/uploads\/2015\/04\/dscn97772-585x780.jpg 585w\" sizes=\"auto, (max-width: 768px) 100vw, 768px\" \/><img loading=\"lazy\" decoding=\"async\" class=\"aligncenter size-large wp-image-2387\" src=\"http:\/\/1001voyagesgourmands.com\/wp-content\/uploads\/2015\/04\/DSCN9783-1024x768.jpg\" alt=\"\" width=\"1024\" height=\"768\" srcset=\"https:\/\/1001voyagesgourmands.com\/wp-content\/uploads\/2015\/04\/DSCN9783-1024x768.jpg 1024w, https:\/\/1001voyagesgourmands.com\/wp-content\/uploads\/2015\/04\/DSCN9783-300x225.jpg 300w, https:\/\/1001voyagesgourmands.com\/wp-content\/uploads\/2015\/04\/DSCN9783-768x576.jpg 768w, https:\/\/1001voyagesgourmands.com\/wp-content\/uploads\/2015\/04\/DSCN9783-1170x878.jpg 1170w, https:\/\/1001voyagesgourmands.com\/wp-content\/uploads\/2015\/04\/DSCN9783-1920x1440.jpg 1920w, https:\/\/1001voyagesgourmands.com\/wp-content\/uploads\/2015\/04\/DSCN9783-585x439.jpg 585w\" sizes=\"auto, (max-width: 1024px) 100vw, 1024px\" \/><\/p>\n<p>&nbsp;<\/p>\n<p style=\"text-align: justify;\">P\u0159ij\u00ed\u017ed\u00edme do <span style=\"color: #54c499;\"><strong>Puerto de la Cruz<\/strong><\/span>, mal\u00e9ho m\u011bste\u010dka s hezk\u00fdm historick\u00fdm centrem.<\/p>\n<p><img loading=\"lazy\" decoding=\"async\" class=\"aligncenter size-large wp-image-1422\" src=\"http:\/\/1001voyagesgourmands.com\/wp-content\/uploads\/2015\/04\/DSCN9797-768x1024.jpg\" alt=\"DSCN9797\" width=\"768\" height=\"1024\" srcset=\"https:\/\/1001voyagesgourmands.com\/wp-content\/uploads\/2015\/04\/DSCN9797-768x1024.jpg 768w, https:\/\/1001voyagesgourmands.com\/wp-content\/uploads\/2015\/04\/DSCN9797-225x300.jpg 225w, https:\/\/1001voyagesgourmands.com\/wp-content\/uploads\/2015\/04\/DSCN9797-1170x1560.jpg 1170w, https:\/\/1001voyagesgourmands.com\/wp-content\/uploads\/2015\/04\/DSCN9797-1920x2560.jpg 1920w, https:\/\/1001voyagesgourmands.com\/wp-content\/uploads\/2015\/04\/DSCN9797-585x780.jpg 585w\" sizes=\"auto, (max-width: 768px) 100vw, 768px\" \/><\/p>\n<p style=\"text-align: justify;\">T\u0159et\u00ed den se vyd\u00e1v\u00e1me sm\u011brem na z\u00e1padn\u00ed pob\u0159e\u017e\u00ed. Cestou m\u00edj\u00edme plant\u00e1\u017ee ban\u00e1novn\u00edk\u016f. To je ban\u00e1n\u016f, \u017ee z toho d\u011blaj\u00ed i alkohol! Ve\u010der v jedn\u00e9 restauraci se n\u00e1m poda\u0159\u00ed ochutnat i ban\u00e1nov\u00fd lik\u00e9r.&nbsp;<\/p>\n<p style=\"text-align: justify;\"><img loading=\"lazy\" decoding=\"async\" class=\"aligncenter wp-image-1131\" src=\"https:\/\/voyagegourmanddotorg.files.wordpress.com\/2015\/04\/dscn9865.jpg?w=660\" alt=\"\" width=\"1051\" height=\"788\"><\/p>\n<p style=\"text-align: justify;\">&nbsp;<\/p>\n<p style=\"text-align: justify;\">Dor\u00e1\u017e\u00edme k \u00fates\u016fm, kter\u00e9 se pr\u00e1vem jmenuj\u00ed&nbsp;<span style=\"color: #dc0a39;\"><span style=\"color: #54c499;\"><strong>Los Gigantes<\/strong><\/span><span style=\"color: #000000;\">, jeliko\u017e se ty\u010d\u00ed do v\u00fd\u0161ky&nbsp;500-800 metr\u016f.<\/span><\/span><\/p>\n<p style=\"text-align: justify;\"><img loading=\"lazy\" decoding=\"async\" class=\"aligncenter wp-image-1133 \" title=\"Los Gigantes\" src=\"https:\/\/voyagegourmanddotorg.files.wordpress.com\/2015\/04\/dscn9869.jpg?w=660\" alt=\"\" width=\"1023\" height=\"767\"><\/p>\n<p style=\"text-align: justify;\">&nbsp;<\/p>\n<p style=\"text-align: justify;\">Stavujeme se v <span style=\"color: #54c499;\"><strong>Puerto Santiago<\/strong><\/span>, kde je kr\u00e1sn\u00e1 pl\u00e1\u017e s \u010dern\u00fdm p\u00edskem.<\/p>\n<p style=\"text-align: justify;\"><img loading=\"lazy\" decoding=\"async\" class=\"aligncenter wp-image-1135\" src=\"https:\/\/voyagegourmanddotorg.files.wordpress.com\/2015\/04\/dscn9885.jpg?w=660\" alt=\"Puerto Santiago\" width=\"911\" height=\"683\"><\/p>\n<p style=\"text-align: justify;\">&nbsp;<\/p>\n<p style=\"text-align: justify;\">Pokra\u010dujeme v\u00edce na jih k vyhl\u00e1\u0161en\u00fdm pl\u00e1\u017e\u00edm <span style=\"color: #54c499;\"><strong>Los Cristianos<\/strong><\/span> a <span style=\"color: #dc0a39;\"><span style=\"color: #54c499;\"><strong>Las Americas<\/strong><\/span><span style=\"color: #000000;\">, kde str\u00e1v\u00edme zbytek odpoledne plav\u00e1n\u00edm.<\/span><\/span><\/p>\n<p style=\"text-align: justify;\"><img loading=\"lazy\" decoding=\"async\" class=\"aligncenter size-large wp-image-2389\" src=\"http:\/\/1001voyagesgourmands.com\/wp-content\/uploads\/2015\/04\/DSCN98881-1024x768.jpg\" alt=\"\" width=\"1024\" height=\"768\" srcset=\"https:\/\/1001voyagesgourmands.com\/wp-content\/uploads\/2015\/04\/DSCN98881-1024x768.jpg 1024w, https:\/\/1001voyagesgourmands.com\/wp-content\/uploads\/2015\/04\/DSCN98881-300x225.jpg 300w, https:\/\/1001voyagesgourmands.com\/wp-content\/uploads\/2015\/04\/DSCN98881-768x576.jpg 768w, https:\/\/1001voyagesgourmands.com\/wp-content\/uploads\/2015\/04\/DSCN98881-1170x878.jpg 1170w, https:\/\/1001voyagesgourmands.com\/wp-content\/uploads\/2015\/04\/DSCN98881-1920x1440.jpg 1920w, https:\/\/1001voyagesgourmands.com\/wp-content\/uploads\/2015\/04\/DSCN98881-585x439.jpg 585w\" sizes=\"auto, (max-width: 1024px) 100vw, 1024px\" \/><img loading=\"lazy\" decoding=\"async\" class=\"aligncenter size-large wp-image-2391\" src=\"http:\/\/1001voyagesgourmands.com\/wp-content\/uploads\/2015\/04\/DSCN98911-1024x768.jpg\" alt=\"\" width=\"1024\" height=\"768\" srcset=\"https:\/\/1001voyagesgourmands.com\/wp-content\/uploads\/2015\/04\/DSCN98911-1024x768.jpg 1024w, https:\/\/1001voyagesgourmands.com\/wp-content\/uploads\/2015\/04\/DSCN98911-300x225.jpg 300w, https:\/\/1001voyagesgourmands.com\/wp-content\/uploads\/2015\/04\/DSCN98911-768x576.jpg 768w, https:\/\/1001voyagesgourmands.com\/wp-content\/uploads\/2015\/04\/DSCN98911-1170x878.jpg 1170w, https:\/\/1001voyagesgourmands.com\/wp-content\/uploads\/2015\/04\/DSCN98911-1920x1440.jpg 1920w, https:\/\/1001voyagesgourmands.com\/wp-content\/uploads\/2015\/04\/DSCN98911-585x439.jpg 585w\" sizes=\"auto, (max-width: 1024px) 100vw, 1024px\" \/><\/p>\n<p style=\"text-align: justify;\">Na\u0161e posledn\u00ed ve\u010de\u0159e je v restauraci bl\u00edzko hotelu, kde si d\u00e1v\u00e1me sangrii a rol\u00e1du ze sole se zeleninou a r\u00fd\u017e\u00ed. Mus\u00edm \u0159\u00edci, \u017ee m\u011b zdej\u0161\u00ed pobyt nau\u010dil j\u00edst ryby a dnes si je b\u011b\u017en\u011b d\u00e1v\u00e1m v restaurac\u00edch, pokud nemaj\u00ed n\u011bco dobr\u00e9ho bezmas\u00e9ho.<\/p>\n<p style=\"text-align: justify;\"><img loading=\"lazy\" decoding=\"async\" class=\"aligncenter size-large wp-image-2393\" src=\"http:\/\/1001voyagesgourmands.com\/wp-content\/uploads\/2015\/04\/DSCN9974-1024x768.jpg\" alt=\"\" width=\"1024\" height=\"768\" srcset=\"https:\/\/1001voyagesgourmands.com\/wp-content\/uploads\/2015\/04\/DSCN9974-1024x768.jpg 1024w, https:\/\/1001voyagesgourmands.com\/wp-content\/uploads\/2015\/04\/DSCN9974-300x225.jpg 300w, https:\/\/1001voyagesgourmands.com\/wp-content\/uploads\/2015\/04\/DSCN9974-768x576.jpg 768w, https:\/\/1001voyagesgourmands.com\/wp-content\/uploads\/2015\/04\/DSCN9974-1170x878.jpg 1170w, https:\/\/1001voyagesgourmands.com\/wp-content\/uploads\/2015\/04\/DSCN9974-1920x1440.jpg 1920w, https:\/\/1001voyagesgourmands.com\/wp-content\/uploads\/2015\/04\/DSCN9974-585x439.jpg 585w\" sizes=\"auto, (max-width: 1024px) 100vw, 1024px\" \/><\/p>\n<p>&nbsp;<\/p>\n<p>Posledn\u00ed den p\u0159ed odletem z\u016fst\u00e1v\u00e1me nedaleko hotelu, na pl\u00e1\u017ei <span style=\"color: #54c499;\"><strong>El M\u00e9dano<\/strong><\/span>, s v\u00fdhledem na horu <span style=\"color: #dc0a39;\"><span style=\"color: #54c499;\"><strong>La Monta\u0148a Roja. <\/strong><\/span><span style=\"color: #000000;\">Dost fouk\u00e1 v\u00edtr a ul\u00edt\u00e1vaj\u00ed n\u00e1m v\u011bci, tak\u017ee je sranda.&nbsp;Z pl\u00e1\u017ee je vid\u011bt na leti\u0161t\u011b, nad kter\u00fdm se m\u00edjej\u00ed p\u0159ist\u00e1vaj\u00edc\u00ed a odl\u00e9t\u00e1vaj\u00edc\u00ed letadla. Ve\u010der dojde na n\u00e1s&#8230;<\/span><\/span><\/p>\n<p style=\"text-align: justify;\"><img loading=\"lazy\" decoding=\"async\" class=\"aligncenter wp-image-1138\" src=\"https:\/\/voyagegourmanddotorg.files.wordpress.com\/2015\/04\/dscn9954.jpg?w=660\" alt=\"El Medano\" width=\"1024\" height=\"768\"><\/p>\n<p style=\"text-align: justify;\">Odj\u00ed\u017ed\u00edme na hotel pro bag\u00e1\u017e a d\u00e1v\u00e1me na n\u011bjak\u00fd \u010das sbohem slunci, modr\u00e9 obloze, palm\u00e1m, aloe vera a kaktus\u016fm po cest\u011b. Vzl\u00e9t\u00e1me a v\u0161ichni t\u0159i v\u00edme, \u017ee se jednou vr\u00e1t\u00edme a prob\u00e1d\u00e1me ostrov l\u00e9pe.<\/p>\n<p><img loading=\"lazy\" decoding=\"async\" class=\"aligncenter wp-image-1403\" src=\"http:\/\/1001voyagesgourmands.com\/wp-content\/uploads\/2015\/04\/DSCN9996-1024x768.jpg\" alt=\"DSCN9996\" width=\"919\" height=\"689\" srcset=\"https:\/\/1001voyagesgourmands.com\/wp-content\/uploads\/2015\/04\/DSCN9996-1024x768.jpg 1024w, https:\/\/1001voyagesgourmands.com\/wp-content\/uploads\/2015\/04\/DSCN9996-300x225.jpg 300w, https:\/\/1001voyagesgourmands.com\/wp-content\/uploads\/2015\/04\/DSCN9996-768x576.jpg 768w, https:\/\/1001voyagesgourmands.com\/wp-content\/uploads\/2015\/04\/DSCN9996-1170x878.jpg 1170w, https:\/\/1001voyagesgourmands.com\/wp-content\/uploads\/2015\/04\/DSCN9996-1920x1440.jpg 1920w, https:\/\/1001voyagesgourmands.com\/wp-content\/uploads\/2015\/04\/DSCN9996-585x439.jpg 585w\" sizes=\"auto, (max-width: 919px) 100vw, 919px\" \/><\/p>\n<p><em>Za p\u00e1r fotek d\u011bkuji tak\u00e9 kamar\u00e1dovi Pavlovi \ud83d\ude42<\/em><\/p>\n","protected":false},"excerpt":{"rendered":"<p>To bylo takhle jednou na ja\u0159e&#8230; sedli jsme si se dv\u011bma kamar\u00e1dy, co by n\u011bkam jeli na p\u00e1r dn\u00ed, kdy\u017e m\u00e1me v kv\u011btnu voln\u00e9 4 dny. Bylo n\u00e1m celkem fuk kam, prost\u011b jsme cht\u011bli vypadnout n\u011bkam do hezk\u00e9 p\u0159\u00edrody a objevit nov\u00fd kout sv\u011bta. Vy\u0161lo z toho Tenerife. Tenerife je&hellip;<\/p>\n","protected":false},"author":1,"featured_media":2395,"comment_status":"open","ping_status":"open","sticky":false,"template":"","format":"standard","meta":{"_exactmetrics_skip_tracking":false,"_exactmetrics_sitenote_active":false,"_exactmetrics_sitenote_note":"","_exactmetrics_sitenote_category":0,"_lmt_disableupdate":"","_lmt_disable":"","footnotes":""},"categories":[4,18],"tags":[203,372],"class_list":["post-1086","post","type-post","status-publish","format-standard","has-post-thumbnail","hentry","category-cestovani","category-spanelsko","tag-spanelsko","tag-vylety-do-prirody"],"yoast_head":"<!-- This site is optimized with the Yoast SEO plugin v26.1.1 - https:\/\/yoast.com\/wordpress\/plugins\/seo\/ -->\n<title>Tenerife - na vrchol nejvy\u0161\u0161\u00edho bodu \u0160pan\u011blska - 1001 Voyages Gourmands<\/title>\n<meta name=\"robots\" content=\"index, follow, max-snippet:-1, max-image-preview:large, max-video-preview:-1\" \/>\n<link rel=\"canonical\" href=\"https:\/\/1001voyagesgourmands.com\/cs\/tenerife-na-vrchol-nejvyssiho-bodu-spanelska\/\" \/>\n<meta property=\"og:locale\" content=\"cs_CZ\" \/>\n<meta property=\"og:type\" content=\"article\" \/>\n<meta property=\"og:title\" content=\"Tenerife - na vrchol nejvy\u0161\u0161\u00edho bodu \u0160pan\u011blska - 1001 Voyages Gourmands\" \/>\n<meta property=\"og:description\" content=\"To bylo takhle jednou na ja\u0159e&#8230; sedli jsme si se dv\u011bma kamar\u00e1dy, co by n\u011bkam jeli na p\u00e1r dn\u00ed, kdy\u017e m\u00e1me v kv\u011btnu voln\u00e9 4 dny. Bylo n\u00e1m celkem fuk kam, prost\u011b jsme cht\u011bli vypadnout n\u011bkam do hezk\u00e9 p\u0159\u00edrody a objevit nov\u00fd kout sv\u011bta. Vy\u0161lo z toho Tenerife. Tenerife je&hellip;\" \/>\n<meta property=\"og:url\" content=\"https:\/\/1001voyagesgourmands.com\/cs\/tenerife-na-vrchol-nejvyssiho-bodu-spanelska\/\" \/>\n<meta property=\"og:site_name\" content=\"1001 Voyages Gourmands\" \/>\n<meta property=\"article:publisher\" content=\"https:\/\/www.facebook.com\/1001voyagesgourmands\" \/>\n<meta property=\"article:published_time\" content=\"2015-04-12T21:13:04+00:00\" \/>\n<meta property=\"article:modified_time\" content=\"2016-04-26T21:53:15+00:00\" \/>\n<meta property=\"og:image\" content=\"https:\/\/1001voyagesgourmands.com\/wp-content\/uploads\/2015\/04\/DSCN9657-1024x768.jpg\" \/>\n\t<meta property=\"og:image:width\" content=\"1024\" \/>\n\t<meta property=\"og:image:height\" content=\"768\" \/>\n\t<meta property=\"og:image:type\" content=\"image\/jpeg\" \/>\n<meta name=\"author\" content=\"Michaela\" \/>\n<meta name=\"twitter:card\" content=\"summary_large_image\" \/>\n<meta name=\"twitter:creator\" content=\"@michaela_1001vg\" \/>\n<meta name=\"twitter:site\" content=\"@michaela_1001vg\" \/>\n<meta name=\"twitter:label1\" content=\"Napsal(a)\" \/>\n\t<meta name=\"twitter:data1\" content=\"Michaela\" \/>\n\t<meta name=\"twitter:label2\" content=\"Odhadovan\u00e1 doba \u010dten\u00ed\" \/>\n\t<meta name=\"twitter:data2\" content=\"6 minut\" \/>\n<script type=\"application\/ld+json\" class=\"yoast-schema-graph\">{\"@context\":\"https:\/\/schema.org\",\"@graph\":[{\"@type\":\"WebPage\",\"@id\":\"https:\/\/1001voyagesgourmands.com\/cs\/tenerife-na-vrchol-nejvyssiho-bodu-spanelska\/\",\"url\":\"https:\/\/1001voyagesgourmands.com\/cs\/tenerife-na-vrchol-nejvyssiho-bodu-spanelska\/\",\"name\":\"Tenerife - na vrchol nejvy\u0161\u0161\u00edho bodu \u0160pan\u011blska - 1001 Voyages Gourmands\",\"isPartOf\":{\"@id\":\"https:\/\/1001voyagesgourmands.com\/cs\/#website\"},\"primaryImageOfPage\":{\"@id\":\"https:\/\/1001voyagesgourmands.com\/cs\/tenerife-na-vrchol-nejvyssiho-bodu-spanelska\/#primaryimage\"},\"image\":{\"@id\":\"https:\/\/1001voyagesgourmands.com\/cs\/tenerife-na-vrchol-nejvyssiho-bodu-spanelska\/#primaryimage\"},\"thumbnailUrl\":\"https:\/\/1001voyagesgourmands.com\/wp-content\/uploads\/2015\/04\/DSCN9657.jpg\",\"datePublished\":\"2015-04-12T21:13:04+00:00\",\"dateModified\":\"2016-04-26T21:53:15+00:00\",\"author\":{\"@id\":\"https:\/\/1001voyagesgourmands.com\/cs\/#\/schema\/person\/62e0e7238fcf7482b23bf83e1b72ff1b\"},\"breadcrumb\":{\"@id\":\"https:\/\/1001voyagesgourmands.com\/cs\/tenerife-na-vrchol-nejvyssiho-bodu-spanelska\/#breadcrumb\"},\"inLanguage\":\"cs\",\"potentialAction\":[{\"@type\":\"ReadAction\",\"target\":[\"https:\/\/1001voyagesgourmands.com\/cs\/tenerife-na-vrchol-nejvyssiho-bodu-spanelska\/\"]}]},{\"@type\":\"ImageObject\",\"inLanguage\":\"cs\",\"@id\":\"https:\/\/1001voyagesgourmands.com\/cs\/tenerife-na-vrchol-nejvyssiho-bodu-spanelska\/#primaryimage\",\"url\":\"https:\/\/1001voyagesgourmands.com\/wp-content\/uploads\/2015\/04\/DSCN9657.jpg\",\"contentUrl\":\"https:\/\/1001voyagesgourmands.com\/wp-content\/uploads\/2015\/04\/DSCN9657.jpg\",\"width\":4000,\"height\":3000},{\"@type\":\"BreadcrumbList\",\"@id\":\"https:\/\/1001voyagesgourmands.com\/cs\/tenerife-na-vrchol-nejvyssiho-bodu-spanelska\/#breadcrumb\",\"itemListElement\":[{\"@type\":\"ListItem\",\"position\":1,\"name\":\"Dom\u016f\",\"item\":\"https:\/\/1001voyagesgourmands.com\/cs\/\"},{\"@type\":\"ListItem\",\"position\":2,\"name\":\"Tenerife &#8211; na vrchol nejvy\u0161\u0161\u00edho bodu \u0160pan\u011blska\"}]},{\"@type\":\"WebSite\",\"@id\":\"https:\/\/1001voyagesgourmands.com\/cs\/#website\",\"url\":\"https:\/\/1001voyagesgourmands.com\/cs\/\",\"name\":\"1001 Voyages Gourmands\",\"description\":\"Food | Travel | Photography\",\"potentialAction\":[{\"@type\":\"SearchAction\",\"target\":{\"@type\":\"EntryPoint\",\"urlTemplate\":\"https:\/\/1001voyagesgourmands.com\/cs\/?s={search_term_string}\"},\"query-input\":{\"@type\":\"PropertyValueSpecification\",\"valueRequired\":true,\"valueName\":\"search_term_string\"}}],\"inLanguage\":\"cs\"},{\"@type\":\"Person\",\"@id\":\"https:\/\/1001voyagesgourmands.com\/cs\/#\/schema\/person\/62e0e7238fcf7482b23bf83e1b72ff1b\",\"name\":\"Michaela\",\"image\":{\"@type\":\"ImageObject\",\"inLanguage\":\"cs\",\"@id\":\"https:\/\/1001voyagesgourmands.com\/cs\/#\/schema\/person\/image\/\",\"url\":\"https:\/\/secure.gravatar.com\/avatar\/73fa562a5b0ce269ca480f67de504b8ecac054a121d170e226f1b79e02024cb8?s=96&d=mm&r=g\",\"contentUrl\":\"https:\/\/secure.gravatar.com\/avatar\/73fa562a5b0ce269ca480f67de504b8ecac054a121d170e226f1b79e02024cb8?s=96&d=mm&r=g\",\"caption\":\"Michaela\"},\"sameAs\":[\"http:\/\/1001voyagesgourmands.com\"]}]}<\/script>\n<!-- \/ Yoast SEO plugin. -->","yoast_head_json":{"title":"Tenerife - na vrchol nejvy\u0161\u0161\u00edho bodu \u0160pan\u011blska - 1001 Voyages Gourmands","robots":{"index":"index","follow":"follow","max-snippet":"max-snippet:-1","max-image-preview":"max-image-preview:large","max-video-preview":"max-video-preview:-1"},"canonical":"https:\/\/1001voyagesgourmands.com\/cs\/tenerife-na-vrchol-nejvyssiho-bodu-spanelska\/","og_locale":"cs_CZ","og_type":"article","og_title":"Tenerife - na vrchol nejvy\u0161\u0161\u00edho bodu \u0160pan\u011blska - 1001 Voyages Gourmands","og_description":"To bylo takhle jednou na ja\u0159e&#8230; sedli jsme si se dv\u011bma kamar\u00e1dy, co by n\u011bkam jeli na p\u00e1r dn\u00ed, kdy\u017e m\u00e1me v kv\u011btnu voln\u00e9 4 dny. Bylo n\u00e1m celkem fuk kam, prost\u011b jsme cht\u011bli vypadnout n\u011bkam do hezk\u00e9 p\u0159\u00edrody a objevit nov\u00fd kout sv\u011bta. Vy\u0161lo z toho Tenerife. Tenerife je&hellip;","og_url":"https:\/\/1001voyagesgourmands.com\/cs\/tenerife-na-vrchol-nejvyssiho-bodu-spanelska\/","og_site_name":"1001 Voyages Gourmands","article_publisher":"https:\/\/www.facebook.com\/1001voyagesgourmands","article_published_time":"2015-04-12T21:13:04+00:00","article_modified_time":"2016-04-26T21:53:15+00:00","og_image":[{"width":1024,"height":768,"url":"https:\/\/1001voyagesgourmands.com\/wp-content\/uploads\/2015\/04\/DSCN9657-1024x768.jpg","type":"image\/jpeg"}],"author":"Michaela","twitter_card":"summary_large_image","twitter_creator":"@michaela_1001vg","twitter_site":"@michaela_1001vg","twitter_misc":{"Napsal(a)":"Michaela","Odhadovan\u00e1 doba \u010dten\u00ed":"6 minut"},"schema":{"@context":"https:\/\/schema.org","@graph":[{"@type":"WebPage","@id":"https:\/\/1001voyagesgourmands.com\/cs\/tenerife-na-vrchol-nejvyssiho-bodu-spanelska\/","url":"https:\/\/1001voyagesgourmands.com\/cs\/tenerife-na-vrchol-nejvyssiho-bodu-spanelska\/","name":"Tenerife - na vrchol nejvy\u0161\u0161\u00edho bodu \u0160pan\u011blska - 1001 Voyages Gourmands","isPartOf":{"@id":"https:\/\/1001voyagesgourmands.com\/cs\/#website"},"primaryImageOfPage":{"@id":"https:\/\/1001voyagesgourmands.com\/cs\/tenerife-na-vrchol-nejvyssiho-bodu-spanelska\/#primaryimage"},"image":{"@id":"https:\/\/1001voyagesgourmands.com\/cs\/tenerife-na-vrchol-nejvyssiho-bodu-spanelska\/#primaryimage"},"thumbnailUrl":"https:\/\/1001voyagesgourmands.com\/wp-content\/uploads\/2015\/04\/DSCN9657.jpg","datePublished":"2015-04-12T21:13:04+00:00","dateModified":"2016-04-26T21:53:15+00:00","author":{"@id":"https:\/\/1001voyagesgourmands.com\/cs\/#\/schema\/person\/62e0e7238fcf7482b23bf83e1b72ff1b"},"breadcrumb":{"@id":"https:\/\/1001voyagesgourmands.com\/cs\/tenerife-na-vrchol-nejvyssiho-bodu-spanelska\/#breadcrumb"},"inLanguage":"cs","potentialAction":[{"@type":"ReadAction","target":["https:\/\/1001voyagesgourmands.com\/cs\/tenerife-na-vrchol-nejvyssiho-bodu-spanelska\/"]}]},{"@type":"ImageObject","inLanguage":"cs","@id":"https:\/\/1001voyagesgourmands.com\/cs\/tenerife-na-vrchol-nejvyssiho-bodu-spanelska\/#primaryimage","url":"https:\/\/1001voyagesgourmands.com\/wp-content\/uploads\/2015\/04\/DSCN9657.jpg","contentUrl":"https:\/\/1001voyagesgourmands.com\/wp-content\/uploads\/2015\/04\/DSCN9657.jpg","width":4000,"height":3000},{"@type":"BreadcrumbList","@id":"https:\/\/1001voyagesgourmands.com\/cs\/tenerife-na-vrchol-nejvyssiho-bodu-spanelska\/#breadcrumb","itemListElement":[{"@type":"ListItem","position":1,"name":"Dom\u016f","item":"https:\/\/1001voyagesgourmands.com\/cs\/"},{"@type":"ListItem","position":2,"name":"Tenerife &#8211; na vrchol nejvy\u0161\u0161\u00edho bodu \u0160pan\u011blska"}]},{"@type":"WebSite","@id":"https:\/\/1001voyagesgourmands.com\/cs\/#website","url":"https:\/\/1001voyagesgourmands.com\/cs\/","name":"1001 Voyages Gourmands","description":"Food | Travel | Photography","potentialAction":[{"@type":"SearchAction","target":{"@type":"EntryPoint","urlTemplate":"https:\/\/1001voyagesgourmands.com\/cs\/?s={search_term_string}"},"query-input":{"@type":"PropertyValueSpecification","valueRequired":true,"valueName":"search_term_string"}}],"inLanguage":"cs"},{"@type":"Person","@id":"https:\/\/1001voyagesgourmands.com\/cs\/#\/schema\/person\/62e0e7238fcf7482b23bf83e1b72ff1b","name":"Michaela","image":{"@type":"ImageObject","inLanguage":"cs","@id":"https:\/\/1001voyagesgourmands.com\/cs\/#\/schema\/person\/image\/","url":"https:\/\/secure.gravatar.com\/avatar\/73fa562a5b0ce269ca480f67de504b8ecac054a121d170e226f1b79e02024cb8?s=96&d=mm&r=g","contentUrl":"https:\/\/secure.gravatar.com\/avatar\/73fa562a5b0ce269ca480f67de504b8ecac054a121d170e226f1b79e02024cb8?s=96&d=mm&r=g","caption":"Michaela"},"sameAs":["http:\/\/1001voyagesgourmands.com"]}]}},"_links":{"self":[{"href":"https:\/\/1001voyagesgourmands.com\/cs\/wp-json\/wp\/v2\/posts\/1086","targetHints":{"allow":["GET"]}}],"collection":[{"href":"https:\/\/1001voyagesgourmands.com\/cs\/wp-json\/wp\/v2\/posts"}],"about":[{"href":"https:\/\/1001voyagesgourmands.com\/cs\/wp-json\/wp\/v2\/types\/post"}],"author":[{"embeddable":true,"href":"https:\/\/1001voyagesgourmands.com\/cs\/wp-json\/wp\/v2\/users\/1"}],"replies":[{"embeddable":true,"href":"https:\/\/1001voyagesgourmands.com\/cs\/wp-json\/wp\/v2\/comments?post=1086"}],"version-history":[{"count":0,"href":"https:\/\/1001voyagesgourmands.com\/cs\/wp-json\/wp\/v2\/posts\/1086\/revisions"}],"wp:featuredmedia":[{"embeddable":true,"href":"https:\/\/1001voyagesgourmands.com\/cs\/wp-json\/wp\/v2\/media\/2395"}],"wp:attachment":[{"href":"https:\/\/1001voyagesgourmands.com\/cs\/wp-json\/wp\/v2\/media?parent=1086"}],"wp:term":[{"taxonomy":"category","embeddable":true,"href":"https:\/\/1001voyagesgourmands.com\/cs\/wp-json\/wp\/v2\/categories?post=1086"},{"taxonomy":"post_tag","embeddable":true,"href":"https:\/\/1001voyagesgourmands.com\/cs\/wp-json\/wp\/v2\/tags?post=1086"}],"curies":[{"name":"wp","href":"https:\/\/api.w.org\/{rel}","templated":true}]}}